{"id":22393,"date":"2026-09-03T12:00:26","date_gmt":"2026-09-03T10:00:26","guid":{"rendered":"https:\/\/kelensc.hu\/?p=22393"},"modified":"2026-09-03T12:28:34","modified_gmt":"2026-09-03T10:28:34","slug":"az-oszi-szunetben-is-var-a-kelen","status":"publish","type":"post","link":"https:\/\/kelensc.hu\/index.php\/az-oszi-szunetben-is-var-a-kelen\/","title":{"rendered":"AZ \u0150SZI SZ\u00dcNETBEN IS V\u00c1R A KELEN!"},"content":{"rendered":"<h5>Minden id\u0151k legsikeresebb ny\u00e1ri t\u00e1bor\u00e1t k\u00f6vet\u0151en felvet\u0151d\u00f6tt benn\u00fcnk a gondolat: mi\u00e9rt v\u00e1rn\u00e1nk a k\u00f6vetkez\u0151 ny\u00e1rig, ha az \u0151szi sz\u00fcnetet is egy\u00fctt t\u00f6lthetj\u00fck \u2013 focival, programokkal \u00e9s rengeteg k\u00f6z\u00f6s \u00e9lm\u00e9nnyel a Kelen p\u00e1ly\u00e1n.<\/h5>\n<p><img decoding=\"async\" loading=\"lazy\" class=\"alignright wp-image-22394 size-medium\" src=\"https:\/\/kelensc.hu\/wp-content\/uploads\/2026\/09\/Plakat-640x800.png\" alt=\"\" width=\"640\" height=\"800\" srcset=\"https:\/\/kelensc.hu\/wp-content\/uploads\/2026\/09\/Plakat-640x800.png 640w, https:\/\/kelensc.hu\/wp-content\/uploads\/2026\/09\/Plakat-768x960.png 768w, https:\/\/kelensc.hu\/wp-content\/uploads\/2026\/09\/Plakat-240x300.png 240w, https:\/\/kelensc.hu\/wp-content\/uploads\/2026\/09\/Plakat-102x128.png 102w, https:\/\/kelensc.hu\/wp-content\/uploads\/2026\/09\/Plakat-26x32.png 26w, https:\/\/kelensc.hu\/wp-content\/uploads\/2026\/09\/Plakat-320x400.png 320w, https:\/\/kelensc.hu\/wp-content\/uploads\/2026\/09\/Plakat-382x478.png 382w, https:\/\/kelensc.hu\/wp-content\/uploads\/2026\/09\/Plakat-641x801.png 641w, https:\/\/kelensc.hu\/wp-content\/uploads\/2026\/09\/Plakat.png 1080w\" sizes=\"(max-width: 640px) 100vw, 640px\" \/><\/p>\n<p>Ez\u00e9rt okt\u00f3ber 26\u201330. k\u00f6z\u00f6tt meghirdetj\u00fck \u00f6tnapos \u0151szi t\u00e1borunkat, ahov\u00e1 minden 2013 \u00e9s 2021 k\u00f6z\u00f6tt sz\u00fcletett gyermeket szeretettel v\u00e1runk!<\/p>\n<p>Az \u00f6t nap sor\u00e1n a r\u00e9sztvev\u0151kre napi k\u00e9t edz\u00e9s, szakmai \u00e9s sz\u00f3rakoztat\u00f3 programok, k\u00f6z\u00f6s \u00e9tkez\u00e9sek, valamint egy k\u00fcl\u00f6nleges, Bajnokok Lig\u00e1ja-tematik\u00e1j\u00fa h\u00e9t v\u00e1r mini bajnoks\u00e1gokkal.<\/p>\n<p>Ak\u00e1r vel\u00fcnk t\u00f6lt\u00f6tted a nyarat, ak\u00e1r most csatlakozn\u00e1l el\u0151sz\u00f6r, egy biztos: ez\u00fattal is felejthetetlen \u00e9lm\u00e9nyekkel, izgalmas kih\u00edv\u00e1sokkal \u00e9s rengeteg focival k\u00e9sz\u00fcl\u00fcnk!<\/p>\n<p><strong>A t\u00e1bor legfontosabb inform\u00e1ci\u00f3i<\/strong><\/p>\n<p><strong>Id\u0151pont:<\/strong> 2026. okt\u00f3ber 26\u201330. (h\u00e9tf\u0151t\u0151l p\u00e9ntekig)<br \/>\n<strong>Napi program:<\/strong> 8:00\u201316:00<br \/>\n<strong>Koroszt\u00e1ly:<\/strong> 2013\u20132021 k\u00f6z\u00f6tt sz\u00fcletett gyermekek<br \/>\n<strong>Helysz\u00edn:<\/strong> Kelen SC Sporttelep, 1116 Budapest, Hunyadi M\u00e1ty\u00e1s \u00fat 56.<\/p>\n<p><strong>R\u00e9szv\u00e9teli d\u00edj<\/strong><\/p>\n<p><strong>Norm\u00e1l r\u00e9szv\u00e9teli d\u00edj:<\/strong> 49 000 Ft\/f\u0151<br \/>\n<strong>Testv\u00e9rkedvezm\u00e9nyes r\u00e9szv\u00e9teli d\u00edj:<\/strong> 46 000 Ft\/f\u0151<\/p>\n<p><strong>Befizet\u00e9si inform\u00e1ci\u00f3k<\/strong><\/p>\n<p class=\"isSelectedEnd\">A r\u00e9szv\u00e9teli d\u00edj \u00e1tutal\u00e1ssal rendezhet\u0151, legk\u00e9s\u0151bb <strong>2026. okt\u00f3ber 10-ig<\/strong>.<\/p>\n<p class=\"isSelectedEnd\"><strong>Kedvezm\u00e9nyezett:<\/strong> Kelen SC<br \/>\n<strong>Banksz\u00e1mlasz\u00e1m:<\/strong> <strong>11711034-20024664<\/strong><br \/>\n<strong>K\u00f6zlem\u00e9ny:<\/strong> a gyermek neve \u00e9s sz\u00fclet\u00e9si \u00e9ve<\/p>\n<p>Fontos, hogy a k\u00f6zlem\u00e9nyben mindk\u00e9t adat szerepeljen. A jelentkez\u00e9s a befizet\u00e9s be\u00e9rkez\u00e9se ut\u00e1n v\u00e1lik v\u00e9glegess\u00e9.<\/p>\n<p><strong>Mit tartalmaz a t\u00e1bor d\u00edja?<\/strong><\/p>\n<ul data-spread=\"false\">\n<li>\u00d6tnapos, intenz\u00edv \u0151szi edz\u0151t\u00e1bor a Kelen szakmai st\u00e1bj\u00e1nak vezet\u00e9s\u00e9vel<\/li>\n<li>Naponta k\u00e9t edz\u00e9s, eg\u00e9sz napos programmal 8:00 \u00e9s 16:00 k\u00f6z\u00f6tt<\/li>\n<li>Napi \u00e9tkez\u00e9s: eb\u00e9d \u00e9s uzsonna<\/li>\n<li>Kieg\u00e9sz\u00edt\u0151 szakmai \u00e9s sz\u00f3rakoztat\u00f3 programok<\/li>\n<li>Bajnokok Lig\u00e1ja-tematik\u00e1j\u00fa h\u00e9t, saj\u00e1t mini Bajnokok Lig\u00e1j\u00e1val<\/li>\n<\/ul>\n<p><strong>A jelentkez\u00e9s menete<\/strong><\/p>\n<p>A Kelen \u0151szi t\u00e1bor\u00e1ba az online jelentkez\u00e9si \u0171rlap kit\u00f6lt\u00e9s\u00e9vel \u00e9s bek\u00fcld\u00e9s\u00e9vel lehet regisztr\u00e1lni.<\/p>\n<p><strong>Jelentkezni az al\u00e1bbi Google-\u0171rlap kit\u00f6lt\u00e9s\u00e9vel lehet:<\/strong><br \/>\n<strong><a href=\"https:\/\/forms.gle\/D2KdmYPmsmGB7iV58\" target=\"_blank\" rel=\"noopener\">https:\/\/forms.gle\/D2KdmYPmsmGB7iV58<\/a><\/strong><\/p>\n<p>A sikeres regisztr\u00e1ci\u00f3t k\u00f6vet\u0151en automatikus visszaigazol\u00f3 e-mailt k\u00fcld\u00fcnk. A jelentkez\u00e9s a r\u00e9szv\u00e9teli d\u00edj be\u00e9rkez\u00e9se ut\u00e1n v\u00e1lik v\u00e9glegess\u00e9.<\/p>\n<p class=\"isSelectedEnd\"><strong>K\u00e9rd\u00e9s eset\u00e9n \u00edrjatok nek\u00fcnk bizalommal az al\u00e1bbi e-mail-c\u00edmen:<\/strong><\/p>\n<p><a href=\"mailto:kelenscoszitabor@gmail.com\">kelenscoszitabor@gmail.com<\/a><\/p>\n<p><strong>Jelentkezzetek min\u00e9l hamarabb, \u00e9s t\u00f6lts\u00fck egy\u00fctt az \u0151szi sz\u00fcnetet is \u2013 term\u00e9szetesen focival!<\/strong><\/p>\n","protected":false},"excerpt":{"rendered":"<p>Minden id\u0151k legsikeresebb ny\u00e1ri t\u00e1bor\u00e1t k\u00f6vet\u0151en felvet\u0151d\u00f6tt benn\u00fcnk a gondolat: mi\u00e9rt v\u00e1rn\u00e1nk a k\u00f6vetkez\u0151 ny\u00e1rig, ha az \u0151szi sz\u00fcnetet is egy\u00fctt t\u00f6lthetj\u00fck \u2013 focival, programokkal \u00e9s rengeteg k\u00f6z\u00f6s \u00e9lm\u00e9nnyel a Kelen p\u00e1ly\u00e1n. Ez\u00e9rt okt\u00f3ber 26\u201330. k\u00f6z\u00f6tt meghirdetj\u00fck \u00f6tnapos \u0151szi t\u00e1borunkat, ahov\u00e1 minden 2013 \u00e9s 2021 k\u00f6z\u00f6tt sz\u00fcletett gyermeket szeretettel v\u00e1runk! Az \u00f6t nap sor\u00e1n a&#8230;<\/p>\n","protected":false},"author":1386,"featured_media":22394,"comment_status":"closed","ping_status":"closed","sticky":false,"template":"","format":"standard","meta":{"inline_featured_image":false,"_exactmetrics_skip_tracking":false,"footnotes":""},"categories":[1,51,66],"tags":[],"_links":{"self":[{"href":"https:\/\/kelensc.hu\/index.php\/wp-json\/wp\/v2\/posts\/22393"}],"collection":[{"href":"https:\/\/kelensc.hu\/index.php\/wp-json\/wp\/v2\/posts"}],"about":[{"href":"https:\/\/kelensc.hu\/index.php\/wp-json\/wp\/v2\/types\/post"}],"author":[{"embeddable":true,"href":"https:\/\/kelensc.hu\/index.php\/wp-json\/wp\/v2\/users\/1386"}],"replies":[{"embeddable":true,"href":"https:\/\/kelensc.hu\/index.php\/wp-json\/wp\/v2\/comments?post=22393"}],"version-history":[{"count":11,"href":"https:\/\/kelensc.hu\/index.php\/wp-json\/wp\/v2\/posts\/22393\/revisions"}],"predecessor-version":[{"id":22405,"href":"https:\/\/kelensc.hu\/index.php\/wp-json\/wp\/v2\/posts\/22393\/revisions\/22405"}],"wp:featuredmedia":[{"embeddable":true,"href":"https:\/\/kelensc.hu\/index.php\/wp-json\/wp\/v2\/media\/22394"}],"wp:attachment":[{"href":"https:\/\/kelensc.hu\/index.php\/wp-json\/wp\/v2\/media?parent=22393"}],"wp:term":[{"taxonomy":"category","embeddable":true,"href":"https:\/\/kelensc.hu\/index.php\/wp-json\/wp\/v2\/categories?post=22393"},{"taxonomy":"post_tag","embeddable":true,"href":"https:\/\/kelensc.hu\/index.php\/wp-json\/wp\/v2\/tags?post=22393"}],"curies":[{"name":"wp","href":"https:\/\/api.w.org\/{rel}","templated":true}]}}