{"id":22174,"date":"2025-12-02T10:56:32","date_gmt":"2025-12-02T09:56:32","guid":{"rendered":"https:\/\/kelensc.hu\/?p=22174"},"modified":"2025-12-24T10:41:19","modified_gmt":"2025-12-24T09:41:19","slug":"tehetsegkozpontunk-foallasu-vezetoedzot-keres","status":"publish","type":"post","link":"https:\/\/kelensc.hu\/index.php\/tehetsegkozpontunk-foallasu-vezetoedzot-keres\/","title":{"rendered":"Tehets\u00e9gk\u00f6zpontunk f\u0151\u00e1ll\u00e1s\u00fa vezet\u0151edz\u0151t keres"},"content":{"rendered":"<h5>Ut\u00e1np\u00f3tl\u00e1s edz\u0151<\/h5>\n<p><strong>F\u0151bb inform\u00e1ci\u00f3k:<\/strong><\/p>\n<p>\u2022 Bet\u00f6ltend\u0151 poz\u00edci\u00f3: ut\u00e1np\u00f3tl\u00e1s edz\u0151 \/ fi\u00fa szak\u00e1g \/ U14 alatti koroszt\u00e1lyok (f\u0151\u00e1ll\u00e1s)<br \/>\n\u2022 Jelentkez\u00e9s m\u00f3dja: <strong>sookynorbert@kelensc.hu<\/strong>\u00a0(K\u00e9rj\u00fck, a t\u00e1rgyba \u00edrd be: \u201eut\u00e1np\u00f3tl\u00e1s edz\u0151\u201d)<br \/>\n\u2022 A jelentkez\u00e9shez csatold k\u00e9rlek f\u00e9nyk\u00e9pes \u00f6n\u00e9letrajzod, \u00e9s egy motiv\u00e1ci\u00f3s levelet<\/p>\n<p><strong>Feladatok:<\/strong><\/p>\n<p>\u2022 Ut\u00e1np\u00f3tl\u00e1s csapat vezet\u00e9se \u00e9s szervez\u00e9se a klub esem\u00e9nyein<br \/>\n\u2022 Edz\u00e9stervez\u00e9s \u00e9s foglalkoz\u00e1sok megtart\u00e1sa<br \/>\n\u2022 J\u00e1t\u00e9kosok fejleszt\u00e9se a klub k\u00e9pz\u00e9si terve alapj\u00e1n<br \/>\n\u2022 R\u00e9szv\u00e9tel a klub \u00e1ltal kijel\u00f6lt esem\u00e9nyeken<br \/>\n\u2022 Kapcsol\u00f3d\u00f3 adminisztr\u00e1ci\u00f3 elv\u00e9gz\u00e9se (edz\u00e9stervek, besz\u00e1mol\u00f3k, jelent\u00e9sek)<br \/>\n\u2022 Folyamatos visszajelz\u00e9s a j\u00e1t\u00e9kosok teljes\u00edtm\u00e9ny\u00e9r\u0151l<\/p>\n<p><strong>Elv\u00e1r\u00e1sok \/ Profilod:<\/strong><\/p>\n<p>\u2022 Legal\u00e1bb UEFA C diploma<br \/>\n\u2022 \u00d6n\u00e1ll\u00f3 munkav\u00e9gz\u00e9s<br \/>\n\u2022 Magas szint\u0171 szervez\u0151k\u00e9szs\u00e9g<br \/>\n\u2022 Kiv\u00e1l\u00f3 kommunik\u00e1ci\u00f3s k\u00e9szs\u00e9g<br \/>\n\u2022 Csapatj\u00e1t\u00e9kos hozz\u00e1\u00e1ll\u00e1s kiv\u00e1l\u00f3 egy\u00fcttm\u0171k\u00f6d\u00e9si k\u00e9szs\u00e9ggel<br \/>\n\u2022 Rugalmass\u00e1g, egy\u00fcttm\u0171k\u00f6d\u00e9s, terhelhet\u0151s\u00e9g<br \/>\n\u2022 Prec\u00edz munkav\u00e9gz\u00e9s<br \/>\n\u2022 H\u00e9tv\u00e9gi munkav\u00e9gz\u00e9s v\u00e1llal\u00e1sa<br \/>\n\u2022 Angol vagy n\u00e9met nyelv ismerete kifejezett el\u0151ny<\/p>\n<p><strong>Amit k\u00edn\u00e1lunk:<\/strong><\/p>\n<p>\u2022 Szoros szakmai egy\u00fcttm\u0171k\u00f6d\u00e9s a Borussia Dortmunddal, betekint\u00e9ssel a klub filoz\u00f3fi\u00e1j\u00e1ba \u00e9s m\u00f3dszertan\u00e1ba<br \/>\n\u2022 Szakmai workshopok \u00e9s tanulm\u00e1nyutak Dortmundba<br \/>\n\u2022 Rendszeres visszajelz\u00e9s \u00e9s t\u00e1mogat\u00e1s a k\u00f6zvetlen felettest\u0151l<br \/>\n\u2022 Az MLSZ \u00e1ltal a Tehets\u00e9gk\u00f6zpontok sz\u00e1m\u00e1ra meghat\u00e1rozott b\u00e9r biztos\u00edt\u00e1sa<\/p>\n<p><strong>Munkav\u00e9gz\u00e9s helye:<\/strong> Budapest, Hunyadi M\u00e1ty\u00e1s \u00fat 56, 1116<\/p>\n<p><img decoding=\"async\" loading=\"lazy\" class=\"alignnone wp-image-22175 size-full\" src=\"https:\/\/kelensc.hu\/wp-content\/uploads\/2025\/12\/Allaslehetoseg-12.02.png\" alt=\"\" width=\"1080\" height=\"1350\" srcset=\"https:\/\/kelensc.hu\/wp-content\/uploads\/2025\/12\/Allaslehetoseg-12.02.png 1080w, https:\/\/kelensc.hu\/wp-content\/uploads\/2025\/12\/Allaslehetoseg-12.02-640x800.png 640w, https:\/\/kelensc.hu\/wp-content\/uploads\/2025\/12\/Allaslehetoseg-12.02-768x960.png 768w, https:\/\/kelensc.hu\/wp-content\/uploads\/2025\/12\/Allaslehetoseg-12.02-240x300.png 240w, https:\/\/kelensc.hu\/wp-content\/uploads\/2025\/12\/Allaslehetoseg-12.02-102x128.png 102w, https:\/\/kelensc.hu\/wp-content\/uploads\/2025\/12\/Allaslehetoseg-12.02-26x32.png 26w, https:\/\/kelensc.hu\/wp-content\/uploads\/2025\/12\/Allaslehetoseg-12.02-320x400.png 320w, https:\/\/kelensc.hu\/wp-content\/uploads\/2025\/12\/Allaslehetoseg-12.02-382x478.png 382w, https:\/\/kelensc.hu\/wp-content\/uploads\/2025\/12\/Allaslehetoseg-12.02-641x801.png 641w\" sizes=\"(max-width: 1080px) 100vw, 1080px\" \/><\/p>\n","protected":false},"excerpt":{"rendered":"<p>Ut\u00e1np\u00f3tl\u00e1s edz\u0151 F\u0151bb inform\u00e1ci\u00f3k: \u2022 Bet\u00f6ltend\u0151 poz\u00edci\u00f3: ut\u00e1np\u00f3tl\u00e1s edz\u0151 \/ fi\u00fa szak\u00e1g \/ U14 alatti koroszt\u00e1lyok (f\u0151\u00e1ll\u00e1s) \u2022 Jelentkez\u00e9s m\u00f3dja: sookynorbert@kelensc.hu\u00a0(K\u00e9rj\u00fck, a t\u00e1rgyba \u00edrd be: \u201eut\u00e1np\u00f3tl\u00e1s edz\u0151\u201d) \u2022 A jelentkez\u00e9shez csatold k\u00e9rlek f\u00e9nyk\u00e9pes \u00f6n\u00e9letrajzod, \u00e9s egy motiv\u00e1ci\u00f3s levelet Feladatok: \u2022 Ut\u00e1np\u00f3tl\u00e1s csapat vezet\u00e9se \u00e9s szervez\u00e9se a klub esem\u00e9nyein \u2022 Edz\u00e9stervez\u00e9s \u00e9s foglalkoz\u00e1sok megtart\u00e1sa \u2022 J\u00e1t\u00e9kosok&#8230;<\/p>\n","protected":false},"author":1386,"featured_media":22175,"comment_status":"closed","ping_status":"closed","sticky":false,"template":"","format":"standard","meta":{"inline_featured_image":false,"_exactmetrics_skip_tracking":false,"_exactmetrics_sitenote_active":false,"_exactmetrics_sitenote_note":"","_exactmetrics_sitenote_category":0,"footnotes":""},"categories":[66],"tags":[],"_links":{"self":[{"href":"https:\/\/kelensc.hu\/index.php\/wp-json\/wp\/v2\/posts\/22174"}],"collection":[{"href":"https:\/\/kelensc.hu\/index.php\/wp-json\/wp\/v2\/posts"}],"about":[{"href":"https:\/\/kelensc.hu\/index.php\/wp-json\/wp\/v2\/types\/post"}],"author":[{"embeddable":true,"href":"https:\/\/kelensc.hu\/index.php\/wp-json\/wp\/v2\/users\/1386"}],"replies":[{"embeddable":true,"href":"https:\/\/kelensc.hu\/index.php\/wp-json\/wp\/v2\/comments?post=22174"}],"version-history":[{"count":5,"href":"https:\/\/kelensc.hu\/index.php\/wp-json\/wp\/v2\/posts\/22174\/revisions"}],"predecessor-version":[{"id":22182,"href":"https:\/\/kelensc.hu\/index.php\/wp-json\/wp\/v2\/posts\/22174\/revisions\/22182"}],"wp:featuredmedia":[{"embeddable":true,"href":"https:\/\/kelensc.hu\/index.php\/wp-json\/wp\/v2\/media\/22175"}],"wp:attachment":[{"href":"https:\/\/kelensc.hu\/index.php\/wp-json\/wp\/v2\/media?parent=22174"}],"wp:term":[{"taxonomy":"category","embeddable":true,"href":"https:\/\/kelensc.hu\/index.php\/wp-json\/wp\/v2\/categories?post=22174"},{"taxonomy":"post_tag","embeddable":true,"href":"https:\/\/kelensc.hu\/index.php\/wp-json\/wp\/v2\/tags?post=22174"}],"curies":[{"name":"wp","href":"https:\/\/api.w.org\/{rel}","templated":true}]}}