{"id":22145,"date":"2025-10-26T13:05:39","date_gmt":"2025-10-26T12:05:39","guid":{"rendered":"https:\/\/kelensc.hu\/?p=22145"},"modified":"2025-11-06T13:09:50","modified_gmt":"2025-11-06T12:09:50","slug":"irany-dortmund","status":"publish","type":"post","link":"https:\/\/kelensc.hu\/index.php\/irany-dortmund\/","title":{"rendered":"Ir\u00e1ny Dortmund!"},"content":{"rendered":"<h5 style=\"text-align: center;\">A Borussia Dortmunddal k\u00f6t\u00f6tt partneri meg\u00e1llapod\u00e1s egyik legizgalmasabb eleme, hogy szakembereink \u00e9s csapataink minden \u00e9vben t\u00f6bb alkalommal is lehet\u0151s\u00e9get kapnak arra, hogy \u00e9rt\u00e9kes napokat t\u00f6ltsenek el N\u00e9metorsz\u00e1gban.<\/h5>\n<h5 style=\"text-align: center;\">Ez\u00fattal U15-\u00f6s csapatunkkal utazunk Dortmundba, ahol edz\u0151m\u00e9rk\u0151z\u00e9seket j\u00e1tszunk, bej\u00e1rjuk a v\u00e1rost, \u00e9s ell\u00e1togatunk a legend\u00e1s Signal Iduna Parkba is!<\/h5>\n<h5 style=\"text-align: center;\">A h\u00e9t folyam\u00e1n folyamatosan jelentkez\u00fcnk majd tartalmakkal a sr\u00e1cok mindennapjair\u00f3l!<\/h5>\n<p><img decoding=\"async\" loading=\"lazy\" class=\"aligncenter wp-image-22146 size-full\" src=\"https:\/\/kelensc.hu\/wp-content\/uploads\/2025\/11\/Promo-10.26.png\" alt=\"\" width=\"1080\" height=\"1350\" srcset=\"https:\/\/kelensc.hu\/wp-content\/uploads\/2025\/11\/Promo-10.26.png 1080w, https:\/\/kelensc.hu\/wp-content\/uploads\/2025\/11\/Promo-10.26-640x800.png 640w, https:\/\/kelensc.hu\/wp-content\/uploads\/2025\/11\/Promo-10.26-768x960.png 768w, https:\/\/kelensc.hu\/wp-content\/uploads\/2025\/11\/Promo-10.26-240x300.png 240w, https:\/\/kelensc.hu\/wp-content\/uploads\/2025\/11\/Promo-10.26-102x128.png 102w, https:\/\/kelensc.hu\/wp-content\/uploads\/2025\/11\/Promo-10.26-26x32.png 26w, https:\/\/kelensc.hu\/wp-content\/uploads\/2025\/11\/Promo-10.26-320x400.png 320w, https:\/\/kelensc.hu\/wp-content\/uploads\/2025\/11\/Promo-10.26-382x478.png 382w, https:\/\/kelensc.hu\/wp-content\/uploads\/2025\/11\/Promo-10.26-641x801.png 641w\" sizes=\"(max-width: 1080px) 100vw, 1080px\" \/><\/p>\n","protected":false},"excerpt":{"rendered":"<p>A Borussia Dortmunddal k\u00f6t\u00f6tt partneri meg\u00e1llapod\u00e1s egyik legizgalmasabb eleme, hogy szakembereink \u00e9s csapataink minden \u00e9vben t\u00f6bb alkalommal is lehet\u0151s\u00e9get kapnak arra, hogy \u00e9rt\u00e9kes napokat t\u00f6ltsenek el N\u00e9metorsz\u00e1gban. Ez\u00fattal U15-\u00f6s csapatunkkal utazunk Dortmundba, ahol edz\u0151m\u00e9rk\u0151z\u00e9seket j\u00e1tszunk, bej\u00e1rjuk a v\u00e1rost, \u00e9s ell\u00e1togatunk a legend\u00e1s Signal Iduna Parkba is! A h\u00e9t folyam\u00e1n folyamatosan jelentkez\u00fcnk majd tartalmakkal a sr\u00e1cok&#8230;<\/p>\n","protected":false},"author":1386,"featured_media":22146,"comment_status":"closed","ping_status":"closed","sticky":false,"template":"","format":"standard","meta":{"inline_featured_image":false,"_exactmetrics_skip_tracking":false,"_exactmetrics_sitenote_active":false,"_exactmetrics_sitenote_note":"","_exactmetrics_sitenote_category":0,"footnotes":""},"categories":[66],"tags":[],"_links":{"self":[{"href":"https:\/\/kelensc.hu\/index.php\/wp-json\/wp\/v2\/posts\/22145"}],"collection":[{"href":"https:\/\/kelensc.hu\/index.php\/wp-json\/wp\/v2\/posts"}],"about":[{"href":"https:\/\/kelensc.hu\/index.php\/wp-json\/wp\/v2\/types\/post"}],"author":[{"embeddable":true,"href":"https:\/\/kelensc.hu\/index.php\/wp-json\/wp\/v2\/users\/1386"}],"replies":[{"embeddable":true,"href":"https:\/\/kelensc.hu\/index.php\/wp-json\/wp\/v2\/comments?post=22145"}],"version-history":[{"count":3,"href":"https:\/\/kelensc.hu\/index.php\/wp-json\/wp\/v2\/posts\/22145\/revisions"}],"predecessor-version":[{"id":22149,"href":"https:\/\/kelensc.hu\/index.php\/wp-json\/wp\/v2\/posts\/22145\/revisions\/22149"}],"wp:featuredmedia":[{"embeddable":true,"href":"https:\/\/kelensc.hu\/index.php\/wp-json\/wp\/v2\/media\/22146"}],"wp:attachment":[{"href":"https:\/\/kelensc.hu\/index.php\/wp-json\/wp\/v2\/media?parent=22145"}],"wp:term":[{"taxonomy":"category","embeddable":true,"href":"https:\/\/kelensc.hu\/index.php\/wp-json\/wp\/v2\/categories?post=22145"},{"taxonomy":"post_tag","embeddable":true,"href":"https:\/\/kelensc.hu\/index.php\/wp-json\/wp\/v2\/tags?post=22145"}],"curies":[{"name":"wp","href":"https:\/\/api.w.org\/{rel}","templated":true}]}}