{"id":21697,"date":"2025-01-22T15:36:49","date_gmt":"2025-01-22T14:36:49","guid":{"rendered":"https:\/\/kelensc.hu\/?p=21697"},"modified":"2025-01-22T17:14:25","modified_gmt":"2025-01-22T16:14:25","slug":"evzaro-egyben-evnyito-beszelgetes-andreas-van-den-akerrel","status":"publish","type":"post","link":"https:\/\/kelensc.hu\/index.php\/evzaro-egyben-evnyito-beszelgetes-andreas-van-den-akerrel\/","title":{"rendered":"\u201eAmilyen negat\u00edvan indult 2024, olyan pozit\u00edvan tudtuk lez\u00e1rni\u201d \u2013 \u00e9vz\u00e1r\u00f3, egyben \u00e9vnyit\u00f3 besz\u00e9lget\u00e9s Andreas van den Akerrel"},"content":{"rendered":"<h5>Nem titok, neh\u00e9z \u00e9ven van t\u00fal a Kelen. Ugyanakkor a legnehezebb r\u00e9sze m\u00e1r m\u00f6g\u00f6tt\u00fcnk van \u2013 az el\u0151tt\u00fcnk \u00e1ll\u00f3 esztend\u0151 rem\u00e9lhet\u0151leg k\u00f6nnyebb lesz. Egyes\u00fclet\u00fcnk eln\u00f6k\u00e9vel, Andreas van den Akerrel besz\u00e9lgett\u00fcnk probl\u00e9m\u00e1kr\u00f3l, megold\u00e1sokr\u00f3l, bizalomr\u00f3l, t\u00fcrelemr\u0151l, eredm\u00e9nyekr\u0151l \u00e9s c\u00e9lokr\u00f3l. No \u00e9s egy csod\u00e1latos, imm\u00e1r n\u00e9gy \u00e9vtizede tart\u00f3 hagyom\u00e1nyr\u00f3l\u2026<\/h5>\n<p><img decoding=\"async\" loading=\"lazy\" class=\"alignnone wp-image-21698 size-full\" src=\"https:\/\/kelensc.hu\/wp-content\/uploads\/2025\/01\/Andreas-kep.jpg\" alt=\"\" width=\"1500\" height=\"1071\" srcset=\"https:\/\/kelensc.hu\/wp-content\/uploads\/2025\/01\/Andreas-kep.jpg 1500w, https:\/\/kelensc.hu\/wp-content\/uploads\/2025\/01\/Andreas-kep-640x457.jpg 640w, https:\/\/kelensc.hu\/wp-content\/uploads\/2025\/01\/Andreas-kep-1280x914.jpg 1280w, https:\/\/kelensc.hu\/wp-content\/uploads\/2025\/01\/Andreas-kep-768x548.jpg 768w, https:\/\/kelensc.hu\/wp-content\/uploads\/2025\/01\/Andreas-kep-300x214.jpg 300w, https:\/\/kelensc.hu\/wp-content\/uploads\/2025\/01\/Andreas-kep-128x91.jpg 128w, https:\/\/kelensc.hu\/wp-content\/uploads\/2025\/01\/Andreas-kep-32x23.jpg 32w, https:\/\/kelensc.hu\/wp-content\/uploads\/2025\/01\/Andreas-kep-320x228.jpg 320w, https:\/\/kelensc.hu\/wp-content\/uploads\/2025\/01\/Andreas-kep-382x273.jpg 382w, https:\/\/kelensc.hu\/wp-content\/uploads\/2025\/01\/Andreas-kep-641x458.jpg 641w\" sizes=\"(max-width: 1500px) 100vw, 1500px\" \/><\/p>\n<h5><strong>Kezdj\u00fck a v\u00e9g\u00e9n: hogyan z\u00e1rta a klub a 2024-es esztend\u0151t?<\/strong><\/h5>\n<blockquote><p>Nem volt egyszer\u0171 \u00e9v. Igaz, tudtuk, hogy nem lesz az, mert m\u00e1r a 2023-as \u00e9v v\u00e9ge is szenved\u0151s volt, m\u00e9ghozz\u00e1 k\u00fcl\u00f6nb\u00f6z\u0151 probl\u00e9m\u00e1k miatt, amiket g\u00f6rgett\u00fcnk magunk el\u0151tt. Ha megoldottunk egy gondot, szembes\u00fclt\u00fcnk a k\u00f6vetkez\u0151vel, val\u00f3ban nem volt k\u00f6nny\u0171 id\u0151szak. K\u00f6zben arra is r\u00e1j\u00f6tt\u00fcnk, nemcsak a szakmai munka fontos, hanem az is, hogy a h\u00e1tt\u00e9rben minden rendben legyen. Fogalmazhatok \u00edgy is: az irod\u00e1ban is ugyanolyan j\u00f3l kell teljes\u00edteni, mint a p\u00e1ly\u00e1n. El kell ismernem, a h\u00e1tt\u00e9rmunk\u00e1ban voltak hi\u00e1nyoss\u00e1gok, ebb\u0151l is ad\u00f3dtak a m\u00e1r eml\u00edtett probl\u00e9m\u00e1k. A tavalyi \u00e9v v\u00e9g\u00e9re viszont m\u00e1r eljutottunk od\u00e1ig, hogy a legt\u00f6bbet megoldottuk. Ez persze nem jelenti azt, hogy erre az esztend\u0151re m\u00e1r nem maradt feladatunk, de azt \u00f6r\u00f6mmel mondhatom, hogy amilyen negat\u00edvan indult 2024, olyan pozit\u00edvan tudtuk lez\u00e1rni. S ez\u00e9rt m\u00e1r most, az elej\u00e9n szeretn\u00e9k k\u00f6sz\u00f6netet mondani azoknak, akik a neh\u00e9zs\u00e9gek idej\u00e9n is kitartottak mellett\u00fcnk, nagyon h\u00e1l\u00e1s vagyok a t\u00fcrelm\u00fck\u00e9rt \u00e9s a bizalmuk\u00e9rt!<\/p><\/blockquote>\n<h5>Az egyik legnagyobb gond az lehetett, hogy a ny\u00e1ron a Magyar Labdar\u00fag\u00f3 Sz\u00f6vets\u00e9g h\u00e1rom koroszt\u00e1lyos csapatot is egy oszt\u00e1llyal lejjebb sorolt.<\/h5>\n<blockquote><p>Ez sajnos \u00edgy t\u00f6rt\u00e9nt. M\u00e9g \u00e9vekkel ezel\u0151tt kit\u0171zt\u00fcnk magunk el\u00e9 egy c\u00e9lt: az\u00e9rt is tett\u00fcnk meg mindent az ut\u00e1np\u00f3tl\u00e1sban, hogy a m\u00e1r nagyp\u00e1ly\u00e1n j\u00e1tsz\u00f3 csapataink a lehet\u0151 legmagasabb szinten tudjanak megm\u00e9retni. Ezt \u2013 az edz\u0151knek \u00e9s a j\u00e1t\u00e9kosoknak k\u00f6sz\u00f6nhet\u0151en \u2013 v\u00e9g\u00fcl siker\u00fclt el\u00e9rni, \u00fagy n\u00e9zett ki, hogy a 2024\u20132025-\u00f6s id\u00e9nyben az U15-\u00f6s, U16-os, az U17-es \u00e9s az U19-es csapatunk a Kiemelt bajnoks\u00e1g ut\u00e1ni leger\u0151sebb sorozatban, az Orsz\u00e1gos Alap bajnoks\u00e1gban indulhat. K\u00f6zbevet\u0151leg szeretn\u00e9m elmondani, hogy a Z\u00f6ld csapatok k\u00e9pz\u00e9s\u00e9t tekintve k\u00e9t jelent\u0151s c\u00e9lunk van. Az egyik az, hogy U14-ig nevelj\u00fcnk ki olyan tehets\u00e9geket, akik feljebb l\u00e9phetnek, neves klubokban, akad\u00e9mi\u00e1kon fejl\u0151dhetnek tov\u00e1bb. A m\u00e1sik pedig az, hogy aki itt marad, min\u00e9l magasabb szinten bizony\u00edthasson \u2013 tavaly ny\u00e1rra jutottunk el od\u00e1ig, hogy ezen a t\u00e9ren is a maximumot \u00e9rt\u00fck el. De\u2026 Az el\u0151z\u0151 \u00e9vi versenyki\u00edr\u00e1sban szerepelt, hogy az Orsz\u00e1gos Alap bajnoks\u00e1gokban szerepl\u0151 csapatok k\u00f6telesek szezononk\u00e9nt h\u00e1rom-h\u00e1rom nemzetk\u00f6zi felk\u00e9sz\u00fcl\u00e9si meccset j\u00e1tszani, mi ezt sajnos nem tett\u00fck meg, aminek az lett a k\u00f6vetkezm\u00e9nye, hogy az MLSZ az U16-os, az U17-es \u00e9s az U19-es csapatunkat egy oszt\u00e1llyal lejjebb sorolta, az \u00e9rintett egy\u00fcttesek az MLSZ Region\u00e1lis Kiemelt bajnoks\u00e1g\u00e1ban \u00e1llhattak rajthoz. Ezen a ponton megint csak szeretn\u00e9k k\u00f6sz\u00f6netet mondani az edz\u0151knek, a j\u00e1t\u00e9kosoknak \u00e9s a sz\u00fcl\u0151knek, hogy tudom\u00e1sul vett\u00e9k, hogy rajtuk k\u00edv\u00fcl\u00e1ll\u00f3 okok miatt ilyen helyzetbe ker\u00fcltek. Mindh\u00e1rom csapat becs\u00fclettel bele\u00e1llt a harcba, \u00e9s k\u00fcl\u00f6n \u00f6r\u00f6m, hogy j\u00f3l is szerepel, van es\u00e9lye arra, hogy a p\u00e1ly\u00e1n el\u00e9rt eredm\u00e9nye alapj\u00e1n visszaker\u00fclj\u00f6n az Alap csoportba. Az U16-os csapatunk h\u00e1tr\u00e1nya h\u00e9t pont az \u00e9llovas m\u00f6g\u00f6tt, ez tal\u00e1n m\u00e9g nem ledolgozhatatlan. Az U17-es g\u00e1rda vezeti a tabell\u00e1t, arr\u00f3l nem sz\u00f3lva, hogy a Magyar Kup\u00e1ban \u2013 szenz\u00e1ci\u00f3s teljes\u00edtm\u00e9nyt ny\u00fajtva \u2013 bejutott a legjobb nyolc k\u00f6z\u00e9, m\u00edg az U19-es a m\u00e1sodik helyr\u0151l v\u00e1rja a folytat\u00e1st, mik\u00f6zben szint\u00e9n remekelt a kupasorozatban: az ifj\u00fas\u00e1gi Bajnokok Lig\u00e1j\u00e1ban m\u00e9g versenyben l\u00e9v\u0151 Pusk\u00e1s Akad\u00e9mi\u00e1t\u00f3l kapott csak ki, egy amilyen izgalmas, olyan dr\u00e1mai, hosszabb\u00edt\u00e1sba torkoll\u00f3 m\u00e9rk\u0151z\u00e9sen. \u00dagy gondolom, bizakodva v\u00e1rhatjuk a tavaszt.<\/p><\/blockquote>\n<h5>A feln\u0151tt csapat az NB III \u00c9szak-Nyugati csoportj\u00e1ban a tizen\u00f6t\u00f6dik helyen \u00e1ll. Lehet rem\u00e9nykedni az el\u0151rel\u00e9p\u00e9sben?<\/h5>\n<blockquote><p>Nem ments\u00e9g, nem kifog\u00e1s, de nagyon neh\u00e9z bajnoks\u00e1gban j\u00e1tszik a Kelen, szak\u00e9rt\u0151k egybehangz\u00f3 v\u00e9lem\u00e9nye szerint a n\u00e9gy csoportb\u00f3l a mi\u00e9nk a leger\u0151sebb. Nagy b\u00e1natunkra err\u0151l a tabella is tan\u00faskodik. Az eredm\u00e9ny term\u00e9szetesen l\u00e9nyeges, ugyanakkor mi azt is szem el\u0151tt tartjuk, hogy min\u00e9l t\u00f6bb saj\u00e1t nevel\u00e9s\u0171 fiatal jusson sz\u00f3hoz az els\u0151 csapatban. A szezon elej\u00e9n t\u00f6bb U19-es j\u00e1t\u00e9kos kapott lehet\u0151s\u00e9get arra, hogy a feln\u0151ttekkel eddzen, hogy meg\u00e1llt\u00e1k a hely\u00fcket, mi sem bizony\u00edtja jobban, mint hogy az \u0151sszel egy 2006-os \u00e9s n\u00e9gy 2007-es sz\u00fclet\u00e9s\u0171 tehets\u00e9g\u00fcnk is p\u00e1ly\u00e1ra l\u00e9pett bajnoki, illetve Magyar Kupa-m\u00e9rk\u0151z\u00e9sen \u2013 \u00fagy hiszem, ez biztat\u00f3 j\u00f6v\u0151k\u00e9pr\u0151l \u00e1rulkodik. Egyvalamit \u00edg\u00e9rhetek: minden er\u0151nkkel azon lesz\u00fcnk, hogy kiharcoljuk a bennmarad\u00e1st! Ezen a ponton \u00e9rdemes sz\u00f3t ejteni arr\u00f3l is, hogy a Budapest-bajnoks\u00e1g m\u00e1sodik vonal\u00e1ban j\u00e1tsz\u00f3 m\u00e1sodik csapatunknak fontos szerepe van az ut\u00e1np\u00f3tl\u00e1sb\u00f3l a feln\u0151tt fociba val\u00f3 \u00e1tmenetben. Ez\u00e9rt is lett a Kelen II vezet\u0151edz\u0151je az els\u0151 csapatn\u00e1l Simon \u00c1kos mellett p\u00e1lyaedz\u0151k\u00e9nt dolgoz\u00f3 Balogh \u00c1kos, az \u0151szi id\u00e9ny azt mutatja, remek v\u00e1laszt\u00e1s volt: az erre az \u00e9vre egycsoportoss\u00e1 v\u00e1l\u00f3, igen er\u0151s bajnoks\u00e1gban hatodik a Kelen.<\/p><\/blockquote>\n<h5>Van m\u00e9g j\u00f3 h\u00edr?<\/h5>\n<blockquote><p>Van, bizony! R\u00e9gebben, ugyeb\u00e1r, a Kelen befogad\u00f3 egyes\u00fclet volt, aki szeretett volna n\u00e1lunk futballozni, \u00f6r\u00f6mmel l\u00e1ttuk, az\u00e9rt is l\u00e9tezett Z\u00f6ld, Feh\u00e9r \u00e9s Piros csapat, hogy mindenki a maga szintj\u00e9n, a maga c\u00e9lj\u00e1t \u00e9s \u00f6r\u00f6m\u00e9t megtal\u00e1lva j\u00e1tszhasson. Ez ma sincs m\u00e1sk\u00e9nt, de azt k\u00f6vet\u0151en, hogy az egyes\u00fclet\u00fcnk Tehets\u00e9gk\u00f6zpont lett, alkalmazkodnunk kellett bizonyos felt\u00e9telekhez, ami azzal j\u00e1rt, hogy ma m\u00e1r csak a Z\u00f6ld csapatok m\u0171k\u00f6dnek a Kelen SC \u00e9gisze alatt, m\u00e9g a Feh\u00e9r \u00e9s a Piros csapatok \u00e1tker\u00fcltek a Hungarian Talents FC k\u00f6tel\u00e9k\u00e9be. Az elej\u00e9n megk\u00fczd\u00f6tt\u00fcnk ennek neh\u00e9zs\u00e9geivel, jelent\u0151s adminisztr\u00e1ci\u00f3val p\u00e1rosult az \u00e1t\u00e1ll\u00e1s, szerencs\u00e9re id\u0151vel minden a hely\u00e9re ker\u00fclt, most m\u00e1r azt mondhatjuk, hogy j\u00f3l m\u0171k\u00f6dik ez a rendszer. A Kelen SC k\u00e9t, a Hungarian Talents egy feln\u0151tt csapatot ind\u00edtott, ut\u00f3bbinak van lehet\u0151s\u00e9ge arra, hogy a k\u00f6vetkez\u0151 id\u00e9nyben m\u00e9g egyet benevezzen, ezzel szeretn\u00e9nk is \u00e9lni, hogy m\u00e9g t\u00f6bb j\u00e1t\u00e9klehet\u0151s\u00e9get biztos\u00edtsunk az ut\u00e1np\u00f3tl\u00e1sb\u00f3l ki\u00f6reged\u0151 j\u00e1t\u00e9kosoknak.<\/p><\/blockquote>\n<h5>Ha m\u00e1r ki\u00f6reged\u00e9s\u2026 H\u00e9tf\u0151, kedd \u00e9s cs\u00fct\u00f6rt\u00f6k\u00f6n est\u00e9nk\u00e9nt is rendeznek t\u00e9tre men\u0151 meccseket a Kelen-p\u00e1ly\u00e1n!<\/h5>\n<blockquote><p>H\u00e1la az \u00e9gnek! Mert ez azt jelenti, hogy minden koroszt\u00e1lyban \u00e9rdekelve vagyunk, az \u00d6regfi\u00fak, az Old Boys \u00e9s a Veter\u00e1n bajnoks\u00e1gban is van csapatunk, nem is ak\u00e1rmilyen! Az Old Boys \u00e9s a Veter\u00e1n egy\u00fcttes\u00fcnk a legmagasabb, m\u00edg az \u00d6regfi\u00fak csapatunk a m\u00e1sodik legmagasabb szinten j\u00e1tszik. Arra pedig k\u00fcl\u00f6n\u00f6sen b\u00fcszke vagyok, hogy a n\u00e9gy \u00e9vtizedes hagyom\u00e1ny folytat\u00f3dik: nincs olyan vas\u00e1rnap reggel, amelyen reggel nyolct\u00f3l ne gy\u00fclekezn\u00e9nek a t\u0151sgy\u00f6keres Kelenesek, hogy azt\u00e1n m\u00e1sf\u00e9l \u00f3r\u00e1n \u00e1t focizzanak egy j\u00f3t. Kilencven perc eltelt\u00e9vel nem \u00e9r v\u00e9get a program, k\u00f6vetkezik a harmadik \u201ef\u00e9lid\u0151\u201d \u2013 de ez \u00edgy is van rendj\u00e9n, addig j\u00f3, am\u00edg ez \u00edgy megy.<\/p><\/blockquote>\n<h5>S addig j\u00f3, am\u00edg n\u0151i focir\u00f3l is besz\u00e9lhet\u00fcnk a Kelen eset\u00e9ben, ugye?<\/h5>\n<blockquote><p>Igen! Nem is olyan r\u00e9g az NB I-es mez\u0151ny tagjai voltunk, manaps\u00e1g az NB II-ben pr\u00f3b\u00e1lunk helyt\u00e1llni feln\u0151tt szinten. A hangs\u00faly az ut\u00e1np\u00f3tl\u00e1son van, a megfelel\u0151 edz\u0151k seg\u00edts\u00e9g\u00e9vel igyeksz\u00fcnk \u00e9p\u00edtkezni. Az U16-os csapat \u00e9l\u00e9re keres\u00fcnk m\u00e9g egy edz\u0151t, abban b\u00edzom, r\u00f6viden meg is tal\u00e1ljuk. \u00d6r\u00f6mteli, hogy ebben az id\u00e9nyben \u00f6t koroszt\u00e1lyos csapatot is tudtunk ind\u00edtani, igaz, rengeteg utaz\u00e1ssal j\u00e1rnak a bajnoki m\u00e9rk\u0151z\u00e9sek, sz\u00fcks\u00e9g van az edz\u0151k \u00e9s a j\u00e1t\u00e9kosok elsz\u00e1nts\u00e1g\u00e1ra \u2013 k\u00f6sz\u00f6n\u00f6m az \u0151 hozz\u00e1\u00e1ll\u00e1sukat is.<\/p><\/blockquote>\n<h5>Mi az egy sz\u00f3, ami 2024 kapcs\u00e1n esz\u00e9be jut?<\/h5>\n<blockquote><p>Mivel m\u00e1r t\u00f6bbsz\u00f6r is haszn\u00e1ltam, tal\u00e1n nem meglep\u0151: a k\u00f6sz\u00f6net. T\u00e9nyleg szeretn\u00e9k k\u00f6sz\u00f6netet mondani m\u00e9g egyszer. El\u0151sz\u00f6r is a h\u00e1zon bel\u00fcl dolgoz\u00f3knak, az edz\u0151knek, a munkat\u00e1rsaimnak, mert az \u0151 kitart\u00e1suk elengedhetetlen volt ahhoz, hogy ezt az \u00e9vet v\u00e9gigcsin\u00e1ljuk. K\u00f6sz\u00f6n\u00f6m a sz\u00fcl\u0151knek is, hogy amiben csak tudtak, seg\u00edtettek, gondolok itt p\u00e9ld\u00e1ul az utaz\u00e1sokra, vagy \u00e9ppen a webshopban t\u00f6rt\u00e9nt v\u00e1s\u00e1rl\u00e1sokra \u2013 id\u0151nk\u00e9nt ott is elk\u00e9lt a t\u00fcrelem. K\u00f6sz\u00f6n\u00f6m a j\u00e1t\u00e9kosoknak, hogy minden t\u0151l\u00fck telhet\u0151t megtettek a p\u00e1ly\u00e1n, \u00fagy v\u00e9lem, nincs okunk sz\u00e9gyenkezni az el\u00e9rt eredm\u00e9nyek miatt. S k\u00f6sz\u00f6n\u00f6m a Magyar Labdar\u00fag\u00f3 Sz\u00f6vets\u00e9g ir\u00e1nyunkban mutatott pozit\u00edv hozz\u00e1\u00e1ll\u00e1s\u00e1t is.<\/p><\/blockquote>\n<h5>Mit rem\u00e9l 2025-t\u0151l?<\/h5>\n<blockquote><p>Azt a pozit\u00edv \u00e9rz\u00e9st, amellyel lez\u00e1rtuk az el\u0151z\u0151 esztend\u0151t, vissz\u00fck magunkkal erre az \u00e9vre! G\u0151zer\u0151vel megy\u00fcnk tov\u00e1bb, igyeksz\u00fcnk az NB III-as tags\u00e1got megtartani, pr\u00f3b\u00e1lunk m\u00e9g t\u00f6bb saj\u00e1t nevel\u00e9s\u0171 fiatalt be\u00e9p\u00edteni az els\u0151 csapatba, mik\u00f6zben teljes er\u0151bedob\u00e1ssal dolgozunk azon, hogy az ovifocit\u00f3l kezdve az U19-es koroszt\u00e1lyig az ut\u00e1np\u00f3tl\u00e1sunkban is minden a lehet\u0151 legjobban menjen. Sok feladat v\u00e1r r\u00e1nk, de hihet\u00fcnk abban, hogy megoldjuk azokat, \u00e9s eljutunk od\u00e1ig, hogy teljesen rendben lesz\u00fcnk minden ter\u00fcleten. Mindenkinek boldog, eg\u00e9szs\u00e9ges \u00e9s sikeres 2025-\u00f6t k\u00edv\u00e1nok!<\/p><\/blockquote>\n","protected":false},"excerpt":{"rendered":"<p>Nem titok, neh\u00e9z \u00e9ven van t\u00fal a Kelen. Ugyanakkor a legnehezebb r\u00e9sze m\u00e1r m\u00f6g\u00f6tt\u00fcnk van \u2013 az el\u0151tt\u00fcnk \u00e1ll\u00f3 esztend\u0151 rem\u00e9lhet\u0151leg k\u00f6nnyebb lesz. Egyes\u00fclet\u00fcnk eln\u00f6k\u00e9vel, Andreas van den Akerrel besz\u00e9lgett\u00fcnk probl\u00e9m\u00e1kr\u00f3l, megold\u00e1sokr\u00f3l, bizalomr\u00f3l, t\u00fcrelemr\u0151l, eredm\u00e9nyekr\u0151l \u00e9s c\u00e9lokr\u00f3l. No \u00e9s egy csod\u00e1latos, imm\u00e1r n\u00e9gy \u00e9vtizede tart\u00f3 hagyom\u00e1nyr\u00f3l\u2026 Kezdj\u00fck a v\u00e9g\u00e9n: hogyan z\u00e1rta a klub a 2024-es&#8230;<\/p>\n","protected":false},"author":1386,"featured_media":21698,"comment_status":"closed","ping_status":"closed","sticky":false,"template":"","format":"standard","meta":{"inline_featured_image":false,"_exactmetrics_skip_tracking":false,"_exactmetrics_sitenote_active":false,"_exactmetrics_sitenote_note":"","_exactmetrics_sitenote_category":0,"footnotes":""},"categories":[1,11,51,50,66],"tags":[],"_links":{"self":[{"href":"https:\/\/kelensc.hu\/index.php\/wp-json\/wp\/v2\/posts\/21697"}],"collection":[{"href":"https:\/\/kelensc.hu\/index.php\/wp-json\/wp\/v2\/posts"}],"about":[{"href":"https:\/\/kelensc.hu\/index.php\/wp-json\/wp\/v2\/types\/post"}],"author":[{"embeddable":true,"href":"https:\/\/kelensc.hu\/index.php\/wp-json\/wp\/v2\/users\/1386"}],"replies":[{"embeddable":true,"href":"https:\/\/kelensc.hu\/index.php\/wp-json\/wp\/v2\/comments?post=21697"}],"version-history":[{"count":1,"href":"https:\/\/kelensc.hu\/index.php\/wp-json\/wp\/v2\/posts\/21697\/revisions"}],"predecessor-version":[{"id":21699,"href":"https:\/\/kelensc.hu\/index.php\/wp-json\/wp\/v2\/posts\/21697\/revisions\/21699"}],"wp:featuredmedia":[{"embeddable":true,"href":"https:\/\/kelensc.hu\/index.php\/wp-json\/wp\/v2\/media\/21698"}],"wp:attachment":[{"href":"https:\/\/kelensc.hu\/index.php\/wp-json\/wp\/v2\/media?parent=21697"}],"wp:term":[{"taxonomy":"category","embeddable":true,"href":"https:\/\/kelensc.hu\/index.php\/wp-json\/wp\/v2\/categories?post=21697"},{"taxonomy":"post_tag","embeddable":true,"href":"https:\/\/kelensc.hu\/index.php\/wp-json\/wp\/v2\/tags?post=21697"}],"curies":[{"name":"wp","href":"https:\/\/api.w.org\/{rel}","templated":true}]}}