{"id":21598,"date":"2024-10-16T09:40:12","date_gmt":"2024-10-16T07:40:12","guid":{"rendered":"https:\/\/kelensc.hu\/?p=21598"},"modified":"2024-10-16T09:40:12","modified_gmt":"2024-10-16T07:40:12","slug":"haromgolos-vereseg-a-komarom-ellen","status":"publish","type":"post","link":"https:\/\/kelensc.hu\/index.php\/haromgolos-vereseg-a-komarom-ellen\/","title":{"rendered":"H\u00e1romg\u00f3los veres\u00e9g a Kom\u00e1rom ellen"},"content":{"rendered":"<h5>Feln\u0151tt csapatuk nem tudott pontot szerezni a Kom\u00e1rommal szemben. A m\u00e9rk\u0151z\u00e9s 22. perc\u00e9ben a j\u00e1t\u00e9kvezet\u0151 ki\u00e1ll\u00edtotta Remili Mohamedet, ezzel megpecs\u00e9telve a m\u00e9rk\u0151z\u00e9s sors\u00e1t. Ezt k\u00f6vette K\u00e1d\u00e1r M\u00e1t\u00e9 utols\u00f3 perces piros lapja, \u00edgy a Sopron elleni folytat\u00e1sban mindk\u00e9t j\u00e1t\u00e9kosunk eltilt\u00e1s\u00e1t t\u00f6lti.<\/h5>\n<p><img decoding=\"async\" loading=\"lazy\" class=\"alignnone wp-image-21599 size-full\" src=\"https:\/\/kelensc.hu\/wp-content\/uploads\/2024\/10\/IMG_9006.jpg\" alt=\"\" width=\"5184\" height=\"3456\" srcset=\"https:\/\/kelensc.hu\/wp-content\/uploads\/2024\/10\/IMG_9006.jpg 5184w, https:\/\/kelensc.hu\/wp-content\/uploads\/2024\/10\/IMG_9006-640x427.jpg 640w, https:\/\/kelensc.hu\/wp-content\/uploads\/2024\/10\/IMG_9006-1280x853.jpg 1280w, https:\/\/kelensc.hu\/wp-content\/uploads\/2024\/10\/IMG_9006-768x512.jpg 768w, https:\/\/kelensc.hu\/wp-content\/uploads\/2024\/10\/IMG_9006-1536x1024.jpg 1536w, https:\/\/kelensc.hu\/wp-content\/uploads\/2024\/10\/IMG_9006-2048x1365.jpg 2048w, https:\/\/kelensc.hu\/wp-content\/uploads\/2024\/10\/IMG_9006-300x200.jpg 300w, https:\/\/kelensc.hu\/wp-content\/uploads\/2024\/10\/IMG_9006-128x85.jpg 128w, https:\/\/kelensc.hu\/wp-content\/uploads\/2024\/10\/IMG_9006-32x21.jpg 32w, https:\/\/kelensc.hu\/wp-content\/uploads\/2024\/10\/IMG_9006-320x213.jpg 320w, https:\/\/kelensc.hu\/wp-content\/uploads\/2024\/10\/IMG_9006-382x255.jpg 382w, https:\/\/kelensc.hu\/wp-content\/uploads\/2024\/10\/IMG_9006-641x427.jpg 641w\" sizes=\"(max-width: 5184px) 100vw, 5184px\" \/><\/p>\n<div class=\"btArticleContent \">\n<div class=\"bt_bb_wrapper\">\n<h5><strong>Kelen SC \u2013 Kom\u00e1rom VSE 0-3 (0-1)<\/strong><br \/>\n<strong>NB III. \u00c9szak-Nyugati csoport 11. fordul\u00f3 2024.10.13.<\/strong><br \/>\n<strong>Kelen SC Sporttelep<\/strong><\/h5>\n<\/div>\n<\/div>\n","protected":false},"excerpt":{"rendered":"<p>Feln\u0151tt csapatuk nem tudott pontot szerezni a Kom\u00e1rommal szemben. A m\u00e9rk\u0151z\u00e9s 22. perc\u00e9ben a j\u00e1t\u00e9kvezet\u0151 ki\u00e1ll\u00edtotta Remili Mohamedet, ezzel megpecs\u00e9telve a m\u00e9rk\u0151z\u00e9s sors\u00e1t. Ezt k\u00f6vette K\u00e1d\u00e1r M\u00e1t\u00e9 utols\u00f3 perces piros lapja, \u00edgy a Sopron elleni folytat\u00e1sban mindk\u00e9t j\u00e1t\u00e9kosunk eltilt\u00e1s\u00e1t t\u00f6lti. Kelen SC \u2013 Kom\u00e1rom VSE 0-3 (0-1) NB III. \u00c9szak-Nyugati csoport 11. fordul\u00f3 2024.10.13. Kelen&#8230;<\/p>\n","protected":false},"author":1386,"featured_media":21599,"comment_status":"closed","ping_status":"closed","sticky":false,"template":"","format":"standard","meta":{"inline_featured_image":false,"_exactmetrics_skip_tracking":false,"_exactmetrics_sitenote_active":false,"_exactmetrics_sitenote_note":"","_exactmetrics_sitenote_category":0,"footnotes":""},"categories":[11],"tags":[],"_links":{"self":[{"href":"https:\/\/kelensc.hu\/index.php\/wp-json\/wp\/v2\/posts\/21598"}],"collection":[{"href":"https:\/\/kelensc.hu\/index.php\/wp-json\/wp\/v2\/posts"}],"about":[{"href":"https:\/\/kelensc.hu\/index.php\/wp-json\/wp\/v2\/types\/post"}],"author":[{"embeddable":true,"href":"https:\/\/kelensc.hu\/index.php\/wp-json\/wp\/v2\/users\/1386"}],"replies":[{"embeddable":true,"href":"https:\/\/kelensc.hu\/index.php\/wp-json\/wp\/v2\/comments?post=21598"}],"version-history":[{"count":1,"href":"https:\/\/kelensc.hu\/index.php\/wp-json\/wp\/v2\/posts\/21598\/revisions"}],"predecessor-version":[{"id":21600,"href":"https:\/\/kelensc.hu\/index.php\/wp-json\/wp\/v2\/posts\/21598\/revisions\/21600"}],"wp:featuredmedia":[{"embeddable":true,"href":"https:\/\/kelensc.hu\/index.php\/wp-json\/wp\/v2\/media\/21599"}],"wp:attachment":[{"href":"https:\/\/kelensc.hu\/index.php\/wp-json\/wp\/v2\/media?parent=21598"}],"wp:term":[{"taxonomy":"category","embeddable":true,"href":"https:\/\/kelensc.hu\/index.php\/wp-json\/wp\/v2\/categories?post=21598"},{"taxonomy":"post_tag","embeddable":true,"href":"https:\/\/kelensc.hu\/index.php\/wp-json\/wp\/v2\/tags?post=21598"}],"curies":[{"name":"wp","href":"https:\/\/api.w.org\/{rel}","templated":true}]}}