{"id":21476,"date":"2024-09-03T11:21:46","date_gmt":"2024-09-03T09:21:46","guid":{"rendered":"https:\/\/kelensc.hu\/?p=21476"},"modified":"2024-09-03T11:21:46","modified_gmt":"2024-09-03T09:21:46","slug":"pontszerzes-felcsuton","status":"publish","type":"post","link":"https:\/\/kelensc.hu\/index.php\/pontszerzes-felcsuton\/","title":{"rendered":"Pontszerz\u00e9s Felcs\u00faton!"},"content":{"rendered":"<h5>\u00c9rt\u00e9kes pontot szerzett feln\u0151tt csapatunk a Pusk\u00e1s Akad\u00e9mia otthon\u00e1ban. A gy\u0151zelemhez is k\u00f6zel \u00e1lltunk, de a felcs\u00fatiak egaliz\u00e1lni tudtak egy kontr\u00e1t k\u00f6vet\u0151en. Ezzel a ponttal hat fordul\u00f3 ut\u00e1n elmozdultunk a kies\u0151 helyekr\u0151l, \u00e9s a tabella 13. hely\u00e9r\u0151l v\u00e1rjuk az \u00c9rd elleni folytat\u00e1st.<\/h5>\n<p><img decoding=\"async\" loading=\"lazy\" class=\"alignnone wp-image-21477 size-full\" src=\"https:\/\/kelensc.hu\/wp-content\/uploads\/2024\/09\/IMG_5614.jpg\" alt=\"\" width=\"5184\" height=\"3456\" srcset=\"https:\/\/kelensc.hu\/wp-content\/uploads\/2024\/09\/IMG_5614.jpg 5184w, https:\/\/kelensc.hu\/wp-content\/uploads\/2024\/09\/IMG_5614-640x427.jpg 640w, https:\/\/kelensc.hu\/wp-content\/uploads\/2024\/09\/IMG_5614-1280x853.jpg 1280w, https:\/\/kelensc.hu\/wp-content\/uploads\/2024\/09\/IMG_5614-768x512.jpg 768w, https:\/\/kelensc.hu\/wp-content\/uploads\/2024\/09\/IMG_5614-1536x1024.jpg 1536w, https:\/\/kelensc.hu\/wp-content\/uploads\/2024\/09\/IMG_5614-2048x1365.jpg 2048w, https:\/\/kelensc.hu\/wp-content\/uploads\/2024\/09\/IMG_5614-300x200.jpg 300w, https:\/\/kelensc.hu\/wp-content\/uploads\/2024\/09\/IMG_5614-128x85.jpg 128w, https:\/\/kelensc.hu\/wp-content\/uploads\/2024\/09\/IMG_5614-32x21.jpg 32w, https:\/\/kelensc.hu\/wp-content\/uploads\/2024\/09\/IMG_5614-320x213.jpg 320w, https:\/\/kelensc.hu\/wp-content\/uploads\/2024\/09\/IMG_5614-382x255.jpg 382w, https:\/\/kelensc.hu\/wp-content\/uploads\/2024\/09\/IMG_5614-641x427.jpg 641w\" sizes=\"(max-width: 5184px) 100vw, 5184px\" \/><\/p>\n<h5><strong>Pusk\u00e1s Akad\u00e9mia FC II. &#8211; Kelen SC 1-1 (0-0)<\/strong><br \/>\n<strong>NB III. \u00c9szak-Nyugati csoport 6. fordul\u00f3 2024.09.01.<\/strong><br \/>\n<strong>Felcs\u00fat, Pancho Ar\u00e9na<\/strong><\/h5>\n<h5><strong>G\u00f3lszerz\u0151nk: Remili Mohamed (60\u2032)<\/strong><\/h5>\n<div class=\"btArticleContent \">\n<div class=\"bt_bb_wrapper\">\n<div class=\"btArticleContent \">\n<div class=\"bt_bb_wrapper\">\n<div class=\"btArticleContent \">\n<div class=\"bt_bb_wrapper\">\n<h4>Hajr\u00e1 Kelen!!<\/h4>\n<\/div>\n<\/div>\n<\/div>\n<\/div>\n<\/div>\n<\/div>\n","protected":false},"excerpt":{"rendered":"<p>\u00c9rt\u00e9kes pontot szerzett feln\u0151tt csapatunk a Pusk\u00e1s Akad\u00e9mia otthon\u00e1ban. A gy\u0151zelemhez is k\u00f6zel \u00e1lltunk, de a felcs\u00fatiak egaliz\u00e1lni tudtak egy kontr\u00e1t k\u00f6vet\u0151en. Ezzel a ponttal hat fordul\u00f3 ut\u00e1n elmozdultunk a kies\u0151 helyekr\u0151l, \u00e9s a tabella 13. hely\u00e9r\u0151l v\u00e1rjuk az \u00c9rd elleni folytat\u00e1st. Pusk\u00e1s Akad\u00e9mia FC II. &#8211; Kelen SC 1-1 (0-0) NB III. \u00c9szak-Nyugati csoport&#8230;<\/p>\n","protected":false},"author":1386,"featured_media":21477,"comment_status":"closed","ping_status":"closed","sticky":false,"template":"","format":"standard","meta":{"inline_featured_image":false,"_exactmetrics_skip_tracking":false,"_exactmetrics_sitenote_active":false,"_exactmetrics_sitenote_note":"","_exactmetrics_sitenote_category":0,"footnotes":""},"categories":[11],"tags":[],"_links":{"self":[{"href":"https:\/\/kelensc.hu\/index.php\/wp-json\/wp\/v2\/posts\/21476"}],"collection":[{"href":"https:\/\/kelensc.hu\/index.php\/wp-json\/wp\/v2\/posts"}],"about":[{"href":"https:\/\/kelensc.hu\/index.php\/wp-json\/wp\/v2\/types\/post"}],"author":[{"embeddable":true,"href":"https:\/\/kelensc.hu\/index.php\/wp-json\/wp\/v2\/users\/1386"}],"replies":[{"embeddable":true,"href":"https:\/\/kelensc.hu\/index.php\/wp-json\/wp\/v2\/comments?post=21476"}],"version-history":[{"count":1,"href":"https:\/\/kelensc.hu\/index.php\/wp-json\/wp\/v2\/posts\/21476\/revisions"}],"predecessor-version":[{"id":21478,"href":"https:\/\/kelensc.hu\/index.php\/wp-json\/wp\/v2\/posts\/21476\/revisions\/21478"}],"wp:featuredmedia":[{"embeddable":true,"href":"https:\/\/kelensc.hu\/index.php\/wp-json\/wp\/v2\/media\/21477"}],"wp:attachment":[{"href":"https:\/\/kelensc.hu\/index.php\/wp-json\/wp\/v2\/media?parent=21476"}],"wp:term":[{"taxonomy":"category","embeddable":true,"href":"https:\/\/kelensc.hu\/index.php\/wp-json\/wp\/v2\/categories?post=21476"},{"taxonomy":"post_tag","embeddable":true,"href":"https:\/\/kelensc.hu\/index.php\/wp-json\/wp\/v2\/tags?post=21476"}],"curies":[{"name":"wp","href":"https:\/\/api.w.org\/{rel}","templated":true}]}}