{"id":21469,"date":"2024-08-29T10:56:55","date_gmt":"2024-08-29T08:56:55","guid":{"rendered":"https:\/\/kelensc.hu\/?p=21469"},"modified":"2024-08-29T10:56:55","modified_gmt":"2024-08-29T08:56:55","slug":"negygolos-vereseg-a-hetkozi-bajnokin","status":"publish","type":"post","link":"https:\/\/kelensc.hu\/index.php\/negygolos-vereseg-a-hetkozi-bajnokin\/","title":{"rendered":"N\u00e9gyg\u00f3los veres\u00e9g a h\u00e9tk\u00f6zi bajnokin"},"content":{"rendered":"<h5>Feln\u0151tt csapatunk n\u00e9gyg\u00f3los veres\u00e9get szenvedett a m\u00e1sodoszt\u00e1lyb\u00f3l el\u0151z\u0151 id\u00e9ny v\u00e9g\u00e9n t\u00e1voz\u00f3 Mosonmagyar\u00f3v\u00e1rral szemben. K\u00e9t-k\u00e9t tal\u00e1latot jegyzett mindk\u00e9t j\u00e1t\u00e9kr\u00e9sz sor\u00e1n a vend\u00e9g g\u00e1rda, ezzel megszerezve szezonbeli els\u0151 gy\u0151zelm\u00e9t.\u00a0 Folytat\u00e1s vas\u00e1rnap d\u00e9lel\u0151tt, Felcs\u00faton.<\/h5>\n<p><img decoding=\"async\" loading=\"lazy\" class=\"alignnone wp-image-21470 \" src=\"https:\/\/kelensc.hu\/wp-content\/uploads\/2024\/08\/Szurkolas.jpg\" alt=\"\" width=\"861\" height=\"574\" srcset=\"https:\/\/kelensc.hu\/wp-content\/uploads\/2024\/08\/Szurkolas.jpg 5184w, https:\/\/kelensc.hu\/wp-content\/uploads\/2024\/08\/Szurkolas-640x427.jpg 640w, https:\/\/kelensc.hu\/wp-content\/uploads\/2024\/08\/Szurkolas-1280x853.jpg 1280w, https:\/\/kelensc.hu\/wp-content\/uploads\/2024\/08\/Szurkolas-768x512.jpg 768w, https:\/\/kelensc.hu\/wp-content\/uploads\/2024\/08\/Szurkolas-1536x1024.jpg 1536w, https:\/\/kelensc.hu\/wp-content\/uploads\/2024\/08\/Szurkolas-2048x1365.jpg 2048w, https:\/\/kelensc.hu\/wp-content\/uploads\/2024\/08\/Szurkolas-300x200.jpg 300w, https:\/\/kelensc.hu\/wp-content\/uploads\/2024\/08\/Szurkolas-128x85.jpg 128w, https:\/\/kelensc.hu\/wp-content\/uploads\/2024\/08\/Szurkolas-32x21.jpg 32w, https:\/\/kelensc.hu\/wp-content\/uploads\/2024\/08\/Szurkolas-320x213.jpg 320w, https:\/\/kelensc.hu\/wp-content\/uploads\/2024\/08\/Szurkolas-382x255.jpg 382w, https:\/\/kelensc.hu\/wp-content\/uploads\/2024\/08\/Szurkolas-641x427.jpg 641w\" sizes=\"(max-width: 861px) 100vw, 861px\" \/><\/p>\n<h5><strong>Kelen SC \u2013 Credobus Mosonmagyar\u00f3v\u00e1r 0-4 (0-2)<\/strong><br \/>\n<strong>NB III. \u00c9szak-Nyugati csoport 5. fordul\u00f3 2024.08.29.<\/strong><br \/>\n<strong>Kelen SC Sporttelep<\/strong><\/h5>\n","protected":false},"excerpt":{"rendered":"<p>Feln\u0151tt csapatunk n\u00e9gyg\u00f3los veres\u00e9get szenvedett a m\u00e1sodoszt\u00e1lyb\u00f3l el\u0151z\u0151 id\u00e9ny v\u00e9g\u00e9n t\u00e1voz\u00f3 Mosonmagyar\u00f3v\u00e1rral szemben. K\u00e9t-k\u00e9t tal\u00e1latot jegyzett mindk\u00e9t j\u00e1t\u00e9kr\u00e9sz sor\u00e1n a vend\u00e9g g\u00e1rda, ezzel megszerezve szezonbeli els\u0151 gy\u0151zelm\u00e9t.\u00a0 Folytat\u00e1s vas\u00e1rnap d\u00e9lel\u0151tt, Felcs\u00faton. Kelen SC \u2013 Credobus Mosonmagyar\u00f3v\u00e1r 0-4 (0-2) NB III. \u00c9szak-Nyugati csoport 5. fordul\u00f3 2024.08.29. Kelen SC Sporttelep<\/p>\n","protected":false},"author":1386,"featured_media":21470,"comment_status":"closed","ping_status":"closed","sticky":false,"template":"","format":"standard","meta":{"inline_featured_image":false,"_exactmetrics_skip_tracking":false,"_exactmetrics_sitenote_active":false,"_exactmetrics_sitenote_note":"","_exactmetrics_sitenote_category":0,"footnotes":""},"categories":[11],"tags":[],"_links":{"self":[{"href":"https:\/\/kelensc.hu\/index.php\/wp-json\/wp\/v2\/posts\/21469"}],"collection":[{"href":"https:\/\/kelensc.hu\/index.php\/wp-json\/wp\/v2\/posts"}],"about":[{"href":"https:\/\/kelensc.hu\/index.php\/wp-json\/wp\/v2\/types\/post"}],"author":[{"embeddable":true,"href":"https:\/\/kelensc.hu\/index.php\/wp-json\/wp\/v2\/users\/1386"}],"replies":[{"embeddable":true,"href":"https:\/\/kelensc.hu\/index.php\/wp-json\/wp\/v2\/comments?post=21469"}],"version-history":[{"count":1,"href":"https:\/\/kelensc.hu\/index.php\/wp-json\/wp\/v2\/posts\/21469\/revisions"}],"predecessor-version":[{"id":21471,"href":"https:\/\/kelensc.hu\/index.php\/wp-json\/wp\/v2\/posts\/21469\/revisions\/21471"}],"wp:featuredmedia":[{"embeddable":true,"href":"https:\/\/kelensc.hu\/index.php\/wp-json\/wp\/v2\/media\/21470"}],"wp:attachment":[{"href":"https:\/\/kelensc.hu\/index.php\/wp-json\/wp\/v2\/media?parent=21469"}],"wp:term":[{"taxonomy":"category","embeddable":true,"href":"https:\/\/kelensc.hu\/index.php\/wp-json\/wp\/v2\/categories?post=21469"},{"taxonomy":"post_tag","embeddable":true,"href":"https:\/\/kelensc.hu\/index.php\/wp-json\/wp\/v2\/tags?post=21469"}],"curies":[{"name":"wp","href":"https:\/\/api.w.org\/{rel}","templated":true}]}}