{"id":21461,"date":"2024-08-19T12:14:52","date_gmt":"2024-08-19T10:14:52","guid":{"rendered":"https:\/\/kelensc.hu\/?p=21461"},"modified":"2024-08-19T12:14:52","modified_gmt":"2024-08-19T10:14:52","slug":"vereseg-gyorben","status":"publish","type":"post","link":"https:\/\/kelensc.hu\/index.php\/vereseg-gyorben\/","title":{"rendered":"Veres\u00e9g Gy\u0151rben"},"content":{"rendered":"<h5>F\u00e1j\u00f3 veres\u00e9get szenvedt\u00fcnk az ETO Akad\u00e9mi\u00e1val szemben. Egy kiegyenl\u00edtett m\u00e9rk\u0151z\u00e9sen minden es\u00e9ly\u00fcnk megvolt a pontszerz\u00e9sre, azonban a gy\u0151riekkel ellent\u00e9tben mi nem tudtuk kihaszn\u00e1lni az ad\u00f3d\u00f3 lehet\u0151s\u00e9geinket, \u00edgy veres\u00e9ggel t\u00e1voztunk az ETO Parkb\u00f3l. Folytat\u00e1s szombat d\u00e9lel\u0151tt a kup\u00e1ban, a Szeksz\u00e1rd ellen.<\/h5>\n<p><img decoding=\"async\" loading=\"lazy\" class=\"alignnone wp-image-21462 size-full\" src=\"https:\/\/kelensc.hu\/wp-content\/uploads\/2024\/08\/IMG_4753.jpg\" alt=\"\" width=\"5184\" height=\"3456\" srcset=\"https:\/\/kelensc.hu\/wp-content\/uploads\/2024\/08\/IMG_4753.jpg 5184w, https:\/\/kelensc.hu\/wp-content\/uploads\/2024\/08\/IMG_4753-640x427.jpg 640w, https:\/\/kelensc.hu\/wp-content\/uploads\/2024\/08\/IMG_4753-1280x853.jpg 1280w, https:\/\/kelensc.hu\/wp-content\/uploads\/2024\/08\/IMG_4753-768x512.jpg 768w, https:\/\/kelensc.hu\/wp-content\/uploads\/2024\/08\/IMG_4753-1536x1024.jpg 1536w, https:\/\/kelensc.hu\/wp-content\/uploads\/2024\/08\/IMG_4753-2048x1365.jpg 2048w, https:\/\/kelensc.hu\/wp-content\/uploads\/2024\/08\/IMG_4753-300x200.jpg 300w, https:\/\/kelensc.hu\/wp-content\/uploads\/2024\/08\/IMG_4753-128x85.jpg 128w, https:\/\/kelensc.hu\/wp-content\/uploads\/2024\/08\/IMG_4753-32x21.jpg 32w, https:\/\/kelensc.hu\/wp-content\/uploads\/2024\/08\/IMG_4753-320x213.jpg 320w, https:\/\/kelensc.hu\/wp-content\/uploads\/2024\/08\/IMG_4753-382x255.jpg 382w, https:\/\/kelensc.hu\/wp-content\/uploads\/2024\/08\/IMG_4753-641x427.jpg 641w\" sizes=\"(max-width: 5184px) 100vw, 5184px\" \/><\/p>\n<h5><strong>ETO Akad\u00e9mia &#8211; Kelen SC\u00a0 3-1 (0-0)<\/strong><br \/>\n<strong>NB III. \u00c9szak-Nyugati csoport 4. fordul\u00f3 2024.08.18.<\/strong><br \/>\n<strong>Gy\u0151r, ETO Park<\/strong><\/h5>\n<h5><strong>G\u00f3lszerz\u0151nk: Remili Mohamed (57\u2032)<\/strong><\/h5>\n<div class=\"btArticleContent \">\n<div class=\"bt_bb_wrapper\">\n<div class=\"btArticleContent \">\n<div class=\"bt_bb_wrapper\">\n<div class=\"btArticleContent \">\n<div class=\"bt_bb_wrapper\">\n<h4>Hajr\u00e1 Kelen!!<\/h4>\n<\/div>\n<\/div>\n<\/div>\n<\/div>\n<\/div>\n<\/div>\n","protected":false},"excerpt":{"rendered":"<p>F\u00e1j\u00f3 veres\u00e9get szenvedt\u00fcnk az ETO Akad\u00e9mi\u00e1val szemben. Egy kiegyenl\u00edtett m\u00e9rk\u0151z\u00e9sen minden es\u00e9ly\u00fcnk megvolt a pontszerz\u00e9sre, azonban a gy\u0151riekkel ellent\u00e9tben mi nem tudtuk kihaszn\u00e1lni az ad\u00f3d\u00f3 lehet\u0151s\u00e9geinket, \u00edgy veres\u00e9ggel t\u00e1voztunk az ETO Parkb\u00f3l. Folytat\u00e1s szombat d\u00e9lel\u0151tt a kup\u00e1ban, a Szeksz\u00e1rd ellen. ETO Akad\u00e9mia &#8211; Kelen SC\u00a0 3-1 (0-0) NB III. \u00c9szak-Nyugati csoport 4. fordul\u00f3 2024.08.18. Gy\u0151r,&#8230;<\/p>\n","protected":false},"author":1386,"featured_media":21462,"comment_status":"closed","ping_status":"closed","sticky":false,"template":"","format":"standard","meta":{"inline_featured_image":false,"_exactmetrics_skip_tracking":false,"_exactmetrics_sitenote_active":false,"_exactmetrics_sitenote_note":"","_exactmetrics_sitenote_category":0,"footnotes":""},"categories":[11],"tags":[],"_links":{"self":[{"href":"https:\/\/kelensc.hu\/index.php\/wp-json\/wp\/v2\/posts\/21461"}],"collection":[{"href":"https:\/\/kelensc.hu\/index.php\/wp-json\/wp\/v2\/posts"}],"about":[{"href":"https:\/\/kelensc.hu\/index.php\/wp-json\/wp\/v2\/types\/post"}],"author":[{"embeddable":true,"href":"https:\/\/kelensc.hu\/index.php\/wp-json\/wp\/v2\/users\/1386"}],"replies":[{"embeddable":true,"href":"https:\/\/kelensc.hu\/index.php\/wp-json\/wp\/v2\/comments?post=21461"}],"version-history":[{"count":1,"href":"https:\/\/kelensc.hu\/index.php\/wp-json\/wp\/v2\/posts\/21461\/revisions"}],"predecessor-version":[{"id":21463,"href":"https:\/\/kelensc.hu\/index.php\/wp-json\/wp\/v2\/posts\/21461\/revisions\/21463"}],"wp:featuredmedia":[{"embeddable":true,"href":"https:\/\/kelensc.hu\/index.php\/wp-json\/wp\/v2\/media\/21462"}],"wp:attachment":[{"href":"https:\/\/kelensc.hu\/index.php\/wp-json\/wp\/v2\/media?parent=21461"}],"wp:term":[{"taxonomy":"category","embeddable":true,"href":"https:\/\/kelensc.hu\/index.php\/wp-json\/wp\/v2\/categories?post=21461"},{"taxonomy":"post_tag","embeddable":true,"href":"https:\/\/kelensc.hu\/index.php\/wp-json\/wp\/v2\/tags?post=21461"}],"curies":[{"name":"wp","href":"https:\/\/api.w.org\/{rel}","templated":true}]}}