{"id":21361,"date":"2024-07-30T09:14:58","date_gmt":"2024-07-30T07:14:58","guid":{"rendered":"https:\/\/kelensc.hu\/?p=21361"},"modified":"2024-07-30T09:14:58","modified_gmt":"2024-07-30T07:14:58","slug":"vereseg-a-szezonnyiton","status":"publish","type":"post","link":"https:\/\/kelensc.hu\/index.php\/vereseg-a-szezonnyiton\/","title":{"rendered":"Veres\u00e9g a szezonnyit\u00f3n"},"content":{"rendered":"<h5>Feln\u0151tt csapatunk veres\u00e9ggel ind\u00edtotta az id\u00e9nyt a Buda\u00f6rs ellen. A bajnoks\u00e1g egyik leger\u0151sebb csapat\u00e1t fogadtuk a szezonnyit\u00e1nyon \u00e9s a k\u00e9t egy\u00fcttes k\u00f6zti k\u00fcl\u00f6nbs\u00e9g ki is j\u00f6tt a tal\u00e1lkoz\u00f3 sor\u00e1n. A Buda\u00f6rs rutinos, els\u0151oszt\u00e1ly\u00fa tapasztalattal rendelkez\u0151 t\u00e1mad\u00f3sora ellen nem volt ellenszer\u00fcnk, \u00e9s G\u00e1l, Birtalan, Balajti, Sajb\u00e1n tal\u00e1lataival 4-0-s gy\u0151zelemmel t\u00e1vozott a vend\u00e9g g\u00e1rda. Folytat\u00e1s vas\u00e1rnap, a MOL Magyar Kupa 1. k\u00f6r\u00e9ben a P\u00e9ti MTE ellen.<\/h5>\n<p><img decoding=\"async\" loading=\"lazy\" class=\"alignnone wp-image-21362 size-full\" src=\"https:\/\/kelensc.hu\/wp-content\/uploads\/2024\/07\/IMG_2400.jpg\" alt=\"\" width=\"5184\" height=\"3456\" srcset=\"https:\/\/kelensc.hu\/wp-content\/uploads\/2024\/07\/IMG_2400.jpg 5184w, https:\/\/kelensc.hu\/wp-content\/uploads\/2024\/07\/IMG_2400-640x427.jpg 640w, https:\/\/kelensc.hu\/wp-content\/uploads\/2024\/07\/IMG_2400-1280x853.jpg 1280w, https:\/\/kelensc.hu\/wp-content\/uploads\/2024\/07\/IMG_2400-768x512.jpg 768w, https:\/\/kelensc.hu\/wp-content\/uploads\/2024\/07\/IMG_2400-1536x1024.jpg 1536w, https:\/\/kelensc.hu\/wp-content\/uploads\/2024\/07\/IMG_2400-2048x1365.jpg 2048w, https:\/\/kelensc.hu\/wp-content\/uploads\/2024\/07\/IMG_2400-300x200.jpg 300w, https:\/\/kelensc.hu\/wp-content\/uploads\/2024\/07\/IMG_2400-128x85.jpg 128w, https:\/\/kelensc.hu\/wp-content\/uploads\/2024\/07\/IMG_2400-32x21.jpg 32w, https:\/\/kelensc.hu\/wp-content\/uploads\/2024\/07\/IMG_2400-320x213.jpg 320w, https:\/\/kelensc.hu\/wp-content\/uploads\/2024\/07\/IMG_2400-382x255.jpg 382w, https:\/\/kelensc.hu\/wp-content\/uploads\/2024\/07\/IMG_2400-641x427.jpg 641w\" sizes=\"(max-width: 5184px) 100vw, 5184px\" \/><\/p>\n","protected":false},"excerpt":{"rendered":"<p>Feln\u0151tt csapatunk veres\u00e9ggel ind\u00edtotta az id\u00e9nyt a Buda\u00f6rs ellen. A bajnoks\u00e1g egyik leger\u0151sebb csapat\u00e1t fogadtuk a szezonnyit\u00e1nyon \u00e9s a k\u00e9t egy\u00fcttes k\u00f6zti k\u00fcl\u00f6nbs\u00e9g ki is j\u00f6tt a tal\u00e1lkoz\u00f3 sor\u00e1n. A Buda\u00f6rs rutinos, els\u0151oszt\u00e1ly\u00fa tapasztalattal rendelkez\u0151 t\u00e1mad\u00f3sora ellen nem volt ellenszer\u00fcnk, \u00e9s G\u00e1l, Birtalan, Balajti, Sajb\u00e1n tal\u00e1lataival 4-0-s gy\u0151zelemmel t\u00e1vozott a vend\u00e9g g\u00e1rda. Folytat\u00e1s vas\u00e1rnap, a&#8230;<\/p>\n","protected":false},"author":1386,"featured_media":21362,"comment_status":"closed","ping_status":"closed","sticky":false,"template":"","format":"standard","meta":{"inline_featured_image":false,"_exactmetrics_skip_tracking":false,"_exactmetrics_sitenote_active":false,"_exactmetrics_sitenote_note":"","_exactmetrics_sitenote_category":0,"footnotes":""},"categories":[11],"tags":[],"_links":{"self":[{"href":"https:\/\/kelensc.hu\/index.php\/wp-json\/wp\/v2\/posts\/21361"}],"collection":[{"href":"https:\/\/kelensc.hu\/index.php\/wp-json\/wp\/v2\/posts"}],"about":[{"href":"https:\/\/kelensc.hu\/index.php\/wp-json\/wp\/v2\/types\/post"}],"author":[{"embeddable":true,"href":"https:\/\/kelensc.hu\/index.php\/wp-json\/wp\/v2\/users\/1386"}],"replies":[{"embeddable":true,"href":"https:\/\/kelensc.hu\/index.php\/wp-json\/wp\/v2\/comments?post=21361"}],"version-history":[{"count":1,"href":"https:\/\/kelensc.hu\/index.php\/wp-json\/wp\/v2\/posts\/21361\/revisions"}],"predecessor-version":[{"id":21363,"href":"https:\/\/kelensc.hu\/index.php\/wp-json\/wp\/v2\/posts\/21361\/revisions\/21363"}],"wp:featuredmedia":[{"embeddable":true,"href":"https:\/\/kelensc.hu\/index.php\/wp-json\/wp\/v2\/media\/21362"}],"wp:attachment":[{"href":"https:\/\/kelensc.hu\/index.php\/wp-json\/wp\/v2\/media?parent=21361"}],"wp:term":[{"taxonomy":"category","embeddable":true,"href":"https:\/\/kelensc.hu\/index.php\/wp-json\/wp\/v2\/categories?post=21361"},{"taxonomy":"post_tag","embeddable":true,"href":"https:\/\/kelensc.hu\/index.php\/wp-json\/wp\/v2\/tags?post=21361"}],"curies":[{"name":"wp","href":"https:\/\/api.w.org\/{rel}","templated":true}]}}