{"id":21353,"date":"2024-07-26T15:48:20","date_gmt":"2024-07-26T13:48:20","guid":{"rendered":"https:\/\/kelensc.hu\/?p=21353"},"modified":"2024-07-26T15:48:20","modified_gmt":"2024-07-26T13:48:20","slug":"goleros-tamadoval-erositettunk","status":"publish","type":"post","link":"https:\/\/kelensc.hu\/index.php\/goleros-tamadoval-erositettunk\/","title":{"rendered":"G\u00f3ler\u0151s t\u00e1mad\u00f3val er\u0151s\u00edtett\u00fcnk!"},"content":{"rendered":"<h5>A 2005-\u00f6s sz\u00fclet\u00e9s\u0171 Koncz M\u00e1t\u00e9 szem\u00e9ly\u00e9ben egy rendk\u00edv\u00fcl g\u00f3l\u00e9rz\u00e9keny t\u00e1mad\u00f3val er\u0151s\u00f6dik tov\u00e1bb keret\u00fcnk. Ut\u00e1np\u00f3tl\u00e1s \u00e9veit a Kir\u00e1lymajor, Csepel UP SE, Arinergy \u00e9s a Szent Istv\u00e1n SE sz\u00edneiben t\u00f6lt\u00f6tte. A 2023\/24-es szezon sor\u00e1n a Szent Istv\u00e1n csapat\u00e1ban 64 t\u00e9tm\u00e9rk\u0151z\u00e9sen 78 g\u00f3lig jutott! Eddigi p\u00e1lyafut\u00e1sa sor\u00e1n \u00f6sszesen 244 m\u00e9rk\u0151z\u00e9sen l\u00e9pett p\u00e1ly\u00e1ra, melyeken 226 alkalommal tal\u00e1lt az ellenfelek kapuj\u00e1ba.<\/h5>\n<p><img decoding=\"async\" loading=\"lazy\" class=\"alignnone wp-image-21354 size-full\" src=\"https:\/\/kelensc.hu\/wp-content\/uploads\/2024\/07\/Koncz-Mate-Udv-a-Kelenben.png\" alt=\"\" width=\"1080\" height=\"1080\" srcset=\"https:\/\/kelensc.hu\/wp-content\/uploads\/2024\/07\/Koncz-Mate-Udv-a-Kelenben.png 1080w, https:\/\/kelensc.hu\/wp-content\/uploads\/2024\/07\/Koncz-Mate-Udv-a-Kelenben-640x640.png 640w, https:\/\/kelensc.hu\/wp-content\/uploads\/2024\/07\/Koncz-Mate-Udv-a-Kelenben-160x160.png 160w, https:\/\/kelensc.hu\/wp-content\/uploads\/2024\/07\/Koncz-Mate-Udv-a-Kelenben-768x768.png 768w, https:\/\/kelensc.hu\/wp-content\/uploads\/2024\/07\/Koncz-Mate-Udv-a-Kelenben-300x300.png 300w, https:\/\/kelensc.hu\/wp-content\/uploads\/2024\/07\/Koncz-Mate-Udv-a-Kelenben-128x128.png 128w, https:\/\/kelensc.hu\/wp-content\/uploads\/2024\/07\/Koncz-Mate-Udv-a-Kelenben-32x32.png 32w, https:\/\/kelensc.hu\/wp-content\/uploads\/2024\/07\/Koncz-Mate-Udv-a-Kelenben-320x320.png 320w, https:\/\/kelensc.hu\/wp-content\/uploads\/2024\/07\/Koncz-Mate-Udv-a-Kelenben-382x382.png 382w, https:\/\/kelensc.hu\/wp-content\/uploads\/2024\/07\/Koncz-Mate-Udv-a-Kelenben-641x641.png 641w, https:\/\/kelensc.hu\/wp-content\/uploads\/2024\/07\/Koncz-Mate-Udv-a-Kelenben-100x100.png 100w\" sizes=\"(max-width: 1080px) 100vw, 1080px\" \/><\/p>\n<h4>\u00dcdv a Kelenben!<\/h4>\n","protected":false},"excerpt":{"rendered":"<p>A 2005-\u00f6s sz\u00fclet\u00e9s\u0171 Koncz M\u00e1t\u00e9 szem\u00e9ly\u00e9ben egy rendk\u00edv\u00fcl g\u00f3l\u00e9rz\u00e9keny t\u00e1mad\u00f3val er\u0151s\u00f6dik tov\u00e1bb keret\u00fcnk. Ut\u00e1np\u00f3tl\u00e1s \u00e9veit a Kir\u00e1lymajor, Csepel UP SE, Arinergy \u00e9s a Szent Istv\u00e1n SE sz\u00edneiben t\u00f6lt\u00f6tte. A 2023\/24-es szezon sor\u00e1n a Szent Istv\u00e1n csapat\u00e1ban 64 t\u00e9tm\u00e9rk\u0151z\u00e9sen 78 g\u00f3lig jutott! Eddigi p\u00e1lyafut\u00e1sa sor\u00e1n \u00f6sszesen 244 m\u00e9rk\u0151z\u00e9sen l\u00e9pett p\u00e1ly\u00e1ra, melyeken 226 alkalommal tal\u00e1lt az ellenfelek&#8230;<\/p>\n","protected":false},"author":1386,"featured_media":21354,"comment_status":"closed","ping_status":"closed","sticky":false,"template":"","format":"standard","meta":{"inline_featured_image":false,"_exactmetrics_skip_tracking":false,"_exactmetrics_sitenote_active":false,"_exactmetrics_sitenote_note":"","_exactmetrics_sitenote_category":0,"footnotes":""},"categories":[11],"tags":[],"_links":{"self":[{"href":"https:\/\/kelensc.hu\/index.php\/wp-json\/wp\/v2\/posts\/21353"}],"collection":[{"href":"https:\/\/kelensc.hu\/index.php\/wp-json\/wp\/v2\/posts"}],"about":[{"href":"https:\/\/kelensc.hu\/index.php\/wp-json\/wp\/v2\/types\/post"}],"author":[{"embeddable":true,"href":"https:\/\/kelensc.hu\/index.php\/wp-json\/wp\/v2\/users\/1386"}],"replies":[{"embeddable":true,"href":"https:\/\/kelensc.hu\/index.php\/wp-json\/wp\/v2\/comments?post=21353"}],"version-history":[{"count":1,"href":"https:\/\/kelensc.hu\/index.php\/wp-json\/wp\/v2\/posts\/21353\/revisions"}],"predecessor-version":[{"id":21355,"href":"https:\/\/kelensc.hu\/index.php\/wp-json\/wp\/v2\/posts\/21353\/revisions\/21355"}],"wp:featuredmedia":[{"embeddable":true,"href":"https:\/\/kelensc.hu\/index.php\/wp-json\/wp\/v2\/media\/21354"}],"wp:attachment":[{"href":"https:\/\/kelensc.hu\/index.php\/wp-json\/wp\/v2\/media?parent=21353"}],"wp:term":[{"taxonomy":"category","embeddable":true,"href":"https:\/\/kelensc.hu\/index.php\/wp-json\/wp\/v2\/categories?post=21353"},{"taxonomy":"post_tag","embeddable":true,"href":"https:\/\/kelensc.hu\/index.php\/wp-json\/wp\/v2\/tags?post=21353"}],"curies":[{"name":"wp","href":"https:\/\/api.w.org\/{rel}","templated":true}]}}