{"id":21239,"date":"2024-04-16T10:52:26","date_gmt":"2024-04-16T08:52:26","guid":{"rendered":"https:\/\/kelensc.hu\/?p=21239"},"modified":"2024-04-16T10:52:26","modified_gmt":"2024-04-16T08:52:26","slug":"vereseg-gyirmoton","status":"publish","type":"post","link":"https:\/\/kelensc.hu\/index.php\/vereseg-gyirmoton\/","title":{"rendered":"Veres\u00e9g Gyirm\u00f3ton"},"content":{"rendered":"<h5>Feln\u0151tt csapatunk 5-1-es veres\u00e9get szenvedett a Gyirm\u00f3t II. csapat\u00e1val szemben az NBIII. 24. fordul\u00f3j\u00e1ban. Az els\u0151 j\u00e1t\u00e9kr\u00e9sz sor\u00e1n ak\u00e1r t\u00f6bb g\u00f3lt is szerezhett\u00fcnk volna, v\u00e9g\u00fcl m\u00e9gis a hazaiak szerezt\u00e9k meg a vezet\u00e9st a f\u00e9lid\u0151 v\u00e9g\u00e9n, majd a k\u00f6vetkez\u0151 45 perc sor\u00e1n bedar\u00e1ltak minket a gyirm\u00f3tiak, \u00e9s \u00f6t g\u00f3lig meg se \u00e1lltak. Jav\u00edt\u00e1si lehet\u0151s\u00e9g vas\u00e1rnap, a dobog\u00f3s Bicske otthon\u00e1ban.<\/h5>\n<p><img decoding=\"async\" loading=\"lazy\" class=\"alignnone wp-image-21240 size-full\" src=\"https:\/\/kelensc.hu\/wp-content\/uploads\/2024\/04\/IMG_6536.jpg\" alt=\"\" width=\"5184\" height=\"3456\" srcset=\"https:\/\/kelensc.hu\/wp-content\/uploads\/2024\/04\/IMG_6536.jpg 5184w, https:\/\/kelensc.hu\/wp-content\/uploads\/2024\/04\/IMG_6536-640x427.jpg 640w, https:\/\/kelensc.hu\/wp-content\/uploads\/2024\/04\/IMG_6536-1280x853.jpg 1280w, https:\/\/kelensc.hu\/wp-content\/uploads\/2024\/04\/IMG_6536-768x512.jpg 768w, https:\/\/kelensc.hu\/wp-content\/uploads\/2024\/04\/IMG_6536-1536x1024.jpg 1536w, https:\/\/kelensc.hu\/wp-content\/uploads\/2024\/04\/IMG_6536-2048x1365.jpg 2048w, https:\/\/kelensc.hu\/wp-content\/uploads\/2024\/04\/IMG_6536-300x200.jpg 300w, https:\/\/kelensc.hu\/wp-content\/uploads\/2024\/04\/IMG_6536-128x85.jpg 128w, https:\/\/kelensc.hu\/wp-content\/uploads\/2024\/04\/IMG_6536-32x21.jpg 32w, https:\/\/kelensc.hu\/wp-content\/uploads\/2024\/04\/IMG_6536-320x213.jpg 320w, https:\/\/kelensc.hu\/wp-content\/uploads\/2024\/04\/IMG_6536-382x255.jpg 382w, https:\/\/kelensc.hu\/wp-content\/uploads\/2024\/04\/IMG_6536-641x427.jpg 641w\" sizes=\"(max-width: 5184px) 100vw, 5184px\" \/><\/p>\n<h5><strong>Gyirm\u00f3t FC Gy\u0151r II. \u2013 Kelen SC\u00a0 5-1 (2-1)<\/strong><br \/>\n<strong>NB III. \u00c9szak-Nyugati csoport 24. fordul\u00f3 2024.04.13.<\/strong><br \/>\n<strong>Gyirm\u00f3t, ALCUFER Stadion<\/strong><br \/>\n<strong>G\u00f3lszerz\u0151nk: Szab\u00f3 G\u00e1bor (8\u2032)<\/strong><\/h5>\n<p>&nbsp;<\/p>\n","protected":false},"excerpt":{"rendered":"<p>Feln\u0151tt csapatunk 5-1-es veres\u00e9get szenvedett a Gyirm\u00f3t II. csapat\u00e1val szemben az NBIII. 24. fordul\u00f3j\u00e1ban. Az els\u0151 j\u00e1t\u00e9kr\u00e9sz sor\u00e1n ak\u00e1r t\u00f6bb g\u00f3lt is szerezhett\u00fcnk volna, v\u00e9g\u00fcl m\u00e9gis a hazaiak szerezt\u00e9k meg a vezet\u00e9st a f\u00e9lid\u0151 v\u00e9g\u00e9n, majd a k\u00f6vetkez\u0151 45 perc sor\u00e1n bedar\u00e1ltak minket a gyirm\u00f3tiak, \u00e9s \u00f6t g\u00f3lig meg se \u00e1lltak. Jav\u00edt\u00e1si lehet\u0151s\u00e9g vas\u00e1rnap, a&#8230;<\/p>\n","protected":false},"author":1386,"featured_media":21240,"comment_status":"closed","ping_status":"closed","sticky":false,"template":"","format":"standard","meta":{"inline_featured_image":false,"_exactmetrics_skip_tracking":false,"_exactmetrics_sitenote_active":false,"_exactmetrics_sitenote_note":"","_exactmetrics_sitenote_category":0,"footnotes":""},"categories":[11],"tags":[],"_links":{"self":[{"href":"https:\/\/kelensc.hu\/index.php\/wp-json\/wp\/v2\/posts\/21239"}],"collection":[{"href":"https:\/\/kelensc.hu\/index.php\/wp-json\/wp\/v2\/posts"}],"about":[{"href":"https:\/\/kelensc.hu\/index.php\/wp-json\/wp\/v2\/types\/post"}],"author":[{"embeddable":true,"href":"https:\/\/kelensc.hu\/index.php\/wp-json\/wp\/v2\/users\/1386"}],"replies":[{"embeddable":true,"href":"https:\/\/kelensc.hu\/index.php\/wp-json\/wp\/v2\/comments?post=21239"}],"version-history":[{"count":1,"href":"https:\/\/kelensc.hu\/index.php\/wp-json\/wp\/v2\/posts\/21239\/revisions"}],"predecessor-version":[{"id":21241,"href":"https:\/\/kelensc.hu\/index.php\/wp-json\/wp\/v2\/posts\/21239\/revisions\/21241"}],"wp:featuredmedia":[{"embeddable":true,"href":"https:\/\/kelensc.hu\/index.php\/wp-json\/wp\/v2\/media\/21240"}],"wp:attachment":[{"href":"https:\/\/kelensc.hu\/index.php\/wp-json\/wp\/v2\/media?parent=21239"}],"wp:term":[{"taxonomy":"category","embeddable":true,"href":"https:\/\/kelensc.hu\/index.php\/wp-json\/wp\/v2\/categories?post=21239"},{"taxonomy":"post_tag","embeddable":true,"href":"https:\/\/kelensc.hu\/index.php\/wp-json\/wp\/v2\/tags?post=21239"}],"curies":[{"name":"wp","href":"https:\/\/api.w.org\/{rel}","templated":true}]}}