{"id":21234,"date":"2024-04-09T08:46:38","date_gmt":"2024-04-09T06:46:38","guid":{"rendered":"https:\/\/kelensc.hu\/?p=21234"},"modified":"2024-04-09T08:48:11","modified_gmt":"2024-04-09T06:48:11","slug":"kelen-tabor-2024-kozossegi-szolgalat","status":"publish","type":"post","link":"https:\/\/kelensc.hu\/index.php\/kelen-tabor-2024-kozossegi-szolgalat\/","title":{"rendered":"KELEN T\u00c1BOR 2024 &#8211; K\u00d6Z\u00d6SS\u00c9GI SZOLG\u00c1LAT"},"content":{"rendered":"<h5>A kor\u00e1bbi \u00e9vek gyakorlat\u00e1hoz hasonl\u00f3an id\u00e9n is jelentkezhetnek k\u00f6z\u00f6ss\u00e9gi szolg\u00e1latuk teljes\u00edt\u00e9se c\u00e9lj\u00e1b\u00f3l gimnazista di\u00e1kok a Kelen t\u00e1borokba, ahol a napi folyamatok lebonyol\u00edt\u00e1s\u00e1ban val\u00f3 akt\u00edv r\u00e9szv\u00e9tellel nagyban hozz\u00e1j\u00e1rulhatnak egy \u00e9vr\u0151l-\u00e9vre tereb\u00e9lyesed\u0151 k\u00f6z\u00f6ss\u00e9g erej\u00e9nek fenntart\u00e1s\u00e1ban \u00e9s fejl\u0151d\u00e9s\u00e9ben.<\/h5>\n<h6>A Kelen t\u00e1borokban elt\u00f6lteni k\u00edv\u00e1nt k\u00f6z\u00f6ss\u00e9gi szolg\u00e1latra az al\u00e1bbi linken tal\u00e1lhat\u00f3 \u0171rlap kit\u00f6lt\u00e9s\u00e9vel lehets\u00e9ges jelentkezni!<br \/>\n<a href=\"https:\/\/docs.google.com\/forms\/d\/e\/1FAIpQLSf8p0bqlUQuAy-wHtGJogy8NT3rxLYUlYWUxJNrcPRXYAT1_Q\/viewform\" target=\"_blank\" rel=\"noopener\">https:\/\/docs.google.com\/forms\/d\/e\/1FAIpQLSf8p0bqlUQuAy-wHtGJogy8NT3rxLYUlYWUxJNrcPRXYAT1_Q\/viewform<\/a><\/h6>\n<p>&nbsp;<\/p>\n<p><img decoding=\"async\" loading=\"lazy\" class=\"wp-image-21235 size-medium alignnone\" src=\"https:\/\/kelensc.hu\/wp-content\/uploads\/2024\/04\/Kozossegi-szolgalat-2024-640x905.png\" alt=\"\" width=\"640\" height=\"905\" srcset=\"https:\/\/kelensc.hu\/wp-content\/uploads\/2024\/04\/Kozossegi-szolgalat-2024-640x905.png 640w, https:\/\/kelensc.hu\/wp-content\/uploads\/2024\/04\/Kozossegi-szolgalat-2024-1280x1810.png 1280w, https:\/\/kelensc.hu\/wp-content\/uploads\/2024\/04\/Kozossegi-szolgalat-2024-768x1086.png 768w, https:\/\/kelensc.hu\/wp-content\/uploads\/2024\/04\/Kozossegi-szolgalat-2024-1086x1536.png 1086w, https:\/\/kelensc.hu\/wp-content\/uploads\/2024\/04\/Kozossegi-szolgalat-2024-212x300.png 212w, https:\/\/kelensc.hu\/wp-content\/uploads\/2024\/04\/Kozossegi-szolgalat-2024-90x128.png 90w, https:\/\/kelensc.hu\/wp-content\/uploads\/2024\/04\/Kozossegi-szolgalat-2024-23x32.png 23w, https:\/\/kelensc.hu\/wp-content\/uploads\/2024\/04\/Kozossegi-szolgalat-2024-320x453.png 320w, https:\/\/kelensc.hu\/wp-content\/uploads\/2024\/04\/Kozossegi-szolgalat-2024-382x540.png 382w, https:\/\/kelensc.hu\/wp-content\/uploads\/2024\/04\/Kozossegi-szolgalat-2024-641x907.png 641w, https:\/\/kelensc.hu\/wp-content\/uploads\/2024\/04\/Kozossegi-szolgalat-2024.png 1414w\" sizes=\"(max-width: 640px) 100vw, 640px\" \/><\/p>\n<h6>T\u00faljelentkez\u00e9s eset\u00e9n nem minden jelentkez\u0151t tudunk fogadni, a jelentkez\u00e9s elfogad\u00e1s\u00e1r\u00f3l e-mailen kereszt\u00fcl k\u00fcld\u00fcnk visszajelz\u00e9st!<\/h6>\n<h6>Minden tov\u00e1bbi inform\u00e1ci\u00f3 a t\u00e1borr\u00f3l az al\u00e1bbi cikkben tal\u00e1lhat\u00f3.<br \/>\n<a href=\"https:\/\/kelensc.hu\/index.php\/kelen-tabor-2024-elindult-a-jelentkezes\/\" target=\"_blank\" rel=\"noopener\">https:\/\/kelensc.hu\/index.php\/kelen-tabor-2024-elindult-a-jelentkezes\/<\/a><\/h6>\n<h3>Hajr\u00e1 Kelen!!<\/h3>\n","protected":false},"excerpt":{"rendered":"<p>A kor\u00e1bbi \u00e9vek gyakorlat\u00e1hoz hasonl\u00f3an id\u00e9n is jelentkezhetnek k\u00f6z\u00f6ss\u00e9gi szolg\u00e1latuk teljes\u00edt\u00e9se c\u00e9lj\u00e1b\u00f3l gimnazista di\u00e1kok a Kelen t\u00e1borokba, ahol a napi folyamatok lebonyol\u00edt\u00e1s\u00e1ban val\u00f3 akt\u00edv r\u00e9szv\u00e9tellel nagyban hozz\u00e1j\u00e1rulhatnak egy \u00e9vr\u0151l-\u00e9vre tereb\u00e9lyesed\u0151 k\u00f6z\u00f6ss\u00e9g erej\u00e9nek fenntart\u00e1s\u00e1ban \u00e9s fejl\u0151d\u00e9s\u00e9ben. A Kelen t\u00e1borokban elt\u00f6lteni k\u00edv\u00e1nt k\u00f6z\u00f6ss\u00e9gi szolg\u00e1latra az al\u00e1bbi linken tal\u00e1lhat\u00f3 \u0171rlap kit\u00f6lt\u00e9s\u00e9vel lehets\u00e9ges jelentkezni! https:\/\/docs.google.com\/forms\/d\/e\/1FAIpQLSf8p0bqlUQuAy-wHtGJogy8NT3rxLYUlYWUxJNrcPRXYAT1_Q\/viewform &nbsp; T\u00faljelentkez\u00e9s eset\u00e9n nem&#8230;<\/p>\n","protected":false},"author":1386,"featured_media":21235,"comment_status":"closed","ping_status":"closed","sticky":false,"template":"","format":"standard","meta":{"inline_featured_image":false,"_exactmetrics_skip_tracking":false,"_exactmetrics_sitenote_active":false,"_exactmetrics_sitenote_note":"","_exactmetrics_sitenote_category":0,"footnotes":""},"categories":[1,11,51,66],"tags":[],"_links":{"self":[{"href":"https:\/\/kelensc.hu\/index.php\/wp-json\/wp\/v2\/posts\/21234"}],"collection":[{"href":"https:\/\/kelensc.hu\/index.php\/wp-json\/wp\/v2\/posts"}],"about":[{"href":"https:\/\/kelensc.hu\/index.php\/wp-json\/wp\/v2\/types\/post"}],"author":[{"embeddable":true,"href":"https:\/\/kelensc.hu\/index.php\/wp-json\/wp\/v2\/users\/1386"}],"replies":[{"embeddable":true,"href":"https:\/\/kelensc.hu\/index.php\/wp-json\/wp\/v2\/comments?post=21234"}],"version-history":[{"count":2,"href":"https:\/\/kelensc.hu\/index.php\/wp-json\/wp\/v2\/posts\/21234\/revisions"}],"predecessor-version":[{"id":21237,"href":"https:\/\/kelensc.hu\/index.php\/wp-json\/wp\/v2\/posts\/21234\/revisions\/21237"}],"wp:featuredmedia":[{"embeddable":true,"href":"https:\/\/kelensc.hu\/index.php\/wp-json\/wp\/v2\/media\/21235"}],"wp:attachment":[{"href":"https:\/\/kelensc.hu\/index.php\/wp-json\/wp\/v2\/media?parent=21234"}],"wp:term":[{"taxonomy":"category","embeddable":true,"href":"https:\/\/kelensc.hu\/index.php\/wp-json\/wp\/v2\/categories?post=21234"},{"taxonomy":"post_tag","embeddable":true,"href":"https:\/\/kelensc.hu\/index.php\/wp-json\/wp\/v2\/tags?post=21234"}],"curies":[{"name":"wp","href":"https:\/\/api.w.org\/{rel}","templated":true}]}}