{"id":21181,"date":"2024-03-09T08:51:11","date_gmt":"2024-03-09T07:51:11","guid":{"rendered":"https:\/\/kelensc.hu\/?p=21181"},"modified":"2024-03-09T13:04:09","modified_gmt":"2024-03-09T12:04:09","slug":"simon-akos-varakozasai-az-eto-akademia-ellen","status":"publish","type":"post","link":"https:\/\/kelensc.hu\/index.php\/simon-akos-varakozasai-az-eto-akademia-ellen\/","title":{"rendered":"Simon \u00c1kos v\u00e1rakoz\u00e1sai az ETO Akad\u00e9mia ellen"},"content":{"rendered":"<h5>\u00cdgy v\u00e1rja feln\u0151tt csapatunk vezet\u0151edz\u0151je, Simon \u00c1kos az ETO Akad\u00e9mia elleni \u00f6sszecsap\u00e1st.<\/h5>\n<p><img decoding=\"async\" loading=\"lazy\" class=\"alignnone wp-image-21168 size-full\" src=\"https:\/\/kelensc.hu\/wp-content\/uploads\/2024\/03\/IMG_7407.jpg\" alt=\"\" width=\"5184\" height=\"3456\" srcset=\"https:\/\/kelensc.hu\/wp-content\/uploads\/2024\/03\/IMG_7407.jpg 5184w, https:\/\/kelensc.hu\/wp-content\/uploads\/2024\/03\/IMG_7407-640x427.jpg 640w, https:\/\/kelensc.hu\/wp-content\/uploads\/2024\/03\/IMG_7407-1280x853.jpg 1280w, https:\/\/kelensc.hu\/wp-content\/uploads\/2024\/03\/IMG_7407-768x512.jpg 768w, https:\/\/kelensc.hu\/wp-content\/uploads\/2024\/03\/IMG_7407-1536x1024.jpg 1536w, https:\/\/kelensc.hu\/wp-content\/uploads\/2024\/03\/IMG_7407-2048x1365.jpg 2048w, https:\/\/kelensc.hu\/wp-content\/uploads\/2024\/03\/IMG_7407-300x200.jpg 300w, https:\/\/kelensc.hu\/wp-content\/uploads\/2024\/03\/IMG_7407-128x85.jpg 128w, https:\/\/kelensc.hu\/wp-content\/uploads\/2024\/03\/IMG_7407-32x21.jpg 32w, https:\/\/kelensc.hu\/wp-content\/uploads\/2024\/03\/IMG_7407-320x213.jpg 320w, https:\/\/kelensc.hu\/wp-content\/uploads\/2024\/03\/IMG_7407-382x255.jpg 382w, https:\/\/kelensc.hu\/wp-content\/uploads\/2024\/03\/IMG_7407-641x427.jpg 641w\" sizes=\"(max-width: 5184px) 100vw, 5184px\" \/><\/p>\n<blockquote><p>A Halad\u00e1s elleni veres\u00e9g nagyon f\u00e1j\u00f3. Ha az els\u0151 j\u00e1t\u00e9kr\u00e9szben r\u00fagtunk volna m\u00e9g egy g\u00f3lt legal\u00e1bb, akkor abb\u00f3l val\u00f3sz\u00edn\u0171leg nem \u00e1ll fel m\u00e1r a vasi egyes\u00fclet, de az els\u0151 kapott g\u00f3l teljesen megzavarta a fejeket \u00e9s pillanatok alatt elt\u0171nt a k\u00e9tg\u00f3los k\u00fcl\u00f6nbs\u00e9g, r\u00e1ad\u00e1sul a g\u00f3lokat aj\u00e1nd\u00e9koztuk ellenfel\u00fcnknek, de gratul\u00e1lok a Hali j\u00e1t\u00e9kosok mentalit\u00e1s\u00e1hoz, ez hozta meg a gy\u0151zelm\u00fcket.<br \/>\nPont\u00e9rt, pontok\u00e9rt megy\u00fcnk Gy\u0151rbe. Tudjuk, hogy a hazai csapatban fiatal, tehets\u00e9ges j\u00e1t\u00e9kosok szerepelnek, akik szervezetten, agilisan j\u00e1tszanak. A tabell\u00e1n elfoglalt hely\u00fck csal\u00f3ka, sz\u00f3val neh\u00e9z m\u00e9rk\u0151z\u00e9sre sz\u00e1m\u00edtok.<\/p><\/blockquote>\n<div class=\"btArticleContent \">\n<div class=\"bt_bb_wrapper\">\n<h5>Hajr\u00e1 Kelen!!<\/h5>\n<\/div>\n<\/div>\n","protected":false},"excerpt":{"rendered":"<p>\u00cdgy v\u00e1rja feln\u0151tt csapatunk vezet\u0151edz\u0151je, Simon \u00c1kos az ETO Akad\u00e9mia elleni \u00f6sszecsap\u00e1st. A Halad\u00e1s elleni veres\u00e9g nagyon f\u00e1j\u00f3. Ha az els\u0151 j\u00e1t\u00e9kr\u00e9szben r\u00fagtunk volna m\u00e9g egy g\u00f3lt legal\u00e1bb, akkor abb\u00f3l val\u00f3sz\u00edn\u0171leg nem \u00e1ll fel m\u00e1r a vasi egyes\u00fclet, de az els\u0151 kapott g\u00f3l teljesen megzavarta a fejeket \u00e9s pillanatok alatt elt\u0171nt a k\u00e9tg\u00f3los k\u00fcl\u00f6nbs\u00e9g, r\u00e1ad\u00e1sul&#8230;<\/p>\n","protected":false},"author":1386,"featured_media":21182,"comment_status":"closed","ping_status":"closed","sticky":false,"template":"","format":"standard","meta":{"inline_featured_image":false,"_exactmetrics_skip_tracking":false,"_exactmetrics_sitenote_active":false,"_exactmetrics_sitenote_note":"","_exactmetrics_sitenote_category":0,"footnotes":""},"categories":[11],"tags":[],"_links":{"self":[{"href":"https:\/\/kelensc.hu\/index.php\/wp-json\/wp\/v2\/posts\/21181"}],"collection":[{"href":"https:\/\/kelensc.hu\/index.php\/wp-json\/wp\/v2\/posts"}],"about":[{"href":"https:\/\/kelensc.hu\/index.php\/wp-json\/wp\/v2\/types\/post"}],"author":[{"embeddable":true,"href":"https:\/\/kelensc.hu\/index.php\/wp-json\/wp\/v2\/users\/1386"}],"replies":[{"embeddable":true,"href":"https:\/\/kelensc.hu\/index.php\/wp-json\/wp\/v2\/comments?post=21181"}],"version-history":[{"count":1,"href":"https:\/\/kelensc.hu\/index.php\/wp-json\/wp\/v2\/posts\/21181\/revisions"}],"predecessor-version":[{"id":21183,"href":"https:\/\/kelensc.hu\/index.php\/wp-json\/wp\/v2\/posts\/21181\/revisions\/21183"}],"wp:featuredmedia":[{"embeddable":true,"href":"https:\/\/kelensc.hu\/index.php\/wp-json\/wp\/v2\/media\/21182"}],"wp:attachment":[{"href":"https:\/\/kelensc.hu\/index.php\/wp-json\/wp\/v2\/media?parent=21181"}],"wp:term":[{"taxonomy":"category","embeddable":true,"href":"https:\/\/kelensc.hu\/index.php\/wp-json\/wp\/v2\/categories?post=21181"},{"taxonomy":"post_tag","embeddable":true,"href":"https:\/\/kelensc.hu\/index.php\/wp-json\/wp\/v2\/tags?post=21181"}],"curies":[{"name":"wp","href":"https:\/\/api.w.org\/{rel}","templated":true}]}}