{"id":21073,"date":"2024-01-05T13:51:48","date_gmt":"2024-01-05T12:51:48","guid":{"rendered":"https:\/\/kelensc.hu\/?p=21073"},"modified":"2024-01-05T13:53:25","modified_gmt":"2024-01-05T12:53:25","slug":"felevertekelo-5-resz-zold-u11","status":"publish","type":"post","link":"https:\/\/kelensc.hu\/index.php\/felevertekelo-5-resz-zold-u11\/","title":{"rendered":"F\u00e9l\u00e9v\u00e9rt\u00e9kel\u0151 5. r\u00e9sz &#8211; Z\u00f6ld U11"},"content":{"rendered":"<h5>Folytatjuk f\u00e9l\u00e9v\u00e9rt\u00e9kel\u0151 rovatunkat, ez\u00fattal Z\u00f6ld U11-es csapatunk vezet\u0151edz\u0151je, Bernhardt Bernadett mes\u00e9lt csapata \u0151szi id\u0151szak\u00e1r\u00f3l.<\/h5>\n<p><img decoding=\"async\" loading=\"lazy\" class=\"alignnone wp-image-21074 size-full\" src=\"https:\/\/kelensc.hu\/wp-content\/uploads\/2024\/01\/Zold-U11-csapatkep.jpg\" alt=\"\" width=\"2048\" height=\"1536\" srcset=\"https:\/\/kelensc.hu\/wp-content\/uploads\/2024\/01\/Zold-U11-csapatkep.jpg 2048w, https:\/\/kelensc.hu\/wp-content\/uploads\/2024\/01\/Zold-U11-csapatkep-640x480.jpg 640w, https:\/\/kelensc.hu\/wp-content\/uploads\/2024\/01\/Zold-U11-csapatkep-1280x960.jpg 1280w, https:\/\/kelensc.hu\/wp-content\/uploads\/2024\/01\/Zold-U11-csapatkep-768x576.jpg 768w, https:\/\/kelensc.hu\/wp-content\/uploads\/2024\/01\/Zold-U11-csapatkep-1536x1152.jpg 1536w, https:\/\/kelensc.hu\/wp-content\/uploads\/2024\/01\/Zold-U11-csapatkep-300x225.jpg 300w, https:\/\/kelensc.hu\/wp-content\/uploads\/2024\/01\/Zold-U11-csapatkep-128x96.jpg 128w, https:\/\/kelensc.hu\/wp-content\/uploads\/2024\/01\/Zold-U11-csapatkep-32x24.jpg 32w, https:\/\/kelensc.hu\/wp-content\/uploads\/2024\/01\/Zold-U11-csapatkep-320x240.jpg 320w, https:\/\/kelensc.hu\/wp-content\/uploads\/2024\/01\/Zold-U11-csapatkep-382x287.jpg 382w, https:\/\/kelensc.hu\/wp-content\/uploads\/2024\/01\/Zold-U11-csapatkep-641x481.jpg 641w\" sizes=\"(max-width: 2048px) 100vw, 2048px\" \/><\/p>\n<blockquote><p>Szezon kezdetekor nem volt ismeretlen a csapat sz\u00e1momra, hiszen tavaly Barbinak seg\u00ectettem a munk\u00e1j\u00e1t enn\u00e9l a koroszt\u00e1lyn\u00e1l, aki remek munk\u00e1t v\u00e9gzett vel\u00fck, \u00e1tadva nekik a 6+1-es j\u00e1t\u00e9krendszer alapvet\u0151 feladatait. Nehezen indult a szezon sz\u00e1munkra, hiszen t\u00f6bb nyaral\u00e1s is h\u00e1tr\u00e1ltatta a felk\u00e9sz\u00fcl\u00e9s\u00fcnket, de ez az iskolakezd\u00e9ssel p\u00e1rhuzamosan sz\u00e9pen be\u00e1llt, \u00e9s szinte teljes l\u00e9tsz\u00e1mmal tudtunk dolgozni az \u0151sz folyam\u00e1n az edz\u00e9seken. A Dunamenti Lig\u00e1ban nagyon hull\u00e1mz\u00f3 volt a teljes\u00edtm\u00e9ny\u00fcnk, ennek is tudhat\u00f3 be, hogy a 8. helyen v\u00e1rjuk a folytat\u00e1st, itt vannak olyan csapatok, akik el\u0151tt\u00fcnk j\u00e1rnak, de c\u00e9lunk, hogy k\u00f6zelebb ker\u00fclj\u00fcnk hozz\u00e1juk. A TK torna sorozatban m\u00e1r j\u00f3val kiegyens\u00falyozottabb volt a csapat, \u00e9s m\u00e1r sz\u00e9p j\u00e1t\u00e9kot mutatva siker\u00fclt h\u00e9tr\u0151l h\u00e9tre egyre jobb teljes\u00edtm\u00e9ny ny\u00fajtanunk. K\u00f6sz\u00f6n\u00f6m a sr\u00e1cok hozz\u00e1\u00e1ll\u00e1s\u00e1t, illetve a sz\u00fcl\u0151k f\u00e1radhatatlan seg\u00edts\u00e9g\u00e9t!<\/p><\/blockquote>\n<div class=\"btArticleContent \">\n<div class=\"bt_bb_wrapper\">\n<h4>Hajr\u00e1 Kelen!!<\/h4>\n<\/div>\n<\/div>\n","protected":false},"excerpt":{"rendered":"<p>Folytatjuk f\u00e9l\u00e9v\u00e9rt\u00e9kel\u0151 rovatunkat, ez\u00fattal Z\u00f6ld U11-es csapatunk vezet\u0151edz\u0151je, Bernhardt Bernadett mes\u00e9lt csapata \u0151szi id\u0151szak\u00e1r\u00f3l. Szezon kezdetekor nem volt ismeretlen a csapat sz\u00e1momra, hiszen tavaly Barbinak seg\u00ectettem a munk\u00e1j\u00e1t enn\u00e9l a koroszt\u00e1lyn\u00e1l, aki remek munk\u00e1t v\u00e9gzett vel\u00fck, \u00e1tadva nekik a 6+1-es j\u00e1t\u00e9krendszer alapvet\u0151 feladatait. Nehezen indult a szezon sz\u00e1munkra, hiszen t\u00f6bb nyaral\u00e1s is h\u00e1tr\u00e1ltatta a felk\u00e9sz\u00fcl\u00e9s\u00fcnket,&#8230;<\/p>\n","protected":false},"author":1386,"featured_media":21075,"comment_status":"closed","ping_status":"closed","sticky":false,"template":"","format":"standard","meta":{"inline_featured_image":false,"_exactmetrics_skip_tracking":false,"_exactmetrics_sitenote_active":false,"_exactmetrics_sitenote_note":"","_exactmetrics_sitenote_category":0,"footnotes":""},"categories":[66],"tags":[],"_links":{"self":[{"href":"https:\/\/kelensc.hu\/index.php\/wp-json\/wp\/v2\/posts\/21073"}],"collection":[{"href":"https:\/\/kelensc.hu\/index.php\/wp-json\/wp\/v2\/posts"}],"about":[{"href":"https:\/\/kelensc.hu\/index.php\/wp-json\/wp\/v2\/types\/post"}],"author":[{"embeddable":true,"href":"https:\/\/kelensc.hu\/index.php\/wp-json\/wp\/v2\/users\/1386"}],"replies":[{"embeddable":true,"href":"https:\/\/kelensc.hu\/index.php\/wp-json\/wp\/v2\/comments?post=21073"}],"version-history":[{"count":2,"href":"https:\/\/kelensc.hu\/index.php\/wp-json\/wp\/v2\/posts\/21073\/revisions"}],"predecessor-version":[{"id":21077,"href":"https:\/\/kelensc.hu\/index.php\/wp-json\/wp\/v2\/posts\/21073\/revisions\/21077"}],"wp:featuredmedia":[{"embeddable":true,"href":"https:\/\/kelensc.hu\/index.php\/wp-json\/wp\/v2\/media\/21075"}],"wp:attachment":[{"href":"https:\/\/kelensc.hu\/index.php\/wp-json\/wp\/v2\/media?parent=21073"}],"wp:term":[{"taxonomy":"category","embeddable":true,"href":"https:\/\/kelensc.hu\/index.php\/wp-json\/wp\/v2\/categories?post=21073"},{"taxonomy":"post_tag","embeddable":true,"href":"https:\/\/kelensc.hu\/index.php\/wp-json\/wp\/v2\/tags?post=21073"}],"curies":[{"name":"wp","href":"https:\/\/api.w.org\/{rel}","templated":true}]}}