{"id":21063,"date":"2023-12-29T11:20:27","date_gmt":"2023-12-29T10:20:27","guid":{"rendered":"https:\/\/kelensc.hu\/?p=21063"},"modified":"2023-12-29T11:23:12","modified_gmt":"2023-12-29T10:23:12","slug":"simon-akos-nbiii-felevertekelo","status":"publish","type":"post","link":"https:\/\/kelensc.hu\/index.php\/simon-akos-nbiii-felevertekelo\/","title":{"rendered":"Simon \u00c1kos &#8211; NBIII F\u00e9l\u00e9v\u00e9rt\u00e9kel\u0151"},"content":{"rendered":"<h5>Feln\u0151tt csapatunk vezet\u0151edz\u0151je, Simon \u00c1kos mes\u00e9lt ny\u00e1ri kinevez\u00e9s\u00e9r\u0151l, az \u0151szi id\u0151szak t\u00f6rt\u00e9n\u00e9seir\u0151l, valamint csapata tov\u00e1bbi c\u00e9ljair\u00f3l.<\/h5>\n<p><img decoding=\"async\" loading=\"lazy\" class=\"alignnone wp-image-20519 size-full\" src=\"https:\/\/kelensc.hu\/wp-content\/uploads\/2023\/08\/Csapatkep02-e1692261691670.jpg\" alt=\"\" width=\"5028\" height=\"2757\" \/><\/p>\n<blockquote><p>Ny\u00e1ron amikor, megkeresett az eln\u00f6k \u00far, hogy v\u00e1llaln\u00e1m-e a feln\u0151tt csapatot, aludnom kellett r\u00e1 k\u00e9t \u00e9jszak\u00e1t.\ud83d\ude42 A Kelenn\u00e9l m\u00e1r minden koroszt\u00e1llyal dolgoztam, illetve seg\u00edtettem is a feln\u0151tt csapatot Csernik Korn\u00e9l idej\u00e9n BLSZ II-ben \u00e9s Harmati Tam\u00e1s mellett BLSZ I-ben. Ami egy\u00e9rtelm\u0171en tetszett a feladatban, a fiatalok be\u00e9p\u00edt\u00e9se, hogy legyenek saj\u00e1t nevel\u00e9s\u0171ek is m\u00e1r a keretben.<br \/>\nAzt gondolom j\u00f3 \u00faton j\u00e1runk, a harmadik legfiatalabb csapat a mi\u00e9nk a bajnoks\u00e1gban. Az ut\u00e1np\u00f3tl\u00e1s csapatainkb\u00f3l edzenek fel fiatal j\u00e1t\u00e9kosok folyamatosan \u00e9s ezt janu\u00e1rban tov\u00e1bb b\u0151v\u00edtj\u00fck p\u00e1r f\u0151vel.<br \/>\nAmi pedig a szerepl\u00e9s\u00fcnket illeti, nagyon j\u00f3l kezdt\u00fcnk, minden j\u00e1t\u00e9kos j\u00f3l \u00e1llt bele az edz\u00e9sekbe. Motiv\u00e1ltak voltak a fi\u00fak, \u00e9s ez eredm\u00e9nyekben is megmutatkozott mind a bajnoks\u00e1gban, mind a kup\u00e1ban.<br \/>\nAzt\u00e1n a szezon v\u00e9ge fel\u00e9 j\u00f6tt a hull\u00e1mv\u00f6lgy, de ez k\u00f6sz\u00f6nhet\u0151 volt f\u00e1radts\u00e1gnak, rutintalans\u00e1gnak. Szerencs\u00e9re itt is tudtunk az\u00e9rt pontokat szerezni, Csorn\u00e1t legy\u0151zt\u00fck, a III.Ker\u00fclettel d\u00f6ntetlent j\u00e1tszottunk.<br \/>\nBalatonf\u00fcred, Dorog, illetve m\u00e1r Sopron elleni m\u00e1sodik meccs volt a f\u00e1j\u00f3 veres\u00e9g. Nagy diadal volt a Pusk\u00e1s, Buda\u00f6rs \u00e9s a Kom\u00e1rom elleni gy\u0151zelem a m\u00e1sodik fordul\u00f3ban.<br \/>\nA sz\u0171k szakmai st\u00e1bbal Balogh \u00c1kossal \u00e9s Kalm\u00e1r Adri\u00e1nnal rengeteget dolgoztunk azon, hogy ilyen el\u0151kel\u0151 helyen mehess\u00fcnk t\u00e9li sz\u00fcnetre, de szeretn\u00e9m megk\u00f6sz\u00f6nni a st\u00e1b t\u00f6bbi dolgoz\u00f3j\u00e1nak is a munk\u00e1j\u00e1t, hiszen sokszor kellett neh\u00e9z k\u00f6r\u00fclm\u00e9nyek k\u00f6z\u00f6tt meg\u00e1llni a hely\u00fcnket.<br \/>\nK\u00edv\u00e1nok minden Kelenesnek Kellemes \u00dcnnepeket \u00e9s janu\u00e1rban \u00fajult er\u0151vel, nagy lend\u00fclettel v\u00e1gunk neki a felk\u00e9sz\u00fcl\u00e9snek.<\/p><\/blockquote>\n<h4>Hajr\u00e1 Kelen!!<\/h4>\n","protected":false},"excerpt":{"rendered":"<p>Feln\u0151tt csapatunk vezet\u0151edz\u0151je, Simon \u00c1kos mes\u00e9lt ny\u00e1ri kinevez\u00e9s\u00e9r\u0151l, az \u0151szi id\u0151szak t\u00f6rt\u00e9n\u00e9seir\u0151l, valamint csapata tov\u00e1bbi c\u00e9ljair\u00f3l. Ny\u00e1ron amikor, megkeresett az eln\u00f6k \u00far, hogy v\u00e1llaln\u00e1m-e a feln\u0151tt csapatot, aludnom kellett r\u00e1 k\u00e9t \u00e9jszak\u00e1t.\ud83d\ude42 A Kelenn\u00e9l m\u00e1r minden koroszt\u00e1llyal dolgoztam, illetve seg\u00edtettem is a feln\u0151tt csapatot Csernik Korn\u00e9l idej\u00e9n BLSZ II-ben \u00e9s Harmati Tam\u00e1s mellett BLSZ I-ben&#8230;.<\/p>\n","protected":false},"author":1386,"featured_media":21064,"comment_status":"closed","ping_status":"closed","sticky":false,"template":"","format":"standard","meta":{"inline_featured_image":false,"_exactmetrics_skip_tracking":false,"_exactmetrics_sitenote_active":false,"_exactmetrics_sitenote_note":"","_exactmetrics_sitenote_category":0,"footnotes":""},"categories":[11],"tags":[],"_links":{"self":[{"href":"https:\/\/kelensc.hu\/index.php\/wp-json\/wp\/v2\/posts\/21063"}],"collection":[{"href":"https:\/\/kelensc.hu\/index.php\/wp-json\/wp\/v2\/posts"}],"about":[{"href":"https:\/\/kelensc.hu\/index.php\/wp-json\/wp\/v2\/types\/post"}],"author":[{"embeddable":true,"href":"https:\/\/kelensc.hu\/index.php\/wp-json\/wp\/v2\/users\/1386"}],"replies":[{"embeddable":true,"href":"https:\/\/kelensc.hu\/index.php\/wp-json\/wp\/v2\/comments?post=21063"}],"version-history":[{"count":2,"href":"https:\/\/kelensc.hu\/index.php\/wp-json\/wp\/v2\/posts\/21063\/revisions"}],"predecessor-version":[{"id":21066,"href":"https:\/\/kelensc.hu\/index.php\/wp-json\/wp\/v2\/posts\/21063\/revisions\/21066"}],"wp:featuredmedia":[{"embeddable":true,"href":"https:\/\/kelensc.hu\/index.php\/wp-json\/wp\/v2\/media\/21064"}],"wp:attachment":[{"href":"https:\/\/kelensc.hu\/index.php\/wp-json\/wp\/v2\/media?parent=21063"}],"wp:term":[{"taxonomy":"category","embeddable":true,"href":"https:\/\/kelensc.hu\/index.php\/wp-json\/wp\/v2\/categories?post=21063"},{"taxonomy":"post_tag","embeddable":true,"href":"https:\/\/kelensc.hu\/index.php\/wp-json\/wp\/v2\/tags?post=21063"}],"curies":[{"name":"wp","href":"https:\/\/api.w.org\/{rel}","templated":true}]}}