{"id":20961,"date":"2023-11-09T10:39:02","date_gmt":"2023-11-09T09:39:02","guid":{"rendered":"https:\/\/kelensc.hu\/?p=20961"},"modified":"2023-11-10T10:51:05","modified_gmt":"2023-11-10T09:51:05","slug":"szakmai-nap-a-rapid-wien-edzojevel-gyarmaty-attilaval","status":"publish","type":"post","link":"https:\/\/kelensc.hu\/index.php\/szakmai-nap-a-rapid-wien-edzojevel-gyarmaty-attilaval\/","title":{"rendered":"Szakmai nap a Rapid Wien edz\u0151j\u00e9vel, Gyarmaty Attil\u00e1val"},"content":{"rendered":"<h5>Okt\u00f3ber 26-\u00e1n szakmai napot tartottunk a Kelen Sporttelep\u00e9n, melynek keretein bel\u00fcl Kun Istv\u00e1n mutatta be a Kelen-filoz\u00f3fi\u00e1t, valamint Gyarmaty Attila, a Rapid Wien ut\u00e1np\u00f3tl\u00e1s edz\u0151je tartott el\u0151ad\u00e1st a jelenl\u00e9v\u0151knek.<\/h5>\n<h5><img decoding=\"async\" loading=\"lazy\" class=\"alignnone size-medium\" src=\"https:\/\/scontent-fra3-1.xx.fbcdn.net\/v\/t39.30808-6\/400199813_817089383760455_6200898171953678544_n.jpg?_nc_cat=101&amp;ccb=1-7&amp;_nc_sid=5f2048&amp;_nc_ohc=qq7VUntT1GgAX9A_oS0&amp;_nc_ht=scontent-fra3-1.xx&amp;oh=00_AfBEBwz64_yOBOV8nBlyLQKoMjG3fVYD96pEGp7tPNUS5g&amp;oe=6551F41F\" width=\"2048\" height=\"1365\" \/><\/h5>\n<blockquote><p>2023.10.26. napj\u00e1n szakmai napot tartottunk a Kelen sporttelep\u00e9n. Az el\u0151ad\u00f3 Gyarmaty Attila, a Rapid Wien ut\u00e1np\u00f3tl\u00e1s edz\u0151je volt. Nagyon sz\u00ednvonalas napot tudhatunk magunk m\u00f6g\u00f6tt, amelyen k\u00e9pviselt\u00e9k magukat partner egyes\u00fcleteink is, azaz a Budai FC, a Viadukt SE Biatorb\u00e1gy \u00e9s a Szigetszentmikl\u00f3s is, de volt vend\u00e9g\u00fcnk Egerb\u0151l is. A jelenl\u00e9v\u0151k betekint\u00e9st nyerhettek Gyarmaty Attila, a Rapid Wien, valamint Kun Istv\u00e1n \u00e1ltal a Kelen-filoz\u00f3fi\u00e1ba is, emellett pedig egy nagyszer\u0171 hangulat\u00fa, k\u00f6z\u00f6s eb\u00e9dre is sor ker\u00fclt. A napot egy bemutat\u00f3 edz\u00e9ssel z\u00e0rtuk. K\u00f6sz\u00f6nj\u00fck sz\u00e9pen Mindenkinek, hogy megtisztelt jelenl\u00e9t\u00e9vel, illetve Attil\u00e1nak k\u00fcl\u00f6n k\u00f6sz\u00f6net az \u0151szinte, remek el\u0151ad\u00e1s\u00e9rt \u00e9s f\u00e1radoz\u00e1sai\u00e9rt!<\/p><\/blockquote>\n<h5>Hajr\u00e1 Kelen!!<\/h5>\n","protected":false},"excerpt":{"rendered":"<p>Okt\u00f3ber 26-\u00e1n szakmai napot tartottunk a Kelen Sporttelep\u00e9n, melynek keretein bel\u00fcl Kun Istv\u00e1n mutatta be a Kelen-filoz\u00f3fi\u00e1t, valamint Gyarmaty Attila, a Rapid Wien ut\u00e1np\u00f3tl\u00e1s edz\u0151je tartott el\u0151ad\u00e1st a jelenl\u00e9v\u0151knek. 2023.10.26. napj\u00e1n szakmai napot tartottunk a Kelen sporttelep\u00e9n. Az el\u0151ad\u00f3 Gyarmaty Attila, a Rapid Wien ut\u00e1np\u00f3tl\u00e1s edz\u0151je volt. Nagyon sz\u00ednvonalas napot tudhatunk magunk m\u00f6g\u00f6tt, amelyen k\u00e9pviselt\u00e9k&#8230;<\/p>\n","protected":false},"author":1386,"featured_media":20968,"comment_status":"closed","ping_status":"closed","sticky":false,"template":"","format":"standard","meta":{"inline_featured_image":false,"_exactmetrics_skip_tracking":false,"_exactmetrics_sitenote_active":false,"_exactmetrics_sitenote_note":"","_exactmetrics_sitenote_category":0,"footnotes":""},"categories":[66],"tags":[],"_links":{"self":[{"href":"https:\/\/kelensc.hu\/index.php\/wp-json\/wp\/v2\/posts\/20961"}],"collection":[{"href":"https:\/\/kelensc.hu\/index.php\/wp-json\/wp\/v2\/posts"}],"about":[{"href":"https:\/\/kelensc.hu\/index.php\/wp-json\/wp\/v2\/types\/post"}],"author":[{"embeddable":true,"href":"https:\/\/kelensc.hu\/index.php\/wp-json\/wp\/v2\/users\/1386"}],"replies":[{"embeddable":true,"href":"https:\/\/kelensc.hu\/index.php\/wp-json\/wp\/v2\/comments?post=20961"}],"version-history":[{"count":5,"href":"https:\/\/kelensc.hu\/index.php\/wp-json\/wp\/v2\/posts\/20961\/revisions"}],"predecessor-version":[{"id":20966,"href":"https:\/\/kelensc.hu\/index.php\/wp-json\/wp\/v2\/posts\/20961\/revisions\/20966"}],"wp:featuredmedia":[{"embeddable":true,"href":"https:\/\/kelensc.hu\/index.php\/wp-json\/wp\/v2\/media\/20968"}],"wp:attachment":[{"href":"https:\/\/kelensc.hu\/index.php\/wp-json\/wp\/v2\/media?parent=20961"}],"wp:term":[{"taxonomy":"category","embeddable":true,"href":"https:\/\/kelensc.hu\/index.php\/wp-json\/wp\/v2\/categories?post=20961"},{"taxonomy":"post_tag","embeddable":true,"href":"https:\/\/kelensc.hu\/index.php\/wp-json\/wp\/v2\/tags?post=20961"}],"curies":[{"name":"wp","href":"https:\/\/api.w.org\/{rel}","templated":true}]}}