{"id":20956,"date":"2023-11-03T14:26:06","date_gmt":"2023-11-03T13:26:06","guid":{"rendered":"https:\/\/kelensc.hu\/?p=20956"},"modified":"2023-11-03T14:27:01","modified_gmt":"2023-11-03T13:27:01","slug":"veget-ert-a-tortenelmi-meneteles","status":"publish","type":"post","link":"https:\/\/kelensc.hu\/index.php\/veget-ert-a-tortenelmi-meneteles\/","title":{"rendered":"V\u00e9get \u00e9rt a t\u00f6rt\u00e9nelmi menetel\u00e9s"},"content":{"rendered":"<h5 dir=\"auto\">Szentl\u0151rincen v\u00e9get \u00e9rt sz\u00e1munkra a Magyar Kupa idei ki\u00edr\u00e1sa.<\/h5>\n<h5 dir=\"auto\">Sz\u00e1mos fantasztikus pillanatot \u00e9lt\u00fcnk meg veletek a Kelen SC t\u00f6rt\u00e9nelm\u00e9nek legjobb Magyar Kupa menetel\u00e9se sor\u00e1n.<\/h5>\n<h5 dir=\"auto\">K\u00f6sz\u00f6nj\u00fck a t\u00e1mogat\u00e1sotokat!!<\/h5>\n<h5 dir=\"auto\">V\u00e1runk titeket a bajnoki folytat\u00e1sban!<\/h5>\n<div dir=\"auto\">\n<div class=\"x11i5rnm xat24cr x1mh8g0r x1vvkbs xtlvy1s x126k92a\">\n<h4 dir=\"auto\">Hajr\u00e1 Kelen!!<\/h4>\n<p><img decoding=\"async\" loading=\"lazy\" class=\"alignnone wp-image-20957 size-full\" src=\"https:\/\/kelensc.hu\/wp-content\/uploads\/2023\/11\/IMG_7667.jpg\" alt=\"\" width=\"5184\" height=\"3456\" srcset=\"https:\/\/kelensc.hu\/wp-content\/uploads\/2023\/11\/IMG_7667.jpg 5184w, https:\/\/kelensc.hu\/wp-content\/uploads\/2023\/11\/IMG_7667-640x427.jpg 640w\" sizes=\"(max-width: 5184px) 100vw, 5184px\" \/><\/p>\n<p><img decoding=\"async\" loading=\"lazy\" class=\"alignnone wp-image-20879 size-full\" src=\"https:\/\/kelensc.hu\/wp-content\/uploads\/2023\/09\/IMG_3837.jpg\" alt=\"\" width=\"5184\" height=\"3456\" srcset=\"https:\/\/kelensc.hu\/wp-content\/uploads\/2023\/09\/IMG_3837.jpg 5184w, https:\/\/kelensc.hu\/wp-content\/uploads\/2023\/09\/IMG_3837-640x427.jpg 640w, https:\/\/kelensc.hu\/wp-content\/uploads\/2023\/09\/IMG_3837-1280x853.jpg 1280w, https:\/\/kelensc.hu\/wp-content\/uploads\/2023\/09\/IMG_3837-768x512.jpg 768w, https:\/\/kelensc.hu\/wp-content\/uploads\/2023\/09\/IMG_3837-1536x1024.jpg 1536w, https:\/\/kelensc.hu\/wp-content\/uploads\/2023\/09\/IMG_3837-2048x1365.jpg 2048w, https:\/\/kelensc.hu\/wp-content\/uploads\/2023\/09\/IMG_3837-300x200.jpg 300w, https:\/\/kelensc.hu\/wp-content\/uploads\/2023\/09\/IMG_3837-128x85.jpg 128w, https:\/\/kelensc.hu\/wp-content\/uploads\/2023\/09\/IMG_3837-32x21.jpg 32w, https:\/\/kelensc.hu\/wp-content\/uploads\/2023\/09\/IMG_3837-320x213.jpg 320w, https:\/\/kelensc.hu\/wp-content\/uploads\/2023\/09\/IMG_3837-382x255.jpg 382w, https:\/\/kelensc.hu\/wp-content\/uploads\/2023\/09\/IMG_3837-641x427.jpg 641w\" sizes=\"(max-width: 5184px) 100vw, 5184px\" \/><\/p>\n<h6><strong><u>A m\u00e9rk\u0151z\u00e9sen l\u00e1tottakat vezet\u0151edz\u0151nk, Simon \u00c1kos \u00e9rt\u00e9kelte.<\/u><\/strong><\/h6>\n<blockquote><p>A ki\u00e1ll\u00edt\u00e1sig \u00fagy alakult minden, ahogy szerett\u00fck volna. Nagyon k\u00e1r \u00e9rte&#8230; teljes m\u00e9rt\u00e9kben partnerei tudtunk lenni ezid\u00e1ig a Szentl\u0151rincnek.<br \/>\nAz els\u0151 kapott g\u00f3l ut\u00e1n viszont, k\u00e9nytelenek voltunk v\u00e1ltoztatni. \u00c9s m\u00e9g ott is volt lehet\u0151s\u00e9g az egyenl\u00edt\u00e9sre.<br \/>\nMinden j\u00e1t\u00e9kos megtett minden t\u0151le telhet\u0151t.<br \/>\nA h\u00e9tv\u00e9gi bajnokira az els\u0151 41 percb\u0151l kell er\u0151t mer\u00edteni.<\/p><\/blockquote>\n<h5><strong>Szentl\u0151rinc-Kelen SC 3-0 (0-0)<\/strong><br \/>\n<strong>Mol Magyar Kupa 4. fordul\u00f3 2023.11.01.<\/strong><br \/>\n<strong>Szentl\u0151rinc, Szentl\u0151rinc SE Sporttelep<\/strong><\/h5>\n<\/div>\n<\/div>\n<p>&nbsp;<\/p>\n","protected":false},"excerpt":{"rendered":"<p>Szentl\u0151rincen v\u00e9get \u00e9rt sz\u00e1munkra a Magyar Kupa idei ki\u00edr\u00e1sa. Sz\u00e1mos fantasztikus pillanatot \u00e9lt\u00fcnk meg veletek a Kelen SC t\u00f6rt\u00e9nelm\u00e9nek legjobb Magyar Kupa menetel\u00e9se sor\u00e1n. K\u00f6sz\u00f6nj\u00fck a t\u00e1mogat\u00e1sotokat!! V\u00e1runk titeket a bajnoki folytat\u00e1sban! Hajr\u00e1 Kelen!! A m\u00e9rk\u0151z\u00e9sen l\u00e1tottakat vezet\u0151edz\u0151nk, Simon \u00c1kos \u00e9rt\u00e9kelte. A ki\u00e1ll\u00edt\u00e1sig \u00fagy alakult minden, ahogy szerett\u00fck volna. Nagyon k\u00e1r \u00e9rte&#8230; teljes m\u00e9rt\u00e9kben partnerei&#8230;<\/p>\n","protected":false},"author":1386,"featured_media":20957,"comment_status":"closed","ping_status":"closed","sticky":false,"template":"","format":"standard","meta":{"inline_featured_image":false,"_exactmetrics_skip_tracking":false,"_exactmetrics_sitenote_active":false,"_exactmetrics_sitenote_note":"","_exactmetrics_sitenote_category":0,"footnotes":""},"categories":[11],"tags":[],"_links":{"self":[{"href":"https:\/\/kelensc.hu\/index.php\/wp-json\/wp\/v2\/posts\/20956"}],"collection":[{"href":"https:\/\/kelensc.hu\/index.php\/wp-json\/wp\/v2\/posts"}],"about":[{"href":"https:\/\/kelensc.hu\/index.php\/wp-json\/wp\/v2\/types\/post"}],"author":[{"embeddable":true,"href":"https:\/\/kelensc.hu\/index.php\/wp-json\/wp\/v2\/users\/1386"}],"replies":[{"embeddable":true,"href":"https:\/\/kelensc.hu\/index.php\/wp-json\/wp\/v2\/comments?post=20956"}],"version-history":[{"count":2,"href":"https:\/\/kelensc.hu\/index.php\/wp-json\/wp\/v2\/posts\/20956\/revisions"}],"predecessor-version":[{"id":20959,"href":"https:\/\/kelensc.hu\/index.php\/wp-json\/wp\/v2\/posts\/20956\/revisions\/20959"}],"wp:featuredmedia":[{"embeddable":true,"href":"https:\/\/kelensc.hu\/index.php\/wp-json\/wp\/v2\/media\/20957"}],"wp:attachment":[{"href":"https:\/\/kelensc.hu\/index.php\/wp-json\/wp\/v2\/media?parent=20956"}],"wp:term":[{"taxonomy":"category","embeddable":true,"href":"https:\/\/kelensc.hu\/index.php\/wp-json\/wp\/v2\/categories?post=20956"},{"taxonomy":"post_tag","embeddable":true,"href":"https:\/\/kelensc.hu\/index.php\/wp-json\/wp\/v2\/tags?post=20956"}],"curies":[{"name":"wp","href":"https:\/\/api.w.org\/{rel}","templated":true}]}}