{"id":20936,"date":"2023-10-27T12:45:40","date_gmt":"2023-10-27T10:45:40","guid":{"rendered":"https:\/\/kelensc.hu\/?p=20936"},"modified":"2023-10-27T12:45:40","modified_gmt":"2023-10-27T10:45:40","slug":"ujbuda-diaksport-fesztival-2023-osz","status":"publish","type":"post","link":"https:\/\/kelensc.hu\/index.php\/ujbuda-diaksport-fesztival-2023-osz\/","title":{"rendered":"\u00dajbuda Di\u00e1kSport Fesztiv\u00e1l 2023. \u0151sz"},"content":{"rendered":"<h5>Ezen a h\u00e9ten \u00e9rtek v\u00e9get a Di\u00e1kolimpia \u0151szi futballk\u00fczdelmei, melyet az XI. ker\u00fcleti \u00f6nkorm\u00e1nyzattal egy\u00fcttm\u0171k\u00f6d\u00e9sben, \u00dajbuda Di\u00e1kSport Fesztiv\u00e1l n\u00e9ven a Kelen p\u00e1ly\u00e1n rendezt\u00fcnk. Idei szezonban \u2013 a kor\u00e1bbi gyakorlatt\u00f3l elt\u00e9r\u0151en- bajnoks\u00e1gszer\u0171en, \u0151szi \u00e9s tavaszi csoportk\u00f6r\u00f6kkel zajlik a Di\u00e1kolimpia. A nagy \u00e9rdekl\u0151d\u00e9sre val\u00f3 tekintettel a fi\u00fak 4 korcsoportban, a l\u00e1nyok 2, de egybe \u00f6sszevont korcsoportban versenyeztek.<\/h5>\n<p><img decoding=\"async\" loading=\"lazy\" class=\"alignnone wp-image-20942 size-full\" src=\"https:\/\/kelensc.hu\/wp-content\/uploads\/2023\/10\/Diakolimpia-1.jpg\" alt=\"\" width=\"4032\" height=\"2268\" srcset=\"https:\/\/kelensc.hu\/wp-content\/uploads\/2023\/10\/Diakolimpia-1.jpg 4032w, https:\/\/kelensc.hu\/wp-content\/uploads\/2023\/10\/Diakolimpia-1-640x360.jpg 640w, https:\/\/kelensc.hu\/wp-content\/uploads\/2023\/10\/Diakolimpia-1-1280x720.jpg 1280w, https:\/\/kelensc.hu\/wp-content\/uploads\/2023\/10\/Diakolimpia-1-768x432.jpg 768w, https:\/\/kelensc.hu\/wp-content\/uploads\/2023\/10\/Diakolimpia-1-1536x864.jpg 1536w, https:\/\/kelensc.hu\/wp-content\/uploads\/2023\/10\/Diakolimpia-1-2048x1152.jpg 2048w, https:\/\/kelensc.hu\/wp-content\/uploads\/2023\/10\/Diakolimpia-1-300x169.jpg 300w, https:\/\/kelensc.hu\/wp-content\/uploads\/2023\/10\/Diakolimpia-1-128x72.jpg 128w, https:\/\/kelensc.hu\/wp-content\/uploads\/2023\/10\/Diakolimpia-1-32x18.jpg 32w, https:\/\/kelensc.hu\/wp-content\/uploads\/2023\/10\/Diakolimpia-1-320x180.jpg 320w, https:\/\/kelensc.hu\/wp-content\/uploads\/2023\/10\/Diakolimpia-1-382x215.jpg 382w, https:\/\/kelensc.hu\/wp-content\/uploads\/2023\/10\/Diakolimpia-1-641x361.jpg 641w\" sizes=\"(max-width: 4032px) 100vw, 4032px\" \/><\/p>\n<p><strong>LE\u00c1NY torna<\/strong> r\u00e9sztvev\u0151 int\u00e9zm\u00e9nyei: Albertfalvi Don Bosco Katolikus \u00c1ltal\u00e1nos Iskola \u00e9s \u00d3voda, Domokos P\u00e1l P\u00e9ter \u00c1ltal\u00e1nos Iskola, Kelenv\u00f6lgyi \u00c1ltal\u00e1nos Iskola (2 csapattal), T\u00f6r\u00f6kugrat\u00f3 \u00c1ltal\u00e1nos Iskola<\/p>\n<p><strong>I.korcsoport<\/strong> r\u00e9sztvev\u0151 int\u00e9zm\u00e9nyei: T\u00f6r\u00f6kugrat\u00f3 \u00c1ltal\u00e1nos Iskola, Grosics Gyula Sport \u00c1ltal\u00e1nos Iskola (2 csapattal), Albertfalvi Don Bosco Katolikus \u00c1ltal\u00e1nos Iskola \u00e9s \u00d3voda, Domokos P\u00e1l P\u00e9ter \u00c1ltal\u00e1nos Iskola, G\u00e1rdonyi G\u00e9za \u00c1ltal\u00e1nos Iskola<\/p>\n<p><strong>II.korcsoport<\/strong> r\u00e9sztvev\u0151 int\u00e9zm\u00e9nyei: T\u00f6r\u00f6kugrat\u00f3 \u00c1ltal\u00e1nos Iskola, Grosics Gyula Sport \u00c1ltal\u00e1nos Iskola (2 csapattal), Albertfalvi Don Bosco Katolikus \u00c1ltal\u00e1nos Iskola \u00e9s \u00d3voda, Domokos P\u00e1l P\u00e9ter \u00c1ltal\u00e1nos Iskola, G\u00e1rdonyi G\u00e9za \u00c1ltal\u00e1nos Iskola, Kelenv\u00f6lgyi \u00c1ltal\u00e1nos Iskola, Cs\u00edkihegyek \u00c1ltal\u00e1nos Iskola, Montessori \u00c1ltal\u00e1nos Iskola<\/p>\n<p><strong>III.korcsoport<\/strong> r\u00e9sztvev\u0151 int\u00e9zm\u00e9nyei: T\u00f6r\u00f6kugrat\u00f3 \u00c1ltal\u00e1nos Iskola, Grosics Gyula Sport \u00c1ltal\u00e1nos Iskola, Albertfalvi Don Bosco Katolikus \u00c1ltal\u00e1nos Iskola \u00e9s \u00d3voda, Domokos P\u00e1l P\u00e9ter \u00c1ltal\u00e1nos Iskola, Kelenv\u00f6lgyi \u00c1ltal\u00e1nos Iskola, Farkasr\u00e9ti \u00c1ltal\u00e1nos Iskola, \u00dajbudai Bocskai Istv\u00e1n \u00c1ltal\u00e1nos Iskola (2 csapattal)<\/p>\n<p><strong>IV.korcsoport<\/strong> r\u00e9sztvev\u0151 int\u00e9zm\u00e9nyei: T\u00f6r\u00f6kugrat\u00f3 \u00c1ltal\u00e1nos Iskola, Grosics Gyula Sport \u00c1ltal\u00e1nos Iskola, Albertfalvi Don Bosco Katolikus \u00c1ltal\u00e1nos Iskola \u00e9s \u00d3voda, Domokos P\u00e1l P\u00e9ter \u00c1ltal\u00e1nos Iskola, Kelenv\u00f6lgyi \u00c1ltal\u00e1nos Iskola, Cs\u00edkihegyek \u00c1ltal\u00e1nos Iskola, \u00dajbudai Bocskai Istv\u00e1n \u00c1ltal\u00e1nos Iskola<\/p>\n<blockquote><p>Az \u0151szi fordul\u00f3 ut\u00e1n elmondhat\u00f3, hogy a legt\u00f6bb g\u00f3l a legkisebbekn\u00e9l esett: az I. korcsoportban 97 g\u00f3lig jutottak a sr\u00e1cok. A legt\u00f6bb g\u00f3lt egyel\u0151re <strong>Awil Toni<\/strong> (Grosics) jegyzi, aki 11 tal\u00e1lattal fog a g\u00f3ll\u00f6v\u0151lista \u00e9l\u00e9n telelni. Tov\u00e1bbi g\u00f3lkir\u00e1lyjel\u00f6ltek: II. korcsoportb\u00f3l <strong>Vars\u00e1nyi Marcell<\/strong> (Grosics) 10 tal\u00e1lattal, III. korcsoportb\u00f3l <strong>Kopl\u00e1nyi Attila<\/strong> (Domokos) 6 tal\u00e1lattal, IV. korcsoportb\u00f3l <strong>Vajda Konr\u00e1d<\/strong> (T\u00f6r\u00f6kugrat\u00f3) \u00e9s <strong>Moldov\u00e1n M\u00e1t\u00e9<\/strong> (Grosics) szint\u00e9n 6 tal\u00e1lattal, a l\u00e1nyokn\u00e1l pedig <strong>D\u00e9vai Zs\u00f3fia<\/strong> (Don Bosco) 9 tal\u00e1lattal.<\/p>\n<p>J\u00f3 \u00e9rz\u00e9s volt ennyi gyereket \u00f6nfeledten j\u00e1tszani l\u00e1tni. K\u00fcl\u00f6n \u00f6r\u00f6m klubunknak, hogy sok Kelenes pal\u00e1nta vett r\u00e9szt a torn\u00e1kon, s\u0151t a g\u00f3ll\u00f6v\u0151list\u00e1k \u00e9llovasainak t\u00f6bbs\u00e9ge is klubunk j\u00e1t\u00e9kosa.<\/p>\n<p>G\u00f3lokban gazdag tov\u00e1bbi sikereket! Tal\u00e1lkozunk tavasszal!<\/p>\n<h6><em>Solymos Krisztina<\/em><\/h6>\n<\/blockquote>\n<h5><strong><em><img decoding=\"async\" loading=\"lazy\" class=\"alignnone wp-image-20943 size-full\" src=\"https:\/\/kelensc.hu\/wp-content\/uploads\/2023\/10\/Diakolimpia-2.jpg\" alt=\"\" width=\"4032\" height=\"2268\" srcset=\"https:\/\/kelensc.hu\/wp-content\/uploads\/2023\/10\/Diakolimpia-2.jpg 4032w, https:\/\/kelensc.hu\/wp-content\/uploads\/2023\/10\/Diakolimpia-2-640x360.jpg 640w, https:\/\/kelensc.hu\/wp-content\/uploads\/2023\/10\/Diakolimpia-2-1280x720.jpg 1280w, https:\/\/kelensc.hu\/wp-content\/uploads\/2023\/10\/Diakolimpia-2-768x432.jpg 768w, https:\/\/kelensc.hu\/wp-content\/uploads\/2023\/10\/Diakolimpia-2-1536x864.jpg 1536w, https:\/\/kelensc.hu\/wp-content\/uploads\/2023\/10\/Diakolimpia-2-2048x1152.jpg 2048w, https:\/\/kelensc.hu\/wp-content\/uploads\/2023\/10\/Diakolimpia-2-300x169.jpg 300w, https:\/\/kelensc.hu\/wp-content\/uploads\/2023\/10\/Diakolimpia-2-128x72.jpg 128w, https:\/\/kelensc.hu\/wp-content\/uploads\/2023\/10\/Diakolimpia-2-32x18.jpg 32w, https:\/\/kelensc.hu\/wp-content\/uploads\/2023\/10\/Diakolimpia-2-320x180.jpg 320w, https:\/\/kelensc.hu\/wp-content\/uploads\/2023\/10\/Diakolimpia-2-382x215.jpg 382w, https:\/\/kelensc.hu\/wp-content\/uploads\/2023\/10\/Diakolimpia-2-641x361.jpg 641w\" sizes=\"(max-width: 4032px) 100vw, 4032px\" \/>\u00a0 \u00a0 \u00a0 \u00a0 \u00a0 \u00a0 \u00a0 \u00a0 \u00a0 \u00a0 \u00a0 \u00a0 \u00a0 \u00a0 \u00a0 \u00a0 \u00a0 \u00a0 \u00a0 \u00a0 \u00a0 \u00a0 \u00a0 \u00a0 \u00a0 \u00a0 \u00a0 \u00a0 \u00a0 \u00a0 \u00a0 \u00a0 \u00a0 \u00a0 \u00a0 \u00a0 \u00a0 \u00a0 \u00a0 \u00a0 \u00a0 \u00a0 \u00a0 \u00a0 \u00a0 \u00a0 \u00a0 \u00a0 \u00a0 \u00a0 \u00a0 \u00a0 \u00a0 \u00a0 \u00a0 \u00a0 \u00a0 \u00a0 \u00a0 \u00a0 \u00a0 \u00a0 \u00a0 \u00a0 \u00a0 \u00a0 \u00a0 \u00a0 \u00a0 \u00a0 \u00a0 \u00a0 \u00a0 \u00a0 \u00a0 \u00a0 \u00a0\u00a0<\/em><\/strong><\/h5>\n<h5><strong>Tabell\u00e1k \u00e1ll\u00e1sa \u00e9s eredm\u00e9nyek:<\/strong><\/h5>\n<h6>1.korcsoport<\/h6>\n<p><img decoding=\"async\" loading=\"lazy\" class=\"alignnone wp-image-20937 size-full\" src=\"https:\/\/kelensc.hu\/wp-content\/uploads\/2023\/10\/1.-korcsoport.jpg\" alt=\"\" width=\"756\" height=\"187\" srcset=\"https:\/\/kelensc.hu\/wp-content\/uploads\/2023\/10\/1.-korcsoport.jpg 756w, https:\/\/kelensc.hu\/wp-content\/uploads\/2023\/10\/1.-korcsoport-640x158.jpg 640w, https:\/\/kelensc.hu\/wp-content\/uploads\/2023\/10\/1.-korcsoport-300x74.jpg 300w, https:\/\/kelensc.hu\/wp-content\/uploads\/2023\/10\/1.-korcsoport-128x32.jpg 128w, https:\/\/kelensc.hu\/wp-content\/uploads\/2023\/10\/1.-korcsoport-32x8.jpg 32w, https:\/\/kelensc.hu\/wp-content\/uploads\/2023\/10\/1.-korcsoport-320x79.jpg 320w, https:\/\/kelensc.hu\/wp-content\/uploads\/2023\/10\/1.-korcsoport-382x94.jpg 382w, https:\/\/kelensc.hu\/wp-content\/uploads\/2023\/10\/1.-korcsoport-641x159.jpg 641w\" sizes=\"(max-width: 756px) 100vw, 756px\" \/><\/p>\n<h6>2.korcsoport<\/h6>\n<p><img decoding=\"async\" loading=\"lazy\" class=\"alignnone wp-image-20938 size-full\" src=\"https:\/\/kelensc.hu\/wp-content\/uploads\/2023\/10\/2.-korcsoport.png\" alt=\"\" width=\"756\" height=\"190\" srcset=\"https:\/\/kelensc.hu\/wp-content\/uploads\/2023\/10\/2.-korcsoport.png 756w, https:\/\/kelensc.hu\/wp-content\/uploads\/2023\/10\/2.-korcsoport-640x161.png 640w, https:\/\/kelensc.hu\/wp-content\/uploads\/2023\/10\/2.-korcsoport-300x75.png 300w, https:\/\/kelensc.hu\/wp-content\/uploads\/2023\/10\/2.-korcsoport-128x32.png 128w, https:\/\/kelensc.hu\/wp-content\/uploads\/2023\/10\/2.-korcsoport-32x8.png 32w, https:\/\/kelensc.hu\/wp-content\/uploads\/2023\/10\/2.-korcsoport-320x80.png 320w, https:\/\/kelensc.hu\/wp-content\/uploads\/2023\/10\/2.-korcsoport-382x96.png 382w, https:\/\/kelensc.hu\/wp-content\/uploads\/2023\/10\/2.-korcsoport-641x161.png 641w\" sizes=\"(max-width: 756px) 100vw, 756px\" \/><\/p>\n<h6>3.korcsoport<\/h6>\n<p><img decoding=\"async\" loading=\"lazy\" class=\"alignnone wp-image-20939 size-full\" src=\"https:\/\/kelensc.hu\/wp-content\/uploads\/2023\/10\/3.-korcsoport.png\" alt=\"\" width=\"756\" height=\"165\" srcset=\"https:\/\/kelensc.hu\/wp-content\/uploads\/2023\/10\/3.-korcsoport.png 756w, https:\/\/kelensc.hu\/wp-content\/uploads\/2023\/10\/3.-korcsoport-640x140.png 640w, https:\/\/kelensc.hu\/wp-content\/uploads\/2023\/10\/3.-korcsoport-300x65.png 300w, https:\/\/kelensc.hu\/wp-content\/uploads\/2023\/10\/3.-korcsoport-128x28.png 128w, https:\/\/kelensc.hu\/wp-content\/uploads\/2023\/10\/3.-korcsoport-32x7.png 32w, https:\/\/kelensc.hu\/wp-content\/uploads\/2023\/10\/3.-korcsoport-320x70.png 320w, https:\/\/kelensc.hu\/wp-content\/uploads\/2023\/10\/3.-korcsoport-382x83.png 382w, https:\/\/kelensc.hu\/wp-content\/uploads\/2023\/10\/3.-korcsoport-641x140.png 641w\" sizes=\"(max-width: 756px) 100vw, 756px\" \/><\/p>\n<h6>4.korcsoport<\/h6>\n<p><img decoding=\"async\" loading=\"lazy\" class=\"alignnone wp-image-20940 size-full\" src=\"https:\/\/kelensc.hu\/wp-content\/uploads\/2023\/10\/4.-korcsoport.png\" alt=\"\" width=\"756\" height=\"167\" srcset=\"https:\/\/kelensc.hu\/wp-content\/uploads\/2023\/10\/4.-korcsoport.png 756w, https:\/\/kelensc.hu\/wp-content\/uploads\/2023\/10\/4.-korcsoport-640x141.png 640w, https:\/\/kelensc.hu\/wp-content\/uploads\/2023\/10\/4.-korcsoport-300x66.png 300w, https:\/\/kelensc.hu\/wp-content\/uploads\/2023\/10\/4.-korcsoport-128x28.png 128w, https:\/\/kelensc.hu\/wp-content\/uploads\/2023\/10\/4.-korcsoport-32x7.png 32w, https:\/\/kelensc.hu\/wp-content\/uploads\/2023\/10\/4.-korcsoport-320x71.png 320w, https:\/\/kelensc.hu\/wp-content\/uploads\/2023\/10\/4.-korcsoport-382x84.png 382w, https:\/\/kelensc.hu\/wp-content\/uploads\/2023\/10\/4.-korcsoport-641x142.png 641w\" sizes=\"(max-width: 756px) 100vw, 756px\" \/><\/p>\n<h6>5. LE\u00c1NY<\/h6>\n<p><img decoding=\"async\" loading=\"lazy\" class=\"alignnone wp-image-20941 size-full\" src=\"https:\/\/kelensc.hu\/wp-content\/uploads\/2023\/10\/5.-korcsoport.png\" alt=\"\" width=\"756\" height=\"126\" srcset=\"https:\/\/kelensc.hu\/wp-content\/uploads\/2023\/10\/5.-korcsoport.png 756w, https:\/\/kelensc.hu\/wp-content\/uploads\/2023\/10\/5.-korcsoport-640x107.png 640w, https:\/\/kelensc.hu\/wp-content\/uploads\/2023\/10\/5.-korcsoport-300x50.png 300w, https:\/\/kelensc.hu\/wp-content\/uploads\/2023\/10\/5.-korcsoport-128x21.png 128w, https:\/\/kelensc.hu\/wp-content\/uploads\/2023\/10\/5.-korcsoport-32x5.png 32w, https:\/\/kelensc.hu\/wp-content\/uploads\/2023\/10\/5.-korcsoport-320x53.png 320w, https:\/\/kelensc.hu\/wp-content\/uploads\/2023\/10\/5.-korcsoport-382x64.png 382w, https:\/\/kelensc.hu\/wp-content\/uploads\/2023\/10\/5.-korcsoport-641x107.png 641w\" sizes=\"(max-width: 756px) 100vw, 756px\" \/><\/p>\n","protected":false},"excerpt":{"rendered":"<p>Ezen a h\u00e9ten \u00e9rtek v\u00e9get a Di\u00e1kolimpia \u0151szi futballk\u00fczdelmei, melyet az XI. ker\u00fcleti \u00f6nkorm\u00e1nyzattal egy\u00fcttm\u0171k\u00f6d\u00e9sben, \u00dajbuda Di\u00e1kSport Fesztiv\u00e1l n\u00e9ven a Kelen p\u00e1ly\u00e1n rendezt\u00fcnk. Idei szezonban \u2013 a kor\u00e1bbi gyakorlatt\u00f3l elt\u00e9r\u0151en- bajnoks\u00e1gszer\u0171en, \u0151szi \u00e9s tavaszi csoportk\u00f6r\u00f6kkel zajlik a Di\u00e1kolimpia. A nagy \u00e9rdekl\u0151d\u00e9sre val\u00f3 tekintettel a fi\u00fak 4 korcsoportban, a l\u00e1nyok 2, de egybe \u00f6sszevont korcsoportban versenyeztek&#8230;.<\/p>\n","protected":false},"author":1386,"featured_media":20943,"comment_status":"closed","ping_status":"closed","sticky":false,"template":"","format":"standard","meta":{"inline_featured_image":false,"_exactmetrics_skip_tracking":false,"_exactmetrics_sitenote_active":false,"_exactmetrics_sitenote_note":"","_exactmetrics_sitenote_category":0,"footnotes":""},"categories":[66],"tags":[],"_links":{"self":[{"href":"https:\/\/kelensc.hu\/index.php\/wp-json\/wp\/v2\/posts\/20936"}],"collection":[{"href":"https:\/\/kelensc.hu\/index.php\/wp-json\/wp\/v2\/posts"}],"about":[{"href":"https:\/\/kelensc.hu\/index.php\/wp-json\/wp\/v2\/types\/post"}],"author":[{"embeddable":true,"href":"https:\/\/kelensc.hu\/index.php\/wp-json\/wp\/v2\/users\/1386"}],"replies":[{"embeddable":true,"href":"https:\/\/kelensc.hu\/index.php\/wp-json\/wp\/v2\/comments?post=20936"}],"version-history":[{"count":1,"href":"https:\/\/kelensc.hu\/index.php\/wp-json\/wp\/v2\/posts\/20936\/revisions"}],"predecessor-version":[{"id":20944,"href":"https:\/\/kelensc.hu\/index.php\/wp-json\/wp\/v2\/posts\/20936\/revisions\/20944"}],"wp:featuredmedia":[{"embeddable":true,"href":"https:\/\/kelensc.hu\/index.php\/wp-json\/wp\/v2\/media\/20943"}],"wp:attachment":[{"href":"https:\/\/kelensc.hu\/index.php\/wp-json\/wp\/v2\/media?parent=20936"}],"wp:term":[{"taxonomy":"category","embeddable":true,"href":"https:\/\/kelensc.hu\/index.php\/wp-json\/wp\/v2\/categories?post=20936"},{"taxonomy":"post_tag","embeddable":true,"href":"https:\/\/kelensc.hu\/index.php\/wp-json\/wp\/v2\/tags?post=20936"}],"curies":[{"name":"wp","href":"https:\/\/api.w.org\/{rel}","templated":true}]}}