{"id":20929,"date":"2023-10-18T14:26:07","date_gmt":"2023-10-18T12:26:07","guid":{"rendered":"https:\/\/kelensc.hu\/?p=20929"},"modified":"2023-10-18T14:26:53","modified_gmt":"2023-10-18T12:26:53","slug":"fajo-vereseg-dorogon","status":"publish","type":"post","link":"https:\/\/kelensc.hu\/index.php\/fajo-vereseg-dorogon\/","title":{"rendered":"F\u00e1j\u00f3 veres\u00e9g Dorogon"},"content":{"rendered":"<h5>F\u00e1j\u00f3 veres\u00e9get szenvedt\u00fcnk Dorogon, hiszen a m\u00e9rk\u0151z\u00e9s m\u00e1sodik f\u00e9lidej\u00e9ben a vezet\u00e9st is megszerezt\u00fck a hazai g\u00e1rd\u00e1val szemben, azonban a dorogiak n\u00e9gy perc leforg\u00e1sa alatt visszahozt\u00e1k, majd megnyert\u00e9k a tal\u00e1lkoz\u00f3t. A veres\u00e9g ellen\u00e9re a tabell\u00e1n elfoglalt poz\u00edci\u00f3nk nem v\u00e1ltozott, \u00e9s csapatunk tov\u00e1bbra is az el\u0151kel\u0151 4. helyet foglalja el az NBIII-as pontvad\u00e1szatban, 11 fordul\u00f3t k\u00f6vet\u0151en.<\/h5>\n<p><img decoding=\"async\" loading=\"lazy\" class=\"alignnone wp-image-20930 size-full\" src=\"https:\/\/kelensc.hu\/wp-content\/uploads\/2023\/10\/IMG_6023.jpg\" alt=\"\" width=\"5184\" height=\"3456\" srcset=\"https:\/\/kelensc.hu\/wp-content\/uploads\/2023\/10\/IMG_6023.jpg 5184w, https:\/\/kelensc.hu\/wp-content\/uploads\/2023\/10\/IMG_6023-640x427.jpg 640w, https:\/\/kelensc.hu\/wp-content\/uploads\/2023\/10\/IMG_6023-1280x853.jpg 1280w, https:\/\/kelensc.hu\/wp-content\/uploads\/2023\/10\/IMG_6023-768x512.jpg 768w, https:\/\/kelensc.hu\/wp-content\/uploads\/2023\/10\/IMG_6023-1536x1024.jpg 1536w, https:\/\/kelensc.hu\/wp-content\/uploads\/2023\/10\/IMG_6023-2048x1365.jpg 2048w, https:\/\/kelensc.hu\/wp-content\/uploads\/2023\/10\/IMG_6023-300x200.jpg 300w, https:\/\/kelensc.hu\/wp-content\/uploads\/2023\/10\/IMG_6023-128x85.jpg 128w, https:\/\/kelensc.hu\/wp-content\/uploads\/2023\/10\/IMG_6023-32x21.jpg 32w, https:\/\/kelensc.hu\/wp-content\/uploads\/2023\/10\/IMG_6023-320x213.jpg 320w, https:\/\/kelensc.hu\/wp-content\/uploads\/2023\/10\/IMG_6023-382x255.jpg 382w, https:\/\/kelensc.hu\/wp-content\/uploads\/2023\/10\/IMG_6023-641x427.jpg 641w\" sizes=\"(max-width: 5184px) 100vw, 5184px\" \/><\/p>\n<h6><strong><u>A m\u00e9rk\u0151z\u00e9sen l\u00e1tottakat vezet\u0151edz\u0151nk, Simon \u00c1kos \u00e9rt\u00e9kelte.<\/u><\/strong><\/h6>\n<blockquote><p>Fel kell n\u0151n\u00fcnk a feln\u0151tt futballhoz. A veres\u00e9g ennek k\u00f6sz\u00f6nhet\u0151, ahogy ezt m\u00falt h\u00e9ten is mondtam. Ez egy folyamat, amiben er\u0151s\u00edteni kell a j\u00e1t\u00e9kosokat. Ha van c\u00e9ljuk a fociban, akkor meg kell mutatniuk magukat a bajnokikon. Dolgozunk rajta, hogy ez \u00edgy legyen, de nekik kell ez\u00e9rt tenni\u00fck h\u00e9tr\u0151l h\u00e9tre. Fizik\u00e1lisan \u00e9s ment\u00e1lisan is t\u00f6bbek kell, hogy legyenek, \u00e9s tanulniuk kell ezekb\u0151l a m\u00e9rk\u0151z\u00e9sekb\u0151l.<\/p><\/blockquote>\n<h5><strong>Dorogi FC-Kelen SC 3-2 (1-1)<\/strong><br \/>\n<strong>NB III. \u00c9szak-Nyugati csoport 11. fordul\u00f3 2023.10.15.<\/strong><br \/>\n<strong>Dorog, Buz\u00e1nszky Jen\u0151 Labdar\u00fag\u00f3 Stadion<\/strong><br \/>\n<strong>G\u00f3lszerz\u0151ink: Vass Benj\u00e1min (37\u2032, 61&#8242;)<\/strong><\/h5>\n<p><span style=\"font-size: 2em; font-weight: 800;\">Hajr\u00e1 Kelen!!<\/span><\/p>\n","protected":false},"excerpt":{"rendered":"<p>F\u00e1j\u00f3 veres\u00e9get szenvedt\u00fcnk Dorogon, hiszen a m\u00e9rk\u0151z\u00e9s m\u00e1sodik f\u00e9lidej\u00e9ben a vezet\u00e9st is megszerezt\u00fck a hazai g\u00e1rd\u00e1val szemben, azonban a dorogiak n\u00e9gy perc leforg\u00e1sa alatt visszahozt\u00e1k, majd megnyert\u00e9k a tal\u00e1lkoz\u00f3t. A veres\u00e9g ellen\u00e9re a tabell\u00e1n elfoglalt poz\u00edci\u00f3nk nem v\u00e1ltozott, \u00e9s csapatunk tov\u00e1bbra is az el\u0151kel\u0151 4. helyet foglalja el az NBIII-as pontvad\u00e1szatban, 11 fordul\u00f3t k\u00f6vet\u0151en. A&#8230;<\/p>\n","protected":false},"author":1386,"featured_media":20930,"comment_status":"closed","ping_status":"closed","sticky":false,"template":"","format":"standard","meta":{"inline_featured_image":false,"_exactmetrics_skip_tracking":false,"_exactmetrics_sitenote_active":false,"_exactmetrics_sitenote_note":"","_exactmetrics_sitenote_category":0,"footnotes":""},"categories":[11],"tags":[],"_links":{"self":[{"href":"https:\/\/kelensc.hu\/index.php\/wp-json\/wp\/v2\/posts\/20929"}],"collection":[{"href":"https:\/\/kelensc.hu\/index.php\/wp-json\/wp\/v2\/posts"}],"about":[{"href":"https:\/\/kelensc.hu\/index.php\/wp-json\/wp\/v2\/types\/post"}],"author":[{"embeddable":true,"href":"https:\/\/kelensc.hu\/index.php\/wp-json\/wp\/v2\/users\/1386"}],"replies":[{"embeddable":true,"href":"https:\/\/kelensc.hu\/index.php\/wp-json\/wp\/v2\/comments?post=20929"}],"version-history":[{"count":1,"href":"https:\/\/kelensc.hu\/index.php\/wp-json\/wp\/v2\/posts\/20929\/revisions"}],"predecessor-version":[{"id":20931,"href":"https:\/\/kelensc.hu\/index.php\/wp-json\/wp\/v2\/posts\/20929\/revisions\/20931"}],"wp:featuredmedia":[{"embeddable":true,"href":"https:\/\/kelensc.hu\/index.php\/wp-json\/wp\/v2\/media\/20930"}],"wp:attachment":[{"href":"https:\/\/kelensc.hu\/index.php\/wp-json\/wp\/v2\/media?parent=20929"}],"wp:term":[{"taxonomy":"category","embeddable":true,"href":"https:\/\/kelensc.hu\/index.php\/wp-json\/wp\/v2\/categories?post=20929"},{"taxonomy":"post_tag","embeddable":true,"href":"https:\/\/kelensc.hu\/index.php\/wp-json\/wp\/v2\/tags?post=20929"}],"curies":[{"name":"wp","href":"https:\/\/api.w.org\/{rel}","templated":true}]}}