{"id":19561,"date":"2022-05-05T17:35:04","date_gmt":"2022-05-05T16:35:04","guid":{"rendered":"https:\/\/kelensc.hu\/?p=19561"},"modified":"2022-05-09T11:16:25","modified_gmt":"2022-05-09T10:16:25","slug":"nagyot-leptunk-elore","status":"publish","type":"post","link":"https:\/\/kelensc.hu\/index.php\/nagyot-leptunk-elore\/","title":{"rendered":"Nagyot l\u00e9pt\u00fcnk el\u0151re"},"content":{"rendered":"<h3>Remek j\u00e1t\u00e9kkal kezdte a bennmarad\u00e1s\u00e9rt v\u00edvott harcban legnagyobb riv\u00e1lisa elleni meccs\u00e9t feln\u0151tt f\u00e9rfi csapatunk, amely a korai vezet\u0151 g\u00f3l ut\u00e1n csak az utols\u00f3 percekben biztos\u00edtotta be gy\u0151zelm\u00e9t, de nagy l\u00e9p\u00e9st tett v\u00e9geredm\u00e9nyben a c\u00e9ljai fel\u00e9.<\/h3>\n<div><\/div>\n<div>\n<figure id=\"attachment_19305\" aria-describedby=\"caption-attachment-19305\" style=\"width: 5800px\" class=\"wp-caption alignnone\"><img decoding=\"async\" loading=\"lazy\" class=\"wp-image-19305 size-full\" src=\"https:\/\/kelensc.hu\/wp-content\/uploads\/2022\/03\/DSC0192.jpg\" alt=\"\" width=\"5800\" height=\"3264\" \/><figcaption id=\"caption-attachment-19305\" class=\"wp-caption-text\">Lustyik Levente g\u00f3llal \u00e9s g\u00f3lpasszal j\u00e1rult hozz\u00e1 a Kelen Kom\u00e1rom felett aratott gy\u0151zelm\u00e9hez<\/figcaption><\/figure>\n<\/div>\n<div><\/div>\n<div><strong>Az NBIII. Nyugati csoportj\u00e1nak legut\u00f3bbi, h\u00e9tk\u00f6zi fordul\u00f3j\u00e1ban Harmati Tam\u00e1s csapata a Bozsik P\u00e9ter vezette Kom\u00e1rom egy\u00fcttes\u00e9t l\u00e1tta vend\u00e9g\u00fcl a Hunyadi M\u00e1ty\u00e1s \u00faton, ahol szurkol\u00f3ink nagy \u00f6r\u00f6m\u00e9re a nap v\u00e9g\u00e9n is a kies\u0151k f\u00f6l\u00e9 h\u00fazott vonal f\u00f6l\u00f6tt maradt a Kelen, r\u00e1ad\u00e1sul imm\u00e1r hat pontra t\u00e1volodott t\u0151le.<\/strong><\/div>\n<div><\/div>\n<div>Riv\u00e1lis\u00e1hoz k\u00e9pest pontel\u0151nnyel indult teh\u00e1t csapatunk, amely az ut\u00f3bbi meccsek alapj\u00e1n <em><strong><a href=\"https:\/\/kelensc.hu\/index.php\/mindenkire-szukseg-van\/\" target=\"_blank\" rel=\"noopener\">\u00f6nbizalommal telve l\u00e9phetett p\u00e1ly\u00e1ra<\/a><\/strong><\/em>, \u00edgy azt l\u00e1thatt\u00e1k a szurkol\u00f3k, amire egy ilyen fontos meccsen val\u00f3ban v\u00e1rtak: dinamikusan \u00e9s domin\u00e1nsan, ziccereket kidolgozva kezdte a tal\u00e1lkoz\u00f3t egy\u00fcttes\u00fcnk, amely egy hatalmas sprint v\u00e9g\u00e9n \u00e9pp csak kimarad\u00f3 Borb\u00e9ly Bence helyzet, \u00e9s egy Kertai D\u00e1niel kapufa ut\u00e1n m\u00e1r a 10. percben megszerezte a vezet\u00e9st, ut\u00f3bbi, Kertai D\u00e1niel r\u00e9v\u00e9n, aki Lustyik Levente sz\u00f6glet\u00e9t fejelte a kapuba.<\/div>\n<div><\/div>\n<div>Kiv\u00e1l\u00f3an kezd\u0151d\u00f6tt teh\u00e1t a tal\u00e1lkoz\u00f3, amely ugyanakkor a vezet\u0151g\u00f3l ut\u00e1n egy kapkod\u00f3bb, fizik\u00e1lisabb j\u00e1t\u00e9kot hozott, \u00e9s egy\u00e9rtelm\u0171en l\u00e1that\u00f3 volt, hogy mindk\u00e9t csapat sz\u00e1m\u00e1ra nagyon fontos p\u00e1rharcr\u00f3l van sz\u00f3. Szerencs\u00e9re ez a kir\u00edv\u00f3 izgalmai \u00e1llapot nem nyomta r\u00e1 teljesen a b\u00e9lyeg\u00e9t a meccs k\u00e9p\u00e9re, \u00e9s ugyan egyik g\u00e1rda sem a legszebb, vagy \u00e9pp legtudatosabb arc\u00e1t mutatta, m\u00e9gis sz\u00e1mos helyzet alakult ki a kapuk el\u0151tt, m\u00edg mez\u0151nyben hatalmas csata zajlott. \u00c9rdekess\u00e9ge volt a tal\u00e1lkoz\u00f3nak, hogy a kem\u00e9ny p\u00e1rharcok ellen\u00e9re nem eszkal\u00e1l\u00f3dott a hangulat, hiszen j\u00f3l kord\u00e1ban tartotta azt \u00dajhelyi Tam\u00e1s, j\u00e1t\u00e9kvezet\u0151, aki mind\u00f6ssze k\u00e9t s\u00e1rga lapot osztott ki a tal\u00e1lkoz\u00f3n, egyet ide, egyet oda.<\/div>\n<div><\/div>\n<div>Az els\u0151 f\u00e9lid\u0151 utols\u00f3, illetve a m\u00e1sodik f\u00e9lid\u0151 els\u0151 perceiben a vend\u00e9gek akarata \u00e9rv\u00e9nyes\u00fclt, ekkor j\u00f3l megfogt\u00e1k a Kelen t\u00e1mad\u00e1sokat, mik\u00f6zben a labdaszerz\u00e9st k\u00f6vet\u0151en r\u00f6gt\u00f6n ellent\u00e1mad\u00e1sba lend\u00fcltek, ez a temp\u00f3 pedig nem csak kisebb helyzeteket, de k\u00e9t ziccert is eredm\u00e9nyezett sz\u00e1mukra. A Kelen kaput \u0151rz\u0151 Kalm\u00e1r Adri\u00e1n azonban mindk\u00e9tszer j\u00f3l \u00e1llta a sarat &#8211; egy k\u00f6zeli fejesn\u00e9l p\u00e9ld\u00e1ul brav\u00farral v\u00e9dte a l\u00e9c al\u00e1 tart\u00f3 labd\u00e1t. A kimarad\u00f3 helyzetek k\u00f6z\u00f6tt azt\u00e1n egy \u00f3ra j\u00e1t\u00e9kot k\u00f6vet\u0151en a Kelen is \u00fajra megtal\u00e1lta az utat a vend\u00e9gek kapuj\u00e1ig, \u00e9s ugyan azt a dominanci\u00e1t, amit az els\u0151 negyed \u00f3r\u00e1ban mutatott nem tudta m\u00e1r reproduk\u00e1lni, de sz\u00e9pen lassan ism\u00e9t egyenl\u0151 er\u0151k k\u00fczdelm\u00e9t l\u00e1thatt\u00e1k a szurkol\u00f3k. A mintegy 200 f\u0151t kitev\u0151 n\u00e9z\u0151seregben a Kelen szurkol\u00f3k mellett jelent\u0151s l\u00e9tsz\u00e1mmal k\u00e9pviseltett\u00e9k magukat a kom\u00e1romi szimpatiz\u00e1nsok is, akik a t\u00f6bbi jelenl\u00e9v\u0151h\u00f6z hasonl\u00f3an v\u00e9gig izgulhatt\u00e1k a tal\u00e1lkoz\u00f3t, hiszen a mind\u00f6ssze egyg\u00f3los differenci\u00e1hoz t\u00f6bb helyzet is t\u00e1rsult, m\u00e9gsem volt az az ember \u00e9rz\u00e9se, hogy vesz\u00e9lyben lenne a Kelen pontszerz\u00e9se.<\/div>\n<div><\/div>\n<div>A helyzetek alapj\u00e1n a d\u00f6ntetlen, \u00e9s egy a minim\u00e1lisn\u00e1l nagyobb ar\u00e1ny\u00fa Kelen gy\u0151zelem is ott l\u00f3gott a leveg\u0151ben, v\u00e9g\u00fcl ut\u00f3bbi val\u00f3sult meg: a 89. percben Erdei Andr\u00e1s nagy lend\u00fclettel vezette keresztbe a labd\u00e1t az ellenf\u00e9l tizenhatosa el\u0151tt, majd remek\u00fcl b\u00f6k\u00f6tt al\u00e1 a j\u00e1t\u00e9kszernek, hogy \u00edgy szolg\u00e1lja ki a b\u00fcntet\u0151ter\u00fcleten bel\u00fcl \u00e9rkez\u0151 Lustyik Levent\u00e9t, aki egy pattan\u00e1st k\u00f6vet\u0151en kap\u00e1sb\u00f3l bomb\u00e1zta azt a vend\u00e9gek kapuj\u00e1ba. A k\u00e9sei g\u00f3l el is d\u00f6nt\u00f6tte a tal\u00e1lkoz\u00f3t, \u00e9s a v\u00e9gig nagy temp\u00f3t dikt\u00e1l\u00f3 csapatok m\u00e1r csak a lef\u00faj\u00e1st v\u00e1rt\u00e1k, amelyet k\u00f6vet\u0151en t\u00f6bben r\u00f6gt\u00f6n a f\u00f6ldre hullva pihentek meg.<\/div>\n<div><\/div>\n<div>\n<p>A nagy k\u00fczdelem v\u00e9g\u00e9n \u00f6r\u00f6mmel \u00e9rt\u00e9kelt vezet\u0151edz\u0151nk, <strong>Harmati Tam\u00e1s<\/strong>, aki ugyanakkor kiemelte, hogy ez m\u00e9g csak az utols\u00f3 el\u0151tti l\u00e9p\u00e9sek egyike volt c\u00e9lunk, a bennmarad\u00e1s fel\u00e9 vezet\u0151 \u00faton.<\/p>\n<\/div>\n<div><\/div>\n<blockquote>\n<div>\n<p><em>&#8211; A m\u00e9rk\u0151z\u00e9st \u00fagy kezdt\u00fck, ahogy megbesz\u00e9lt\u00fck, nagy k\u00fcl\u00f6nbs\u00e9get alak\u00edtottunk ki a p\u00e1ly\u00e1n \u00e9s ez helyzetekben, kapuf\u00e1ban is megmutatkozott. Mire megszerezt\u00fck a vezet\u00e9st m\u00e1r t\u00f6bb g\u00f3lt is szerezhett\u00fcnk volna. 1:0 ut\u00e1n viszont minden megv\u00e1ltozott, a min\u0151s\u00e9gi j\u00e1t\u00e9k elt\u0171nt a p\u00e1ly\u00e1r\u00f3l. A sz\u00fcnet ut\u00e1n sem t\u00f6rt\u00e9nt sok v\u00e1ltoz\u00e1s, sajnos nem tudtuk lez\u00e1rni a m\u00e9rk\u0151z\u00e9st, mert a lehet\u0151s\u00e9g\u00fcnk, helyzeteink kimaradtak, egy alkalommal ism\u00e9t kifel\u00e9 pattant a labda a kapuf\u00e1r\u00f3l. Azt\u00e1n a v\u00e9g\u00e9n egy sz\u00e9ps\u00e9gd\u00edjas egy\u00fcttm\u0171k\u00f6d\u00e9s \u00e9s befejez\u00e9s ut\u00e1n eld\u0151lt a h\u00e1rom pont sorsa v\u00e9g\u00e9rv\u00e9nyesen. Gratul\u00e1lok a j\u00e1t\u00e9kosaimnak, ism\u00e9t abban a hozz\u00e1\u00e1ll\u00e1sban j\u00e1tszottak, mint az utols\u00f3 fordul\u00f3kban. Nagy l\u00e9p\u00e9st tett\u00fcnk, de tov\u00e1bbi l\u00e9p\u00e9sekre is sz\u00fcks\u00e9g\u00fcnk van a h\u00e1tral\u00e9v\u0151 id\u0151szakban, hogy el\u00e9rj\u00fck a c\u00e9lunkat!<\/em><\/p>\n<p>&nbsp;<\/p>\n<\/div>\n<\/blockquote>\n<div><\/div>\n<div>Feln\u0151tt f\u00e9rfi csapatunk rem\u00e9nyteli c\u00e9ljai mellett feln\u0151tt n\u0151i egy\u00fcttes\u00fcnk is nagy\u00edv\u0171 s\u0151t, \u00e9lvonalbeli terveket sz\u0151 a j\u00f6v\u0151re n\u00e9zve, \u00e9s a tavalyi kies\u00e9st k\u00f6vet\u0151en az egyb\u0151l feljut\u00e1st t\u0171zte ki c\u00e9lj\u00e1ul. Ennek el\u00e9r\u00e9s\u00e9hez &#8211; K\u00e1d\u00e1r M\u00e1t\u00e9\u00e9khoz hasonl\u00f3an &#8211; Bark\u00f3czi Bernadett\u00e9k is nagy l\u00e9p\u00e9st tehetnek meg ezen a h\u00e9ten, hiszen f\u00e9rfi csapatunkhoz hasonl\u00f3an n\u0151i egy\u00fcttes\u00fcnk is az idei legnagyobb riv\u00e1lis\u00e1val tal\u00e1lkozik a bajnoks\u00e1gban: Kun Istv\u00e1n egy\u00fcttese a Buda\u00f6rs csapat\u00e1t l\u00e1tja vend\u00e9g\u00fcl szombaton 10:00-\u00e1s kezdettel a Kelen p\u00e1ly\u00e1n.<\/p>\n<\/div>\n<div><\/div>\n<div><span style=\"text-decoration: underline;\"><strong><a href=\"https:\/\/www.facebook.com\/events\/552600822950079?ref=newsfeed\" target=\"_blank\" rel=\"noopener\">Szurkoljuk ki a l\u00e1nyoknak is a gy\u0151zelmet, majd \u00fcnnepelj\u00fcnk k\u00f6z\u00f6sen a h\u00e9t harmadik hazai feln\u0151tt Kelen tal\u00e1lkoz\u00f3j\u00e1n, a vas\u00e1rnap 17:00-kor kezd\u0151d\u0151 Kelen SC &#8211; ETO Akad\u00e9mia NBIII-as f\u00e9rfi tal\u00e1lkoz\u00f3n.\u00a0<\/a><\/p>\n<p><\/strong><\/span><\/div>\n<div><\/div>\n<h3>Hajr\u00e1 Kelen!<\/h3>\n","protected":false},"excerpt":{"rendered":"<p>Remek j\u00e1t\u00e9kkal kezdte a bennmarad\u00e1s\u00e9rt v\u00edvott harcban legnagyobb riv\u00e1lisa elleni meccs\u00e9t feln\u0151tt f\u00e9rfi csapatunk, amely a korai vezet\u0151 g\u00f3l ut\u00e1n csak az utols\u00f3 percekben biztos\u00edtotta be gy\u0151zelm\u00e9t, de nagy l\u00e9p\u00e9st tett v\u00e9geredm\u00e9nyben a c\u00e9ljai fel\u00e9. Az NBIII. Nyugati csoportj\u00e1nak legut\u00f3bbi, h\u00e9tk\u00f6zi fordul\u00f3j\u00e1ban Harmati Tam\u00e1s csapata a Bozsik P\u00e9ter vezette Kom\u00e1rom egy\u00fcttes\u00e9t l\u00e1tta vend\u00e9g\u00fcl a Hunyadi&#8230;<\/p>\n","protected":false},"author":1375,"featured_media":19238,"comment_status":"closed","ping_status":"closed","sticky":false,"template":"","format":"standard","meta":{"inline_featured_image":false,"_exactmetrics_skip_tracking":false,"_exactmetrics_sitenote_active":false,"_exactmetrics_sitenote_note":"","_exactmetrics_sitenote_category":0,"footnotes":""},"categories":[11],"tags":[],"_links":{"self":[{"href":"https:\/\/kelensc.hu\/index.php\/wp-json\/wp\/v2\/posts\/19561"}],"collection":[{"href":"https:\/\/kelensc.hu\/index.php\/wp-json\/wp\/v2\/posts"}],"about":[{"href":"https:\/\/kelensc.hu\/index.php\/wp-json\/wp\/v2\/types\/post"}],"author":[{"embeddable":true,"href":"https:\/\/kelensc.hu\/index.php\/wp-json\/wp\/v2\/users\/1375"}],"replies":[{"embeddable":true,"href":"https:\/\/kelensc.hu\/index.php\/wp-json\/wp\/v2\/comments?post=19561"}],"version-history":[{"count":5,"href":"https:\/\/kelensc.hu\/index.php\/wp-json\/wp\/v2\/posts\/19561\/revisions"}],"predecessor-version":[{"id":19581,"href":"https:\/\/kelensc.hu\/index.php\/wp-json\/wp\/v2\/posts\/19561\/revisions\/19581"}],"wp:featuredmedia":[{"embeddable":true,"href":"https:\/\/kelensc.hu\/index.php\/wp-json\/wp\/v2\/media\/19238"}],"wp:attachment":[{"href":"https:\/\/kelensc.hu\/index.php\/wp-json\/wp\/v2\/media?parent=19561"}],"wp:term":[{"taxonomy":"category","embeddable":true,"href":"https:\/\/kelensc.hu\/index.php\/wp-json\/wp\/v2\/categories?post=19561"},{"taxonomy":"post_tag","embeddable":true,"href":"https:\/\/kelensc.hu\/index.php\/wp-json\/wp\/v2\/tags?post=19561"}],"curies":[{"name":"wp","href":"https:\/\/api.w.org\/{rel}","templated":true}]}}