{"id":19017,"date":"2022-02-19T10:07:00","date_gmt":"2022-02-19T09:07:00","guid":{"rendered":"https:\/\/kelensc.hu\/?p=19017"},"modified":"2022-02-19T10:15:11","modified_gmt":"2022-02-19T09:15:11","slug":"eles-meccs-var-rank","status":"publish","type":"post","link":"https:\/\/kelensc.hu\/index.php\/eles-meccs-var-rank\/","title":{"rendered":"\u00c9les meccs v\u00e1r r\u00e1nk"},"content":{"rendered":"<h3 style=\"font-weight: 400;\"><strong>T\u00f6bb hi\u00e1nyz\u00f3val \u00e9s fel\u00e9p\u00fcl\u0151vel a csapatban, egy meger\u0151s\u00f6d\u00f6tt Kaposv\u00e1r ellen l\u00e9p p\u00e1ly\u00e1ra vas\u00e1rnap a feln\u0151tt f\u00e9rfi Kelen, amely 2022-ben is szeretn\u00e9 folytatni j\u00f3 sorozat\u00e1t hazai p\u00e1ly\u00e1n.<\/strong><\/h3>\n<figure id=\"attachment_18609\" aria-describedby=\"caption-attachment-18609\" style=\"width: 4921px\" class=\"wp-caption alignnone\"><img decoding=\"async\" loading=\"lazy\" class=\"wp-image-18609 size-full\" src=\"https:\/\/kelensc.hu\/wp-content\/uploads\/2021\/09\/Timari.jpg\" alt=\"\" width=\"4921\" height=\"2768\" srcset=\"https:\/\/kelensc.hu\/wp-content\/uploads\/2021\/09\/Timari.jpg 4921w, https:\/\/kelensc.hu\/wp-content\/uploads\/2021\/09\/Timari-640x360.jpg 640w, https:\/\/kelensc.hu\/wp-content\/uploads\/2021\/09\/Timari-1280x720.jpg 1280w, https:\/\/kelensc.hu\/wp-content\/uploads\/2021\/09\/Timari-768x432.jpg 768w, https:\/\/kelensc.hu\/wp-content\/uploads\/2021\/09\/Timari-1536x864.jpg 1536w, https:\/\/kelensc.hu\/wp-content\/uploads\/2021\/09\/Timari-2048x1152.jpg 2048w, https:\/\/kelensc.hu\/wp-content\/uploads\/2021\/09\/Timari-320x180.jpg 320w, https:\/\/kelensc.hu\/wp-content\/uploads\/2021\/09\/Timari-382x215.jpg 382w, https:\/\/kelensc.hu\/wp-content\/uploads\/2021\/09\/Timari-641x361.jpg 641w\" sizes=\"(max-width: 4921px) 100vw, 4921px\" \/><figcaption id=\"caption-attachment-18609\" class=\"wp-caption-text\">Tim\u00e1ri Norman gy\u0151zelemre sz\u00e1m\u00edt<\/figcaption><\/figure>\n<p style=\"font-weight: 400;\"><strong>Az \u00e9v els\u0151 hazai t\u00e9tm\u00e9rk\u0151z\u00e9se k\u00f6vetkezik vas\u00e1rnap 14:00-t\u00f3l a Kelen p\u00e1ly\u00e1n, ahol Harmati Tam\u00e1s csapata szeptember 22. \u00f3ta nem kapott ki, \u00edgy nem csak a id\u00e9nynyit\u00f3 idegenbeli veres\u00e9get szeretn\u00e9 \u00a0majd feledtetni, de igyekszik folytatni is remek hazai sorozat\u00e1t. Az \u00e9v els\u0151 csapata, amely a Hunyadi M\u00e1ty\u00e1s \u00fati sporttelepre l\u00e1togat az a kor\u00e1bban \u00e9lvonalbeli Kaposv\u00e1ri R\u00e1k\u00f3czi, amellyel nem csak hogy igazs\u00e1gos d\u00f6ntetlent j\u00e1tszott \u0151sszel a Kelen, de jelenleg is ugyanannyi ponttal \u00e1ll a tabell\u00e1n, mint Tim\u00e1ri Norman\u00e9k, \u00edgy ez\u00fattal is egyenrang\u00fa ellenfelek igazi ki-ki m\u00e9rk\u0151z\u00e9se v\u00e1r a helysz\u00edni szurkol\u00f3kra.<\/strong><\/p>\n<blockquote>\n<p style=\"font-weight: 400;\">&#8211;\u00a0\u00a0\u00a0\u00a0\u00a0\u00a0\u00a0\u00a0<em>Neh\u00e9z volt az id\u00e9nynyit\u00f3 veres\u00e9get feldolgozni, de az\u00e9rt nem hiszem, hogy letargi\u00e1ba kellett volna esn\u00fcnk azut\u00e1n a meccs ut\u00e1n, hiszen j\u00f3l futballoztunk, helyzeteket alak\u00edtottunk ki, \u00e9s \u00fagy \u00e9rzem rendre domin\u00e1lni is tudtunk, egyszer\u0171en a foci ilyen, nem mindig van veled a szerencse\u00a0<\/em>\u2013\u00a0<strong>kezdte a meccset megel\u0151z\u0151 \u00e9rt\u00e9kel\u00e9s\u00e9t a csapatkapit\u00e1ny, Tim\u00e1ri Norman<\/strong><em>. &#8211; \u00dagyhogy \u00e9n ink\u00e1bb \u00fagy gondoltam erre eg\u00e9sz h\u00e9ten, hogy er\u0151t kell mer\u00edteni abb\u00f3l a veres\u00e9gb\u0151l, \u00e9s m\u00e9g jobban megdolgozni az\u00e9rt, hogy a j\u00f6v\u0151ben, \u00edgy ak\u00e1r m\u00e1r most vas\u00e1rnap is minket p\u00e1rtoljon a szerencse. F\u0151k\u00e9nt, hogy hazai p\u00e1ly\u00e1n egyszer\u0171en j\u00f3l kell szerepeln\u00fcnk, mi legal\u00e1bbis ezt \u00e9rezz\u00fck folyamatosan, de ne legyen f\u00e9lre\u00e9rt\u00e9s, mi szeretj\u00fck ezt az \u00e9rz\u00e9st, mert minden alkalommal kiel\u00e9g\u00edt\u0151, amikor a szurkol\u00f3ink kedv\u00e9ben tudunk j\u00e1rni. Rem\u00e9lem most is min\u00e9l t\u00f6bb\u00fcknek okozunk majd \u00f6r\u00f6met, \u00e9n legal\u00e1bbis gy\u0151zelmet v\u00e1rok. M\u00e1shogy tal\u00e1n nem is volna \u00e9rtelme\u2026<\/em><\/p>\n<\/blockquote>\n<p style=\"font-weight: 400;\">Vezet\u0151edz\u0151nk,\u00a0<strong>Harmati Tam\u00e1s<\/strong>\u00a0szerint is f\u00e1j\u00f3 volt a m\u00falt vas\u00e1rnapi veres\u00e9g, de t\u00f6bbf\u00e9lek\u00e9ppen lehet kikapni, az Andr\u00e1shida elleni pedig nem az a fajta volt, ami demotiv\u00e1ltt\u00e1 tenn\u00e9 a csapatot.<\/p>\n<blockquote>\n<p style=\"font-weight: 400;\">&#8211;\u00a0\u00a0\u00a0\u00a0\u00a0\u00a0\u00a0\u00a0<em>T\u00f6bb fajta veres\u00e9g van, \u00e9s ugyan v\u00e9geredm\u00e9nyben mindegyik f\u00e1j\u00f3, de amikor l\u00e1tv\u00e1nyosan jobbak vagyunk, \u00e9s t\u00f6bbet tesz\u00fcnk az\u00e9rt, hogy val\u00f3di futballal tudjunk nyerni, akkor azt az\u00e9rt k\u00f6nnyebb feldolgozni, mert nem szakad\u00e9kba tasz\u00edt, hanem utat mutat. Egy\u00e9bk\u00e9nt is igyeksz\u00fcnk mindig re\u00e1lisan \u00e9s j\u00f3zanul \u00e9rt\u00e9kelni minden m\u00e9rk\u0151z\u00e9st, \u00edgy nem csak most nem d\u0151lt\u00fcnk a kardunkba, de akkor sem verdest\u00fck a mellkasunkat, amikor \u00e9pp kiv\u00e1l\u00f3an ment a szek\u00e9r. \u00dagyhogy tov\u00e1bbra is tessz\u00fck a dolgunkat, \u00e9s a saj\u00e1t j\u00e1t\u00e9kunk mellett term\u00e9szetesen az ellenfelek\u00e9vel is foglalkozunk. Most is lelkiismeretesen felt\u00e9rk\u00e9pezt\u00fck a Kaposv\u00e1r csapat\u00e1t, amely egy j\u00f3 kis egy\u00fcttes, t\u00e9len meg is er\u0151s\u00f6d\u00f6tt, \u00e9s most azt l\u00e1tni, hogy komoly potenci\u00e1l lehet benn\u00fck a j\u00f6v\u0151ben. Egyel\u0151re teh\u00e1t ami biztosnak t\u0171nik, hogy \u00e9les meccs v\u00e1r r\u00e1nk.<\/em><\/p>\n<\/blockquote>\n<figure id=\"attachment_19018\" aria-describedby=\"caption-attachment-19018\" style=\"width: 5385px\" class=\"wp-caption alignnone\"><img decoding=\"async\" loading=\"lazy\" class=\"wp-image-19018 size-full\" src=\"https:\/\/kelensc.hu\/wp-content\/uploads\/2022\/02\/DSC0165.jpg\" alt=\"\" width=\"5385\" height=\"3032\" srcset=\"https:\/\/kelensc.hu\/wp-content\/uploads\/2022\/02\/DSC0165.jpg 5385w, https:\/\/kelensc.hu\/wp-content\/uploads\/2022\/02\/DSC0165-640x360.jpg 640w, https:\/\/kelensc.hu\/wp-content\/uploads\/2022\/02\/DSC0165-1280x721.jpg 1280w, https:\/\/kelensc.hu\/wp-content\/uploads\/2022\/02\/DSC0165-768x432.jpg 768w, https:\/\/kelensc.hu\/wp-content\/uploads\/2022\/02\/DSC0165-1536x865.jpg 1536w, https:\/\/kelensc.hu\/wp-content\/uploads\/2022\/02\/DSC0165-2048x1153.jpg 2048w, https:\/\/kelensc.hu\/wp-content\/uploads\/2022\/02\/DSC0165-320x180.jpg 320w, https:\/\/kelensc.hu\/wp-content\/uploads\/2022\/02\/DSC0165-382x215.jpg 382w, https:\/\/kelensc.hu\/wp-content\/uploads\/2022\/02\/DSC0165-641x361.jpg 641w\" sizes=\"(max-width: 5385px) 100vw, 5385px\" \/><figcaption id=\"caption-attachment-19018\" class=\"wp-caption-text\">K\u00e1d\u00e1r M\u00e1t\u00e9t\u00f3l joggal tarthatnak az ellenfelek<\/figcaption><\/figure>\n<p style=\"font-weight: 400;\">\u00d6r\u00f6m ugyanakkor, hogy ezen az \u00e9lesnek \u00edg\u00e9rkez\u0151 m\u00e9rk\u0151z\u00e9sen m\u00e1r sz\u00e1m\u00edthat K\u00e1d\u00e1r M\u00e1t\u00e9 j\u00e1t\u00e9k\u00e1ra is a vezet\u0151edz\u0151, akinek ugyanakkor nem \u00e1ll rendelkez\u00e9s\u00e9re az Andr\u00e1shida ellen ki\u00e1ll\u00edtott Szamosi Tam\u00e1s.<\/p>\n<blockquote>\n<p style=\"font-weight: 400;\">&#8211;\u00a0\u00a0\u00a0\u00a0\u00a0\u00a0\u00a0\u00a0<em>Igen, az eml\u00edtettek is mutatj\u00e1k, hogy kimarad\u00f3b\u00f3l \u00e9s visszat\u00e9r\u0151b\u0151l is akad, r\u00e1ad\u00e1sul nem csak Szamosi Tam\u00e1s \u00e9s K\u00e1d\u00e1r M\u00e1t\u00e9, hanem t\u00f6bben is, de m\u00e1r az, hogy ut\u00f3bbi rendelkez\u00e9s\u00fcnkre \u00e1ll nagy \u00f6r\u00f6m a sz\u00e1munkra, mert M\u00e1t\u00e9 j\u00e1t\u00e9ka nem csak \u00f6nmag\u00e1ban jelent sokat, de a t\u00f6bbiekre is j\u00f3 hat\u00e1ssal van. Egyel\u0151re azonban a fokozatoss\u00e1g el\u00e9g nagy hangs\u00falyt kap a napi munk\u00e1ban, hogy a visszat\u00e9r\u0151ket eg\u00e9szs\u00e9ges mederben terelgetve juttassuk vissza a topform\u00e1jukhoz. \u00dagyhogy akadozhat m\u00e9g a g\u00e9pezet, de a hazai p\u00e1ly\u00e1nk a legjobb k\u00f6zeg ahhoz, hogy mindez ne jelenthessen gondot. Sz\u00e1m\u00edtunk teh\u00e1t a szurkol\u00f3inkra, mert ahogy az eredm\u00e9nyek is mutatj\u00e1k, sokat jelent a t\u00e1mogat\u00e1suk.<\/em><\/p>\n<\/blockquote>\n<p style=\"font-weight: 400;\">Elvitathatatlan a Kelen szurkol\u00f3k hat\u00e1sa, hiszen mind\u00f6ssze k\u00e9t egy\u00fcttes, a tabella m\u00e1sodik Zugl\u00f3, \u00e9s a harmadik helyezett Veszpr\u00e9m tudott nyerni a Hunyadi M\u00e1ty\u00e1s \u00faton, ut\u00f3bbi is imm\u00e1r lassan t\u00f6bb, mint \u00f6t h\u00f3napja. Tim\u00e1ri Norman\u00e9k \u00fagy tervezik, hogy ez\u00fattal sem hagyj\u00e1k bevenni a Kelen-v\u00e1rat, ehhez pedig a lehet\u0151 legnagyobb t\u00e1mogat\u00e1sban b\u00edznak szurkol\u00f3ink r\u00e9sz\u00e9r\u0151l.<\/p>\n<p style=\"font-weight: 400;\"><strong>Legy\u00fcnk egy\u00fctt min\u00e9l t\u00f6bben, z\u00f6ld\u00fclj\u00f6n a lel\u00e1t\u00f3!<\/strong><\/p>\n<p style=\"font-weight: 400;\"><strong>KELEN SC \u2013 Kaposv\u00e1ri R\u00e1k\u00f3czi<\/strong><br \/>\n<strong>NBIII. Nyugati csoport 22. fordul\u00f3<br \/>\n2022.02.20. 14:00 Kelen Sporttelep<br \/>\nBel\u00e9p\u0151: 800 Ft<br \/>\nNyugd\u00edjas bel\u00e9p\u0151:\u00a0500Ft<\/strong><\/p>\n<h3 style=\"font-weight: 400;\"><strong>Hajr\u00e1 Kelen!<\/strong><\/h3>\n<p><em>K\u00e9pek: Kanizsay Zolt\u00e1n<\/em><\/p>\n","protected":false},"excerpt":{"rendered":"<p>T\u00f6bb hi\u00e1nyz\u00f3val \u00e9s fel\u00e9p\u00fcl\u0151vel a csapatban, egy meger\u0151s\u00f6d\u00f6tt Kaposv\u00e1r ellen l\u00e9p p\u00e1ly\u00e1ra vas\u00e1rnap a feln\u0151tt f\u00e9rfi Kelen, amely 2022-ben is szeretn\u00e9 folytatni j\u00f3 sorozat\u00e1t hazai p\u00e1ly\u00e1n. Az \u00e9v els\u0151 hazai t\u00e9tm\u00e9rk\u0151z\u00e9se k\u00f6vetkezik vas\u00e1rnap 14:00-t\u00f3l a Kelen p\u00e1ly\u00e1n, ahol Harmati Tam\u00e1s csapata szeptember 22. \u00f3ta nem kapott ki, \u00edgy nem csak a id\u00e9nynyit\u00f3 idegenbeli veres\u00e9get szeretn\u00e9&#8230;<\/p>\n","protected":false},"author":1375,"featured_media":19020,"comment_status":"closed","ping_status":"closed","sticky":false,"template":"","format":"standard","meta":{"inline_featured_image":false,"_exactmetrics_skip_tracking":false,"_exactmetrics_sitenote_active":false,"_exactmetrics_sitenote_note":"","_exactmetrics_sitenote_category":0,"footnotes":""},"categories":[11],"tags":[],"_links":{"self":[{"href":"https:\/\/kelensc.hu\/index.php\/wp-json\/wp\/v2\/posts\/19017"}],"collection":[{"href":"https:\/\/kelensc.hu\/index.php\/wp-json\/wp\/v2\/posts"}],"about":[{"href":"https:\/\/kelensc.hu\/index.php\/wp-json\/wp\/v2\/types\/post"}],"author":[{"embeddable":true,"href":"https:\/\/kelensc.hu\/index.php\/wp-json\/wp\/v2\/users\/1375"}],"replies":[{"embeddable":true,"href":"https:\/\/kelensc.hu\/index.php\/wp-json\/wp\/v2\/comments?post=19017"}],"version-history":[{"count":3,"href":"https:\/\/kelensc.hu\/index.php\/wp-json\/wp\/v2\/posts\/19017\/revisions"}],"predecessor-version":[{"id":19022,"href":"https:\/\/kelensc.hu\/index.php\/wp-json\/wp\/v2\/posts\/19017\/revisions\/19022"}],"wp:featuredmedia":[{"embeddable":true,"href":"https:\/\/kelensc.hu\/index.php\/wp-json\/wp\/v2\/media\/19020"}],"wp:attachment":[{"href":"https:\/\/kelensc.hu\/index.php\/wp-json\/wp\/v2\/media?parent=19017"}],"wp:term":[{"taxonomy":"category","embeddable":true,"href":"https:\/\/kelensc.hu\/index.php\/wp-json\/wp\/v2\/categories?post=19017"},{"taxonomy":"post_tag","embeddable":true,"href":"https:\/\/kelensc.hu\/index.php\/wp-json\/wp\/v2\/tags?post=19017"}],"curies":[{"name":"wp","href":"https:\/\/api.w.org\/{rel}","templated":true}]}}