{"id":19009,"date":"2022-02-15T15:08:51","date_gmt":"2022-02-15T14:08:51","guid":{"rendered":"https:\/\/kelensc.hu\/?p=19009"},"modified":"2022-02-15T18:28:53","modified_gmt":"2022-02-15T17:28:53","slug":"a-fejlodes-utja","status":"publish","type":"post","link":"https:\/\/kelensc.hu\/index.php\/a-fejlodes-utja\/","title":{"rendered":"A fejl\u0151d\u00e9s \u00fatja"},"content":{"rendered":"<h3>Az \u0151sszel klubunkat szolg\u00e1l\u00f3 Lipcsei \u00c1d\u00e1m az \u00e1tigazol\u00e1si id\u0151szak v\u00e9ghajr\u00e1j\u00e1ban oszt\u00e1lyt tudott ugrani azzal, hogy az NBII-ben dobog\u00f3s helyen \u00e1ll\u00f3 Kecskem\u00e9ti TE j\u00e1t\u00e9kosa lett \u2013 sok sikert \u00c1di!<\/h3>\n<p><img decoding=\"async\" loading=\"lazy\" class=\"alignnone wp-image-19010 size-full\" src=\"https:\/\/kelensc.hu\/wp-content\/uploads\/2022\/02\/Lipcsei-Adam.jpg\" alt=\"\" width=\"1200\" height=\"628\" srcset=\"https:\/\/kelensc.hu\/wp-content\/uploads\/2022\/02\/Lipcsei-Adam.jpg 1200w, https:\/\/kelensc.hu\/wp-content\/uploads\/2022\/02\/Lipcsei-Adam-640x335.jpg 640w, https:\/\/kelensc.hu\/wp-content\/uploads\/2022\/02\/Lipcsei-Adam-768x402.jpg 768w, https:\/\/kelensc.hu\/wp-content\/uploads\/2022\/02\/Lipcsei-Adam-320x167.jpg 320w, https:\/\/kelensc.hu\/wp-content\/uploads\/2022\/02\/Lipcsei-Adam-382x200.jpg 382w, https:\/\/kelensc.hu\/wp-content\/uploads\/2022\/02\/Lipcsei-Adam-641x335.jpg 641w\" sizes=\"(max-width: 1200px) 100vw, 1200px\" \/><\/p>\n<p><strong>A 2021 nyar\u00e1ra Budapest-bajnok \u00e9s Budapest Kupa gy\u0151ztes Kelen az idei, imm\u00e1r NBIII-as id\u00e9ny elej\u00e9n szerz\u0151dtette Lipcsei \u00c1d\u00e1mot, a kem\u00e9ny, de fineszes bels\u0151 v\u00e9d\u0151t, aki \u0151sszel mindegyik m\u00e9rk\u0151z\u00e9s\u00fcnk\u00f6n kezd\u0151k\u00e9nt l\u00e9pett p\u00e1ly\u00e1ra \u00fagy a bajnoks\u00e1gban, mint a Magyar Kup\u00e1ban. A szint\u00e9n harmadoszt\u00e1ly\u00fa ESMTK-t\u00f3l \u00e9rkezett j\u00e1t\u00e9kos teh\u00e1t alapembere volt csapatunknak, amelynek nem csak h\u00e1tul adott stabilit\u00e1st, de akadt olyan is, amikor<em><span style=\"text-decoration: underline;\"><a href=\"https:\/\/kelensc.hu\/index.php\/nehezkes-de-megerdemelt-gyozelem\/\" target=\"_blank\" rel=\"noopener\"> a 91.percben szerzett gy\u0151ztes g\u00f3lt<\/a><\/span><\/em>. A m\u00e1r eg\u00e9szen fiatalon NBI-es meccs\u00e9lm\u00e9nyeket, k\u00e9s\u0151bb pedig komoly NBII-es \u00e9s NBIII-as rutint szerz\u0151 kor\u00e1bbi j\u00e1t\u00e9kosunkat telefonon \u00e9rt\u00fck utol, \u00e9s arr\u00f3l \u00e9rdekl\u0151dt\u00fcnk, hogy milyen \u00e9lm\u00e9ny volt ennyire hamar d\u00f6nt\u00e9st hozni a j\u00f6v\u0151j\u00e9vel kapcsolatban.<\/strong><\/p>\n<blockquote><p><em>&#8211;\u00a0\u00a0\u00a0\u00a0\u00a0\u00a0\u00a0 Eg\u00e9szen v\u00e1ratlan volt a megkeres\u00e9s \u00e9s nagyon gyorsan kellett d\u00f6ntenem, ami nem seg\u00edtett azon, hogy egy\u00e9bk\u00e9nt is volt sz\u00e1momra neh\u00e9z r\u00e9sze a v\u00e1lt\u00e1snak. Persze szakmailag nyilv\u00e1n egy\u00e9rtelm\u0171 volt, hogy \u00e9lni akarok a lehet\u0151s\u00e9ggel, de ezalatt a f\u00e9l\u00e9v alatt is a sz\u00edvemhez n\u0151tt a Kelen, r\u00e9gi bar\u00e1tok mellett \u00fajakat is szereztem, \u00e9s a j\u00e1t\u00e9komat tekintve is \u00fagy \u00e9rzem, hogy siker\u00fclt fejl\u0151dn\u00f6m. Ezt \u00edgy csomagban egy pillanat alatt nagyra tudja \u00e9rt\u00e9kelni az ember ha arr\u00f3l van sz\u00f3, hogy egyik napr\u00f3l a m\u00e1sikra el kell hagynia. Az egyik szemem s\u00edr, a m\u00e1sik pedig nevet, \u00f6sszess\u00e9g\u00e9ben viszont izgatottan v\u00e1rom az \u00faj kalandokat, \u00e9s mindig \u00f6r\u00f6mmel gondolok majd vissza erre a k\u00f6zegre, a Kelen-csal\u00e1dra.<\/em><\/p><\/blockquote>\n<p><strong>A Bel\u00e9nyesi Csaba DVTK-hoz t\u00e1voz\u00e1sa miatt Kecskem\u00e9tre h\u00edvott Lipcsei \u00c1d\u00e1mnak persze nem lesz \u00fajdons\u00e1g az NBII., az azonban, ahogy oda visszaker\u00fclt, az sz\u00e1m\u00e1ra is szokatlanul pozit\u00edv \u00e9lm\u00e9ny volt.<\/strong><\/p>\n<blockquote><p><em>&#8211;\u00a0\u00a0\u00a0\u00a0\u00a0\u00a0\u00a0 Nem csak az\u00e9rt, mert gyorsan t\u00f6rt\u00e9nt minden, hanem alapvet\u0151en szkeptikusan \u00e1lltam a v\u00e1lt\u00e1s sikeress\u00e9g\u00e9hez, hiszen kor\u00e1bban k\u00fcl\u00f6nb\u00f6z\u0151 klub\u00e9rdekek miatt neh\u00e9z dolgom volt ilyen esetekben. Tomi b\u00e1\u00e9k viszont sz\u00e1momra is meglep\u0151en korrektek voltak, akik azzal, hogy ilyen gyorsan elengedtek, tartott\u00e1k magukat ahhoz a ny\u00e1ri \u00edg\u00e9ret\u00fckh\u00f6z, hogy ha magasabb oszt\u00e1lyb\u00f3l jelentkeznek \u00e9rtem, akkor nem g\u00f6rd\u00edtenek akad\u00e1lyt a fejl\u0151d\u00e9sem el\u00e9. Ez egy\u00e9bk\u00e9nt nem csak nekem, de a kecskem\u00e9ti vezet\u0151knek is \u00faj \u00e9lm\u00e9ny volt,\u00a0 a szerz\u0151d\u00e9s al\u00e1\u00edr\u00e1sakor mondt\u00e1k is, hogy az ilyen hozz\u00e1\u00e1ll\u00e1s el\u00e9g ritka. \u00d6sszess\u00e9g\u00e9ben is, de ez\u00e9rt k\u00fcl\u00f6n is h\u00e1l\u00e1s vagyok Andreasnak, \u00e9s Tomi b\u00e1nak.\u00a0<\/em><\/p><\/blockquote>\n<p><strong>Ezzel szemben Harmati Tam\u00e1s &#8211; akinek \u00edgy ugyan nehezebb dolga lesz tavasszal a csapat\u00f6ssze\u00e1ll\u00edt\u00e1st tekintve &#8211; mag\u00e1t\u00f3l \u00e9rtet\u0151d\u0151nek gondolta, hogy a j\u00e1t\u00e9kos tov\u00e1bb l\u00e9phessen.<\/strong><\/p>\n<blockquote><p><em>&#8211;\u00a0\u00a0\u00a0\u00a0\u00a0\u00a0\u00a0 Szombaton \u00e9rkezett be hozz\u00e1nk a megkeres\u00e9s \u00e9pp az edz\u00e9s\u00fcnk, a vas\u00e1rnapi meccs, \u00e9s a h\u00e9tf\u0151i z\u00e1r\u00e1s el\u0151tt, \u00edgy minden nagyon hirtelen t\u00f6rt\u00e9n. \u0150szint\u00e9n sz\u00f3lva viszont egy pillanatra sem fordult meg a fej\u00fcnkben, hogy akad\u00e1lyt g\u00f6rd\u00edts\u00fcnk \u00c1d\u00e1m \u00e1tigazol\u00e1sa el\u00e9, hiszen az eg\u00e9sz klubfiloz\u00f3fi\u00e1nk arr\u00f3l sz\u00f3l, hogy a fejl\u0151d\u00e9st k\u00e9pesek legy\u00fcnk \u00e1lland\u00f3s\u00edtani, \u00e9s ezt minden eszk\u00f6z\u00fcnkkel t\u00e1mogassuk is. \u00cdgy m\u00e9g, ha ez most neh\u00e9zs\u00e9get is okoz majd nek\u00fcnk tavasszal, b\u00fcszk\u00e9nek kell lenn\u00fcnk r\u00e1, hogy huzamosabb NBIII-ban t\u00f6lt\u00f6tt id\u0151 ut\u00e1n \u00c1d\u00e1m k\u00e9szen \u00e1llt arra, hogy egyik pillanatr\u00f3l a m\u00e1sikra oszt\u00e1lyt l\u00e9pjen. R\u00e1ad\u00e1sul ha ez a v\u00e1lt\u00e1s r\u00e1ir\u00e1ny\u00edtja a figyelmet a t\u00f6bbi, klubunkban j\u00f3l teljes\u00edt\u0151 j\u00e1t\u00e9kosra is, akkor pedig nem csak \u00c1d\u00e1m fejl\u0151d\u00e9s\u00e9t siker\u00fclt garant\u00e1lnunk, de a Kelen is profit\u00e1lhat az \u00e1tigazol\u00e1sb\u00f3l.<\/em><\/p><\/blockquote>\n<figure id=\"attachment_19012\" aria-describedby=\"caption-attachment-19012\" style=\"width: 1473px\" class=\"wp-caption alignnone\"><img decoding=\"async\" loading=\"lazy\" class=\"wp-image-19012 size-full\" src=\"https:\/\/kelensc.hu\/wp-content\/uploads\/2022\/02\/Lipcsei-Adam-gol.jpg\" alt=\"\" width=\"1473\" height=\"829\" srcset=\"https:\/\/kelensc.hu\/wp-content\/uploads\/2022\/02\/Lipcsei-Adam-gol.jpg 1473w, https:\/\/kelensc.hu\/wp-content\/uploads\/2022\/02\/Lipcsei-Adam-gol-640x360.jpg 640w, https:\/\/kelensc.hu\/wp-content\/uploads\/2022\/02\/Lipcsei-Adam-gol-1280x720.jpg 1280w, https:\/\/kelensc.hu\/wp-content\/uploads\/2022\/02\/Lipcsei-Adam-gol-768x432.jpg 768w, https:\/\/kelensc.hu\/wp-content\/uploads\/2022\/02\/Lipcsei-Adam-gol-320x180.jpg 320w, https:\/\/kelensc.hu\/wp-content\/uploads\/2022\/02\/Lipcsei-Adam-gol-382x215.jpg 382w, https:\/\/kelensc.hu\/wp-content\/uploads\/2022\/02\/Lipcsei-Adam-gol-641x361.jpg 641w\" sizes=\"(max-width: 1473px) 100vw, 1473px\" \/><figcaption id=\"caption-attachment-19012\" class=\"wp-caption-text\">A Kelen sz\u00edneiben egyetlen g\u00f3lt szerzett v\u00e9d\u0151nk, az ugyanakkor eml\u00e9kezetes volt: 2-0-\u00e1s h\u00e1tr\u00e1nyb\u00f3l \u00e1llt fel csapatunk, Lipcsei \u00c1d\u00e1m pedig a 91. percben szerezte a 3-2-\u0151t \u00e9r\u0151 gy\u0151ztes tal\u00e1latot<\/figcaption><\/figure>\n<p><strong>Az \u00f6r\u00f6mmel vegy\u00fclt b\u00fcszkes\u00e9g mellett szakmai igazgat\u00f3nk azt is kiemelte, hogy a fejl\u0151d\u00e9st garant\u00e1l\u00f3 hozz\u00e1\u00e1ll\u00e1snak nem szabadna ritk\u00e1nak lennie a magyar futballban.<\/strong><\/p>\n<blockquote><p><em>&#8211;\u00a0\u00a0\u00a0\u00a0\u00a0\u00a0\u00a0 Igenis fontos a klub fejl\u0151d\u00e9se, \u00e9s szem el\u0151tt kell tartani az \u00e9rdekeit, de egy klub att\u00f3l j\u00f3, ha j\u00f3 futballist\u00e1i vannak, \u00edgy pedig a klub fejl\u0151d\u00e9se nem k\u00fcl\u00f6n\u00edthet\u0151 el a j\u00e1t\u00e9kosok fejl\u0151d\u00e9s\u00e9t\u0151l. Az hogy egy NBII-ben dobog\u00f3s csapat kiv\u00e1s\u00e1rolja a j\u00e1t\u00e9kosunkat egy\u00e9rtelm\u0171 fejl\u0151d\u00e9si lehet\u0151s\u00e9g \u00c1di sz\u00e1m\u00e1ra, \u00e9s ugyan ebben a helyzetben elveszt\u00fcnk egy j\u00e1t\u00e9kost, mag\u00e1b\u00f3l a transzferb\u0151l a klub is profit\u00e1l, hiszen r\u00e1nk ir\u00e1ny\u00edtja a figyelmet, \u00e9s t\u00f6bb emberhez juthat \u00edgy el, hogy milyen k\u00f6zeg \u00e9s milyen szakmai munka jellemzi a Kelen SC-t. Ez pedig ink\u00e1bb klub\u00e9rdek, mint az, hogy olyasvalakit tartsunk magunkn\u00e1l, akinek egy\u00e9bk\u00e9nt az NBII-ben a helye.<\/em><\/p><\/blockquote>\n<p><strong>Klubunk ezt az ir\u00e1nyt nem csak feln\u0151tt szinten k\u00e9pviseli, amit Harmati Tam\u00e1s is meger\u0151s\u00edt:<\/strong><\/p>\n<blockquote><p><em>&#8211; Mi az ut\u00e1np\u00f3tl\u00e1sban is \u00edgy gondolkodunk, hiszen t\u00f6bb olyan tehets\u00e9g\u00fcnk is v\u00e1ltott az ut\u00f3bbi \u00e9vekben magasabban jegyzett klubhoz, amire nagyon b\u00fcszk\u00e9k vagyunk. Id\u00e9n is t\u00f6bb p\u00e9ld\u00e1nk volt arra, hogy a t\u00e9li \u00e1tigazol\u00e1si id\u0151szakban &#8211; amikor az\u00e9rt ez kellemetlenebb &#8211; engedt\u00fck s\u0151t, t\u00e1mogattuk a v\u00e1lt\u00e1st, mert azt \u00e9rezt\u00fck, hogy a j\u00e1t\u00e9kos fejl\u0151d\u00e9se ezt k\u00edv\u00e1nja. Ez\u00e9rt is veszem tudom\u00e1sul n\u00e9ha d\u00f6bbenten, hogy van m\u00e9g olyan ut\u00e1np\u00f3tl\u00e1snevel\u0151 klub, amely m\u00e1shogy gondolkodik.<\/em><!--\/data\/user\/0\/com.samsung.android.app.notes\/files\/clipdata\/clipdata_bodytext_220215_150433_325.sdocx--><\/p><\/blockquote>\n<p><strong>V\u00e9geredm\u00e9nyben \u00fagy t\u0171nik teh\u00e1t, hogy ez a transzfer egy klasszikus win-win szitu\u00e1ci\u00f3, amely eredm\u00e9nyek\u00e9nt ugyan nehezebb dolga lesz Harmati Tam\u00e1snak a csapat \u00f6ssze\u00e1ll\u00edt\u00e1sakor, de eg\u00e9sz\u00e9ben tekintve nem csak Lipcsei \u00c1d\u00e1m, hanem a klub \u00e9rdek\u00e9t is szolg\u00e1lja az \u00e1tigazol\u00e1s.<\/strong><\/p>\n<p><strong>Gratul\u00e1lunk \u00c1d\u00e1m, k\u00f6sz\u00f6n\u00fcnk mindent, \u00e9s sok sikert k\u00edv\u00e1nunk!<\/strong><\/p>\n<h3>Hajr\u00e1 Kelen!<\/h3>\n<p><em>K\u00e9pek: kecskemitete.hu; Kanizsay Zolt\u00e1n<\/em><\/p>\n","protected":false},"excerpt":{"rendered":"<p>Az \u0151sszel klubunkat szolg\u00e1l\u00f3 Lipcsei \u00c1d\u00e1m az \u00e1tigazol\u00e1si id\u0151szak v\u00e9ghajr\u00e1j\u00e1ban oszt\u00e1lyt tudott ugrani azzal, hogy az NBII-ben dobog\u00f3s helyen \u00e1ll\u00f3 Kecskem\u00e9ti TE j\u00e1t\u00e9kosa lett \u2013 sok sikert \u00c1di! A 2021 nyar\u00e1ra Budapest-bajnok \u00e9s Budapest Kupa gy\u0151ztes Kelen az idei, imm\u00e1r NBIII-as id\u00e9ny elej\u00e9n szerz\u0151dtette Lipcsei \u00c1d\u00e1mot, a kem\u00e9ny, de fineszes bels\u0151 v\u00e9d\u0151t, aki \u0151sszel mindegyik&#8230;<\/p>\n","protected":false},"author":1375,"featured_media":19010,"comment_status":"closed","ping_status":"closed","sticky":false,"template":"","format":"standard","meta":{"inline_featured_image":false,"_exactmetrics_skip_tracking":false,"_exactmetrics_sitenote_active":false,"_exactmetrics_sitenote_note":"","_exactmetrics_sitenote_category":0,"footnotes":""},"categories":[11],"tags":[],"_links":{"self":[{"href":"https:\/\/kelensc.hu\/index.php\/wp-json\/wp\/v2\/posts\/19009"}],"collection":[{"href":"https:\/\/kelensc.hu\/index.php\/wp-json\/wp\/v2\/posts"}],"about":[{"href":"https:\/\/kelensc.hu\/index.php\/wp-json\/wp\/v2\/types\/post"}],"author":[{"embeddable":true,"href":"https:\/\/kelensc.hu\/index.php\/wp-json\/wp\/v2\/users\/1375"}],"replies":[{"embeddable":true,"href":"https:\/\/kelensc.hu\/index.php\/wp-json\/wp\/v2\/comments?post=19009"}],"version-history":[{"count":5,"href":"https:\/\/kelensc.hu\/index.php\/wp-json\/wp\/v2\/posts\/19009\/revisions"}],"predecessor-version":[{"id":19016,"href":"https:\/\/kelensc.hu\/index.php\/wp-json\/wp\/v2\/posts\/19009\/revisions\/19016"}],"wp:featuredmedia":[{"embeddable":true,"href":"https:\/\/kelensc.hu\/index.php\/wp-json\/wp\/v2\/media\/19010"}],"wp:attachment":[{"href":"https:\/\/kelensc.hu\/index.php\/wp-json\/wp\/v2\/media?parent=19009"}],"wp:term":[{"taxonomy":"category","embeddable":true,"href":"https:\/\/kelensc.hu\/index.php\/wp-json\/wp\/v2\/categories?post=19009"},{"taxonomy":"post_tag","embeddable":true,"href":"https:\/\/kelensc.hu\/index.php\/wp-json\/wp\/v2\/tags?post=19009"}],"curies":[{"name":"wp","href":"https:\/\/api.w.org\/{rel}","templated":true}]}}