{"id":18997,"date":"2022-02-14T12:04:15","date_gmt":"2022-02-14T11:04:15","guid":{"rendered":"https:\/\/kelensc.hu\/?p=18997"},"modified":"2022-02-14T12:05:30","modified_gmt":"2022-02-14T11:05:30","slug":"ezt-a-harom-pontot-valahol-vissza-kell-szerezni","status":"publish","type":"post","link":"https:\/\/kelensc.hu\/index.php\/ezt-a-harom-pontot-valahol-vissza-kell-szerezni\/","title":{"rendered":"Ezt a h\u00e1rom pontot valahol vissza kell szerezni"},"content":{"rendered":"<h3>2022 els\u0151 t\u00e9tm\u00e9rk\u0151z\u00e9s\u00e9n v\u00e9gig f\u00f6l\u00e9nyben j\u00e1tszott a feln\u0151tt Kelen, ugyanakkor nem tudta \u00e9rt\u00e9kes\u00edteni helyzeteit, amelyek megbosszult\u00e1k \u00f6nmagukat.<\/h3>\n<p>&nbsp;<\/p>\n<p><img decoding=\"async\" loading=\"lazy\" class=\"alignnone wp-image-18999 size-full\" src=\"https:\/\/kelensc.hu\/wp-content\/uploads\/2022\/02\/DSC0013.jpg\" alt=\"\" width=\"1561\" height=\"879\" srcset=\"https:\/\/kelensc.hu\/wp-content\/uploads\/2022\/02\/DSC0013.jpg 1561w, https:\/\/kelensc.hu\/wp-content\/uploads\/2022\/02\/DSC0013-640x360.jpg 640w, https:\/\/kelensc.hu\/wp-content\/uploads\/2022\/02\/DSC0013-1280x721.jpg 1280w, https:\/\/kelensc.hu\/wp-content\/uploads\/2022\/02\/DSC0013-768x432.jpg 768w, https:\/\/kelensc.hu\/wp-content\/uploads\/2022\/02\/DSC0013-1536x865.jpg 1536w, https:\/\/kelensc.hu\/wp-content\/uploads\/2022\/02\/DSC0013-320x180.jpg 320w, https:\/\/kelensc.hu\/wp-content\/uploads\/2022\/02\/DSC0013-382x215.jpg 382w, https:\/\/kelensc.hu\/wp-content\/uploads\/2022\/02\/DSC0013-641x361.jpg 641w\" sizes=\"(max-width: 1561px) 100vw, 1561px\" \/><\/p>\n<p><strong>Az NBIII. Nyugati csoportj\u00e1nak 21. fordul\u00f3j\u00e1ban feln\u0151tt f\u00e9rfi csapatunk a sereghajt\u00f3 Andr\u00e1shida vend\u00e9ge volt \u00e9s ugyan a j\u00e1t\u00e9k k\u00e9pe <em><a href=\"https:\/\/kelensc.hu\/index.php\/gyozelemmel-debutalt-a-kelen-sporttelep\/\" target=\"_blank\" rel=\"noopener\"><span style=\"text-decoration: underline;\">az \u0151szi m\u00e9rk\u0151z\u00e9s<\/span><\/a><span style=\"text-decoration: underline;\">hez<\/span><\/em> hasonl\u00f3an alakult, a v\u00e9geredm\u00e9ny ez\u00fattal a zalaiaknak kedvezett. Dobos S\u00e1ndor csapata ugyanis az 1:0-ra megnyert m\u00e9rk\u0151z\u00e9ssel jelezte, hogy a Kelennek \u00fajonck\u00e9nt minden meccsen a legjobbj\u00e1t kell ny\u00fajtania, ha gy\u0151zni akar.<\/strong><\/p>\n<p>Ez is volt egy\u00e9bk\u00e9nt a terv, legal\u00e1bbis Harmati Tam\u00e1s\u00e9k a heti munka alapj\u00e1n cseppet sem vett\u00e9k f\u00e9lv\u00e1llr\u00f3l a m\u00e9rk\u0151z\u00e9st \u00e9s \u00fagy t\u0171nt, a p\u00e1ly\u00e1n is visszak\u00f6sz\u00f6n az, amit eltervezett a csapat. A helyzetek ugyanakkor nem mentek be \u00e9s frusztr\u00e1ltan ugyan, de magabiztosan mehettek a sz\u00fcnetre Pint\u00e9r Benc\u00e9\u00e9k. Visszat\u00e9rve azt\u00e1n a p\u00e1ly\u00e1ra r\u00f6gt\u00f6n \u00e9rkezett a hidegzuhany: N\u00e9meth Rich\u00e1rd mind\u00f6ssze m\u00e1sf\u00e9l perc j\u00e1t\u00e9kot k\u00f6vet\u0151en betal\u00e1lt a hazaiak r\u00e9sz\u00e9r\u0151l, akik \u00edgy meglepet\u00e9sre vezet\u00e9st szereztek, \u00e9s meg is tettek mindent az\u00e9rt, hogy ezt megtarts\u00e1k.<\/p>\n<p>Harmati Tam\u00e1s\u00e9k persze nem t\u00f6rtek meg, \u00e9s tov\u00e1bbra is g\u00f3lra t\u00f6r\u0151en futballoztak, nem seg\u00edtett ugyanakkor er\u0151fesz\u00edt\u00e9seiken, hogy a 70. percben Szamosi Tam\u00e1snak el kellett hagynia a p\u00e1ly\u00e1t piros lap miatt. A mutatott j\u00e1t\u00e9k alapj\u00e1n ugyanakkor a piros lap sem vette ki a dominanci\u00e1t a Kelen kez\u00e9b\u0151l, m\u00e9gis rendre hi\u00e1nyzott egy kev\u00e9s ahhoz, hogy kapuba tal\u00e1ljanak Tim\u00e1ri Norman\u00e9k, \u00edgy maradt az egyg\u00f3los hazai gy\u0151zelem.<\/p>\n<p><strong>Vezet\u0151edz\u0151nk, Harmati Tam\u00e1s szerint saj\u00e1t magunkkal babr\u00e1ltunk ki a m\u00e9rk\u0151z\u00e9sen \u00e9s a legjobb, amit tehet\u00fcnk, hogy a leggyorsabban t\u00fall\u00e9p\u00fcnk az \u00e9lm\u00e9nyen.<\/strong><\/p>\n<blockquote><p><em>&#8211; Eg\u00e9sz h\u00e9ten tisztess\u00e9gesen k\u00e9sz\u00fclt\u00fcnk az Andr\u00e1shida csapata ellen, tudtuk, hogy otthon k\u00e9pesek a legjobb csapatokkal is szoros meccset j\u00e1tszani \u00e9s \u00e9rt\u00e9kes pontokat szerezni. A megbesz\u00e9ltek szerint is kezdt\u00fck a m\u00e9rk\u0151z\u00e9st, nagy mez\u0151nyf\u00f6l\u00e9nyben voltunk \u00e9s v\u00e9gig csak az volt a k\u00e9rd\u00e9s, hogy mikor szerz\u00fcnk g\u00f3lt. A sz\u00fcnet ut\u00e1n szinte a semmib\u0151l tal\u00e1lt egy g\u00f3lt a hazai csapat \u00e9s onnant\u00f3l m\u00e9g nehezebb\u00e9 v\u00e1lt el\u00e9rni azt, ami\u00e9rt j\u00f6tt\u00fcnk. Ezt csak fokozta a ki\u00e1ll\u00edt\u00e1s, \u00e9s b\u00e1r emberh\u00e1tr\u00e1nyban is egykapuztunk, de a mai nap nem tudtunk betal\u00e1lni az ellenf\u00e9l kapuj\u00e1ba. \u00d6nmagunkat vert\u00fck meg, ami ilyen f\u00f6l\u00e9nyben m\u00e9g jobban f\u00e1j. \u00d6sszess\u00e9g\u00e9ben pedig ez a 90 perc is j\u00f3l mutatja, hogy a bajnoks\u00e1g elej\u00e9n kit\u0171z\u00f6tt c\u00e9lok nem voltak \u00e1lszer\u00e9nyek, \u00e9s sz\u00e1munkra nincs olyan, hogy k\u00f6telez\u0151 gy\u0151zelem, mert m\u00e9g nem vagyunk azon a szinten! Innent\u0151l ezt a m\u00e9rk\u0151z\u00e9st lez\u00e1rtuk \u00e9s m\u00e1r arra kell t\u00f6rekedn\u00fcnk, hogy a k\u00f6vetkez\u0151 h\u00e9ten jav\u00edtani tudjunk hazai k\u00f6rnyezetben.<\/em><\/p><\/blockquote>\n<p><strong>Klubunk Hunyadi M\u00e1ty\u00e1s \u00fati sporttelep\u00e9n r\u00e1ad\u00e1sul igazi ki-ki meccset l\u00e1thatnak a Kelen szurkol\u00f3k, hiszen a Harmati-csapathoz hasonl\u00f3an 27 pontos Kaposv\u00e1ri R\u00e1k\u00f3czi lesz egy\u00fcttes\u00fcnk ellenfele febru\u00e1r 20-\u00e1n, vas\u00e1rnap 14:00-t\u00f3l. Legy\u00fcnk egy\u00fctt min\u00e9l t\u00f6bben, \u00e9s buzd\u00edtsuk gy\u0151zelembe a fi\u00fakat a Kaposv\u00e1r ellen!<\/strong><\/p>\n<h3>Hajr\u00e1 Kelen!<\/h3>\n","protected":false},"excerpt":{"rendered":"<p>2022 els\u0151 t\u00e9tm\u00e9rk\u0151z\u00e9s\u00e9n v\u00e9gig f\u00f6l\u00e9nyben j\u00e1tszott a feln\u0151tt Kelen, ugyanakkor nem tudta \u00e9rt\u00e9kes\u00edteni helyzeteit, amelyek megbosszult\u00e1k \u00f6nmagukat. &nbsp; Az NBIII. Nyugati csoportj\u00e1nak 21. fordul\u00f3j\u00e1ban feln\u0151tt f\u00e9rfi csapatunk a sereghajt\u00f3 Andr\u00e1shida vend\u00e9ge volt \u00e9s ugyan a j\u00e1t\u00e9k k\u00e9pe az \u0151szi m\u00e9rk\u0151z\u00e9shez hasonl\u00f3an alakult, a v\u00e9geredm\u00e9ny ez\u00fattal a zalaiaknak kedvezett. Dobos S\u00e1ndor csapata ugyanis az 1:0-ra megnyert&#8230;<\/p>\n","protected":false},"author":1375,"featured_media":18999,"comment_status":"closed","ping_status":"closed","sticky":false,"template":"","format":"standard","meta":{"inline_featured_image":false,"_exactmetrics_skip_tracking":false,"_exactmetrics_sitenote_active":false,"_exactmetrics_sitenote_note":"","_exactmetrics_sitenote_category":0,"footnotes":""},"categories":[11],"tags":[],"_links":{"self":[{"href":"https:\/\/kelensc.hu\/index.php\/wp-json\/wp\/v2\/posts\/18997"}],"collection":[{"href":"https:\/\/kelensc.hu\/index.php\/wp-json\/wp\/v2\/posts"}],"about":[{"href":"https:\/\/kelensc.hu\/index.php\/wp-json\/wp\/v2\/types\/post"}],"author":[{"embeddable":true,"href":"https:\/\/kelensc.hu\/index.php\/wp-json\/wp\/v2\/users\/1375"}],"replies":[{"embeddable":true,"href":"https:\/\/kelensc.hu\/index.php\/wp-json\/wp\/v2\/comments?post=18997"}],"version-history":[{"count":4,"href":"https:\/\/kelensc.hu\/index.php\/wp-json\/wp\/v2\/posts\/18997\/revisions"}],"predecessor-version":[{"id":19003,"href":"https:\/\/kelensc.hu\/index.php\/wp-json\/wp\/v2\/posts\/18997\/revisions\/19003"}],"wp:featuredmedia":[{"embeddable":true,"href":"https:\/\/kelensc.hu\/index.php\/wp-json\/wp\/v2\/media\/18999"}],"wp:attachment":[{"href":"https:\/\/kelensc.hu\/index.php\/wp-json\/wp\/v2\/media?parent=18997"}],"wp:term":[{"taxonomy":"category","embeddable":true,"href":"https:\/\/kelensc.hu\/index.php\/wp-json\/wp\/v2\/categories?post=18997"},{"taxonomy":"post_tag","embeddable":true,"href":"https:\/\/kelensc.hu\/index.php\/wp-json\/wp\/v2\/tags?post=18997"}],"curies":[{"name":"wp","href":"https:\/\/api.w.org\/{rel}","templated":true}]}}