{"id":18908,"date":"2022-02-02T11:07:40","date_gmt":"2022-02-02T10:07:40","guid":{"rendered":"https:\/\/kelensc.hu\/?p=18908"},"modified":"2022-02-02T11:07:40","modified_gmt":"2022-02-02T10:07:40","slug":"van-meg-feljebb","status":"publish","type":"post","link":"https:\/\/kelensc.hu\/index.php\/van-meg-feljebb\/","title":{"rendered":"Van m\u00e9g feljebb!"},"content":{"rendered":"<h3>Er\u0151n fel\u00fcl teljes\u00edtett \u0151sszel feln\u0151tt I. csapatunk, amely ugyanakkor nem k\u00e9nyelmesedett bele a fels\u0151h\u00e1zi helyez\u00e9sbe, \u00e9s h\u00e1rom sokat l\u00e1tott tehets\u00e9ggel er\u0151s\u00edtette meg keret\u00e9t \u2013 bemutatkozik R\u00e9tyi Tam\u00e1s, Simon Kriszti\u00e1n \u00e9s Szamosi Tam\u00e1s.<\/h3>\n<figure id=\"attachment_18597\" aria-describedby=\"caption-attachment-18597\" style=\"width: 1685px\" class=\"wp-caption alignnone\"><img decoding=\"async\" loading=\"lazy\" class=\"wp-image-18597 size-full\" src=\"https:\/\/kelensc.hu\/wp-content\/uploads\/2021\/09\/192189863_4021977177886650_4406165535999589193_n.jpg\" alt=\"\" width=\"1685\" height=\"1123\" srcset=\"https:\/\/kelensc.hu\/wp-content\/uploads\/2021\/09\/192189863_4021977177886650_4406165535999589193_n.jpg 1685w, https:\/\/kelensc.hu\/wp-content\/uploads\/2021\/09\/192189863_4021977177886650_4406165535999589193_n-640x427.jpg 640w, https:\/\/kelensc.hu\/wp-content\/uploads\/2021\/09\/192189863_4021977177886650_4406165535999589193_n-1280x853.jpg 1280w, https:\/\/kelensc.hu\/wp-content\/uploads\/2021\/09\/192189863_4021977177886650_4406165535999589193_n-768x512.jpg 768w, https:\/\/kelensc.hu\/wp-content\/uploads\/2021\/09\/192189863_4021977177886650_4406165535999589193_n-1536x1024.jpg 1536w, https:\/\/kelensc.hu\/wp-content\/uploads\/2021\/09\/192189863_4021977177886650_4406165535999589193_n-320x213.jpg 320w, https:\/\/kelensc.hu\/wp-content\/uploads\/2021\/09\/192189863_4021977177886650_4406165535999589193_n-382x255.jpg 382w, https:\/\/kelensc.hu\/wp-content\/uploads\/2021\/09\/192189863_4021977177886650_4406165535999589193_n-641x427.jpg 641w\" sizes=\"(max-width: 1685px) 100vw, 1685px\" \/><figcaption id=\"caption-attachment-18597\" class=\"wp-caption-text\">A Kelen egys\u00e9ge rendre sikereket \u00e9r el, k\u00f6z\u00f6ss\u00e9g\u00fcnkbe pedig id\u00e9n is olyan j\u00e1t\u00e9kosok \u00e9rkeztek, aki nem csak j\u00e1t\u00e9kban de szem\u00e9lyis\u00e9g\u00fckkel is k\u00e9pesek lehetnek hozz\u00e1tenni csapatunkhoz<\/figcaption><\/figure>\n<p><strong>A Budapest Kupa-gy\u0151ztes \u00e9s bajnoki arany\u00e9rmes Kelen ny\u00e1ri feljut\u00e1s\u00e1t k\u00f6vet\u0151en 2021. \u0151sz\u00e9n az NBIII. Nyugati csoportj\u00e1ban kezdte meg szerepl\u00e9s\u00e9t, ahol \u00fajonck\u00e9nt is remek\u00fcl teljes\u00edt, hiszen a h\u00faszcsapatos bajnoks\u00e1g 9. hely\u00e9n z\u00e1rta az els\u0151 f\u00e9l\u00e9vet. A janu\u00e1ri fejlem\u00e9nyek mindek\u00f6zben azt sugallj\u00e1k, hogy nem csak megtartani szeretn\u00e9 a fels\u0151h\u00e1zi tags\u00e1got a Harmati Tam\u00e1s vezette egy\u00fcttes, hanem m\u00e9g feljebb tervez k\u00faszni a tabell\u00e1n. Andreas van den Aker, klubunk eln\u00f6ke ugyanis h\u00e1rom \u00faj igazol\u00e1st is bejelentett janu\u00e1rban, r\u00e1ad\u00e1sul R\u00e9tyi Tam\u00e1s, Simon Kriszti\u00e1n \u00e9s Szamosi Tam\u00e1s is motiv\u00e1l\u00f3 tapasztalatokkal \u00e9rkeznek a csapathoz.<\/strong><\/p>\n<blockquote><p><em>&#8211; Rengeteg pozit\u00edvumot hallottam kor\u00e1bban is a klubr\u00f3l, a szem\u00e9lyes tal\u00e1lkoz\u00f3kon azt\u00e1n hamar meg is gy\u0151z\u0151dtem arr\u00f3l, hogy j\u00f3 d\u00f6nt\u00e9s lesz ideigazolni. V\u00e9geredm\u00e9nyben legink\u00e1bb a csapatt\u00e1rsak miatt szerz\u0151dtem a Kelenhez, akikkel sok k\u00f6z\u00f6s \u00e9lm\u00e9nyem van m\u00e1r, illetve Harmati Tomi b\u00e1 szem\u00e9lye miatt, akivel annak idej\u00e9n a Pusk\u00e1sn\u00e1l dolgoztunk egy\u00fctt. J\u00f3 kis brig\u00e1d \u00e1llt itt \u00f6ssze\u2026<\/em><\/p><\/blockquote>\n<p>A kor\u00e1bbi ut\u00e1np\u00f3tl\u00e1sv\u00e1logatott \u00e9s k\u00f6zel 60 NBII-es m\u00e9rk\u0151z\u00e9ssel rendelkez\u0151 <strong>R\u00e9tyi Tam\u00e1s<\/strong> ind\u00edtotta \u00edgy a k\u00f6z\u00f6s interj\u00fat, aki egy kisebb kihagy\u00e1st k\u00f6vet\u0151en a Kelen h\u00edv\u00e1s\u00e1ra t\u00e9r vissza a labdar\u00fag\u00e1shoz. A cs\u00e1kv\u00e1ri \u00e9s cegl\u00e9di m\u00e1sodoszt\u00e1ly\u00fa \u00e9veket k\u00f6vet\u0151en legut\u00f3bb Bicsk\u00e9n j\u00e1tsz\u00f3 sz\u00e1rnyv\u00e9d\u0151 ny\u00e1ron mag\u00e1n\u00e9leti okok miatt v\u00e9gleg felhagyott a labdar\u00fag\u00e1ssal, Harmati Tam\u00e1s\u00e9k azonban visszacs\u00e1b\u00edtott\u00e1k szeretett sportj\u00e1hoz: a focihoz.<\/p>\n<blockquote><p><em>&#8211; V\u00e9gleges d\u00f6nt\u00e9s volt a ny\u00e1ri, de bizonytalan is. Szeptemberben azt\u00e1n csapat n\u00e9lk\u00fcl, de r\u00f6gt\u00f6n \u00fajra edz\u00e9sbe \u00e1lltam, egy\u00e9nileg k\u00e9peztem magam, \u00e9s egyre ink\u00e1bb meg\u00e9rett bennem a gondolat, hogy folytatni kell. Annyira hi\u00e1nyzott a foci, hogy amikor a Kelen jelentkezett, m\u00e1r eld\u00f6nt\u00f6ttem, hogy visszat\u00e9rek, \u00fagyhogy remek \u00fctemben tal\u00e1lt r\u00e1m a lehet\u0151s\u00e9g. Persze vissza kell m\u00e9g szereznem a topform\u00e1mat, de a felv\u00e1zolt szakmai koncepci\u00f3 alapj\u00e1n m\u00e1r most l\u00e1tom, hogy j\u00f3 lesz a visszat\u00e9r\u00e9s, mert a j\u00e1t\u00e9kom j\u00f3l illeszkedik a csapat j\u00e1t\u00e9k\u00e1hoz. <\/em><\/p><\/blockquote>\n<figure id=\"attachment_18911\" aria-describedby=\"caption-attachment-18911\" style=\"width: 1280px\" class=\"wp-caption alignnone\"><img decoding=\"async\" loading=\"lazy\" class=\"wp-image-18911 size-full\" src=\"https:\/\/kelensc.hu\/wp-content\/uploads\/2022\/02\/maxresdefault.jpg\" alt=\"\" width=\"1280\" height=\"720\" srcset=\"https:\/\/kelensc.hu\/wp-content\/uploads\/2022\/02\/maxresdefault.jpg 1280w, https:\/\/kelensc.hu\/wp-content\/uploads\/2022\/02\/maxresdefault-640x360.jpg 640w, https:\/\/kelensc.hu\/wp-content\/uploads\/2022\/02\/maxresdefault-768x432.jpg 768w, https:\/\/kelensc.hu\/wp-content\/uploads\/2022\/02\/maxresdefault-320x180.jpg 320w, https:\/\/kelensc.hu\/wp-content\/uploads\/2022\/02\/maxresdefault-382x215.jpg 382w, https:\/\/kelensc.hu\/wp-content\/uploads\/2022\/02\/maxresdefault-641x361.jpg 641w\" sizes=\"(max-width: 1280px) 100vw, 1280px\" \/><figcaption id=\"caption-attachment-18911\" class=\"wp-caption-text\">Kor\u00e1bbi U18-as v\u00e1logatottk\u00e9nt R\u00e9tyi Tam\u00e1s t\u00f6bb \u00edzben is szerepelt kamer\u00e1k el\u0151tt, id\u00e9n tavasszal mindezt m\u00e1r Kelen-mezben teheti<\/figcaption><\/figure>\n<p>R\u00e9tyi Tam\u00e1shoz hasonl\u00f3an szint\u00e9n sz\u00e1rnyv\u00e9d\u0151 az ETO Akad\u00e9mi\u00e1t\u00f3l \u00e9rkezett <strong>Szamosi Tam\u00e1s<\/strong>, aki janu\u00e1rban m\u00e1r az NBII-es gy\u0151ri kerettel k\u00e9sz\u00fclt, v\u00e9g\u00fcl azonban meggy\u0151z\u0151 teljes\u00edtm\u00e9nye ellen\u00e9re sem tudott a klub profi szerz\u0151d\u00e9st k\u00edn\u00e1lni neki. A kor\u00e1bbi v\u00e1logatott, magyar bajnok \u00e9s kupagy\u0151ztes labdar\u00fag\u00f3, id. Szamosi Tam\u00e1s 20 esztend\u0151s fia mentalit\u00e1s\u00e1t tekintve sokat \u00f6r\u00f6k\u00f6lt \u00e9desapj\u00e1t\u00f3l, \u00e9s nem h\u0151k\u00f6lt meg a meghi\u00fasult szerz\u0151d\u00e9st\u0151l, hanem k\u00e9r\u0151i k\u00f6z\u00fcl azt v\u00e1lasztotta, ahol rem\u00e9nyei szerint a legt\u00f6bbet fejl\u0151dhet.<\/p>\n<blockquote><p><em>&#8211; Ami\u00f3ta kider\u00fclt, hogy el kell hagynom az ETO-t, sok klub \u00e9rdekl\u0151d\u00f6tt ut\u00e1nam \u00e9s a Kelen volt az a csapat, amely sz\u00e1momra a legszimpatikusabb volt, gondolok itt els\u0151sorban a szakmai koncepci\u00f3ra. Fiatal \u00e9s tettre k\u00e9sz ez a csapat, amelyet ellenf\u00e9lk\u00e9nt m\u00e1r ismertem. Rem\u00e9lem id\u0151vel teljesen egym\u00e1sra tal\u00e1lunk, mert megalkuv\u00e1st nem t\u0171r\u0151 j\u00e1t\u00e9kosnak tartom magam, a heti kem\u00e9ny munk\u00e1ban hiszek \u00e9s b\u00edzom benne hogy a j\u00e1t\u00e9kommal \u00e9s hozz\u00e1\u00e1ll\u00e1sommal seg\u00edteni tudom az egy\u00fcttest. \u00d6r\u00f6m, hogy itt b\u00edznak a fiatalokban amit az is mutat, ahogy az ut\u00e1np\u00f3tl\u00e1sban foglalkoznak vel\u00fck.<\/em><\/p><\/blockquote>\n<figure id=\"attachment_18912\" aria-describedby=\"caption-attachment-18912\" style=\"width: 2048px\" class=\"wp-caption alignnone\"><img decoding=\"async\" loading=\"lazy\" class=\"wp-image-18912 size-full\" src=\"https:\/\/kelensc.hu\/wp-content\/uploads\/2022\/02\/IMG_3483.jpeg\" alt=\"\" width=\"2048\" height=\"1365\" srcset=\"https:\/\/kelensc.hu\/wp-content\/uploads\/2022\/02\/IMG_3483.jpeg 2048w, https:\/\/kelensc.hu\/wp-content\/uploads\/2022\/02\/IMG_3483-640x427.jpeg 640w, https:\/\/kelensc.hu\/wp-content\/uploads\/2022\/02\/IMG_3483-1280x853.jpeg 1280w, https:\/\/kelensc.hu\/wp-content\/uploads\/2022\/02\/IMG_3483-768x512.jpeg 768w, https:\/\/kelensc.hu\/wp-content\/uploads\/2022\/02\/IMG_3483-1536x1024.jpeg 1536w, https:\/\/kelensc.hu\/wp-content\/uploads\/2022\/02\/IMG_3483-320x213.jpeg 320w, https:\/\/kelensc.hu\/wp-content\/uploads\/2022\/02\/IMG_3483-382x255.jpeg 382w, https:\/\/kelensc.hu\/wp-content\/uploads\/2022\/02\/IMG_3483-641x427.jpeg 641w\" sizes=\"(max-width: 2048px) 100vw, 2048px\" \/><figcaption id=\"caption-attachment-18912\" class=\"wp-caption-text\">Ak\u00e1rcsak \u00e9desapja eset\u00e9ben, az ifj\u00fa Szamosi Tam\u00e1s ellen sem egyszer\u0171 \u00e9lm\u00e9ny a p\u00e1rharc<\/figcaption><\/figure>\n<p>Ez ut\u00f3bbi fogta meg klubunk harmadik t\u00e9li igazol\u00e1s\u00e1t, <strong>Simon Kriszti\u00e1nt<\/strong> is, aki nem csak labdar\u00fag\u00f3k\u00e9nt csatlakozik hozz\u00e1nk.<\/p>\n<blockquote><p><em>&#8211; K\u00edv\u00fclr\u0151l azt l\u00e1tni, hogy a feln\u0151tt csapat \u00e9s az ut\u00e1np\u00f3tl\u00e1s is \u00e9vek \u00f3ta l\u00e9p\u00e9sr\u0151l-l\u00e9p\u00e9sre fejl\u0151dik, ezt pedig egy remek lehet\u0151s\u00e9gnek tal\u00e1ltam, hiszen nem csak j\u00e1t\u00e9kosk\u00e9nt, hanem edz\u0151k\u00e9nt is szeretn\u00e9m fejleszteni magamat, amit itt a klubn\u00e1l teljes m\u00e9rt\u00e9kben t\u00e1mogatnak. <\/em><\/p><\/blockquote>\n<p>A 26 \u00e9ves bels\u0151 v\u00e9d\u0151 ugyanakkor els\u0151sorban j\u00e1t\u00e9kosk\u00e9nt szeg\u0151dik klubunkhoz, amit mi sem bizony\u00edt jobban, minthogy\u00a0 a Kelen h\u00e9tv\u00e9gi edz\u0151m\u00e9rk\u0151z\u00e9s\u00e9n g\u00f3lt is szerzett a Heves megyei I. oszt\u00e1lyt vezet\u0151 FC Hatvan elleni meccsen, amelyet 3-1-re nyert meg egy\u00fcttes\u00fcnk.<\/p>\n<blockquote><p><em>&#8211; Nagyon \u00e9lveztem a j\u00e1t\u00e9kot, meccs k\u00f6zben v\u00e9gig olyan \u00e9rz\u00e9sem volt, mintha \u00e9vek \u00f3ta j\u00e1tszan\u00e9k egy\u00fctt a sr\u00e1cokkal. J\u00f3 alkalom volt a tal\u00e1lkoz\u00f3 arra, hogy sok begyakorolt mozg\u00e1st \u00e9lesben is kipr\u00f3b\u00e1ljunk, \u00e9s meccsk\u00e9szre csiszoljunk, az pedig k\u00fcl\u00f6n \u00f6r\u00f6m, hogy g\u00f3llal seg\u00edthettem a csapatot. Rem\u00e9lem a bajnoks\u00e1gban is megmarad a j\u00f3 form\u00e1m, \u00e9s ak\u00e1r az \u0151szin\u00e9l is el\u0151kel\u0151bb helyen z\u00e1runk majd az \u00e9v v\u00e9g\u00e9n. <\/em><\/p><\/blockquote>\n<figure id=\"attachment_18913\" aria-describedby=\"caption-attachment-18913\" style=\"width: 4699px\" class=\"wp-caption alignnone\"><img decoding=\"async\" loading=\"lazy\" class=\"wp-image-18913 size-full\" src=\"https:\/\/kelensc.hu\/wp-content\/uploads\/2022\/02\/krisz.jpg\" alt=\"\" width=\"4699\" height=\"3133\" srcset=\"https:\/\/kelensc.hu\/wp-content\/uploads\/2022\/02\/krisz.jpg 4699w, https:\/\/kelensc.hu\/wp-content\/uploads\/2022\/02\/krisz-640x427.jpg 640w, https:\/\/kelensc.hu\/wp-content\/uploads\/2022\/02\/krisz-1280x853.jpg 1280w, https:\/\/kelensc.hu\/wp-content\/uploads\/2022\/02\/krisz-768x512.jpg 768w, https:\/\/kelensc.hu\/wp-content\/uploads\/2022\/02\/krisz-1536x1024.jpg 1536w, https:\/\/kelensc.hu\/wp-content\/uploads\/2022\/02\/krisz-2048x1365.jpg 2048w, https:\/\/kelensc.hu\/wp-content\/uploads\/2022\/02\/krisz-320x213.jpg 320w, https:\/\/kelensc.hu\/wp-content\/uploads\/2022\/02\/krisz-382x255.jpg 382w, https:\/\/kelensc.hu\/wp-content\/uploads\/2022\/02\/krisz-641x427.jpg 641w\" sizes=\"(max-width: 4699px) 100vw, 4699px\" \/><figcaption id=\"caption-attachment-18913\" class=\"wp-caption-text\">Simon Kriszti\u00e1n az ut\u00f3bbi h\u00e1rom teljes szezonban egyar\u00e1nt a dobog\u00f3n v\u00e9gzett kor\u00e1bbi csapat\u00e1val, \u00e9s id\u00e9n is igyekszik folytatni a sormint\u00e1t<\/figcaption><\/figure>\n<p>Az el\u0151kel\u0151 helyekkel kapcsolatban van is tapasztalata a Horv\u00e1th Marcell t\u00e1voz\u00e1s\u00e1val hi\u00e1nyposztra \u00e9rkez\u0151 Simon Kriszti\u00e1nnak, hiszen az elm\u00falt h\u00e1rom szezonban el\u0151bb a BLSZII. arany\u00e9rmese, majd a BLSZ I. bajnoka volt a BVSC-vel, tavaly pedig \u00fajonck\u00e9nt az NBIII. Nyugati csoportj\u00e1nak ez\u00fcst\u00e9rmese lett a zugl\u00f3i csapattal.<\/p>\n<blockquote><p><em>&#8211; A legjobb csapatok k\u00f6z\u00f6tt lenni, kiv\u00e1ltk\u00e9pp ha k\u00f6z\u00fcl\u00fck is ti vagytok a legjobbak, az mindig \u00e9lm\u00e9ny, ezt a Kelennel is szeretn\u00e9m \u00e1t\u00e9lni. Nagy bizodalmam van ebben, mert a sikerek okak\u00e9nt minden tapasztalatom szerint rendre a csapatot tudtam meghat\u00e1rozni, az egym\u00e1s\u00e9rt k\u00fczd\u0151, egym\u00e1sban b\u00edz\u00f3, siker\u00e9hes csapatot, itt pedig \u00fagy l\u00e1tom, hogy ez adott lehet. <\/em><\/p><\/blockquote>\n<p>F\u0151k\u00e9nt \u00fagy, ha az \u00e9pp csak meg\u00e9rkez\u0151 \u00fajak els\u0151 benyom\u00e1sa ennyire egys\u00e9gesen pozit\u00edv\u2026<\/p>\n<blockquote><p><em>&#8211; J\u00f3l \u00e9reztem magam a m\u00e9rk\u0151z\u00e9sen, r\u00e1ad\u00e1sul \u00fagy gondolom, hogy seg\u00edteni is tudtam a csapatot a sikerben \u2013 <\/em>tette hozz\u00e1 a Hatvan elleni gy\u0151ztes m\u00e9rk\u0151z\u00e9sen szint\u00e9n p\u00e1ly\u00e1ra l\u00e9p\u0151<strong> Szamosi Tam\u00e1s.<\/strong><em> \u2013 Ha \u00edgy folytatjuk a munk\u00e1t, akkor nagy rem\u00e9nyekkel v\u00e1ghatunk neki a tavaszi szezonnak.<\/em><\/p><\/blockquote>\n<p><strong>Ut\u00f3bbi, m\u00e1rmint a tavaszi szezon klubunk sz\u00e1m\u00e1ra febru\u00e1r 13-\u00e1n az Andr\u00e1shida elleni idegenbeli meccsel kezd\u0151dik, 2022. els\u0151 hazai \u00f6sszecsap\u00e1sa pedig febru\u00e1r 20-\u00e1n, vas\u00e1rnap 14:00-\u00e1s kezd\u00e9ssel ker\u00fcl megrendez\u00e9sre, csapatunk vend\u00e9ge a Kaposv\u00e1ri R\u00e1k\u00f3czi lesz.<\/strong><\/p>\n<p><strong>\u00dcdv\u00f6zl\u00fcnk n\u00e1lunk, fi\u00fak!<\/strong><\/p>\n<pre style=\"text-align: left;\"><strong>Az eml\u00edtett m\u00e9rk\u0151z\u00e9seken nem l\u00e9pnek p\u00e1ly\u00e1ra a Kelen t\u00e1voz\u00f3i, akiknek ez\u00faton is sok sikert k\u00edv\u00e1n klubunk. Dancs Bence, T\u00f3th K\u00e1lm\u00e1n \u00e9s Horv\u00e1th Marcell a t\u00f6bb j\u00e1t\u00e9klehet\u0151s\u00e9g rem\u00e9ny\u00e9ben v\u00e1ltanak klubot, rem\u00e9lj\u00fck meglelik sz\u00e1m\u00edt\u00e1saikat \u00faj \u00e1llom\u00e1shelyeiken. Rajtuk k\u00edv\u00fcl a s\u00falyos s\u00e9r\u00fcl\u00e9s\u00e9b\u0151l \u00e9pp csak visszat\u00e9r\u0151 Kasza D\u00e1niel t\u00e1vozik m\u00e9g, \u0151 azonban egyel\u0151re csak a tavaszi szezonra, hogy a rehabilit\u00e1ci\u00f3j\u00e1t megfelel\u0151 meccsperc seg\u00edtse. Visszat\u00e9r\u00e9s\u00e9n dolgoz\u00f3 ir\u00e1ny\u00edt\u00f3nkkal hamarosan k\u00fcl\u00f6n interj\u00fat olvashatnak szurkol\u00f3ink klubunk honlapj\u00e1n, a kelensc.hu weboldalon.<\/strong><\/pre>\n<h3>Hajr\u00e1 Kelen!<\/h3>\n","protected":false},"excerpt":{"rendered":"<p>Er\u0151n fel\u00fcl teljes\u00edtett \u0151sszel feln\u0151tt I. csapatunk, amely ugyanakkor nem k\u00e9nyelmesedett bele a fels\u0151h\u00e1zi helyez\u00e9sbe, \u00e9s h\u00e1rom sokat l\u00e1tott tehets\u00e9ggel er\u0151s\u00edtette meg keret\u00e9t \u2013 bemutatkozik R\u00e9tyi Tam\u00e1s, Simon Kriszti\u00e1n \u00e9s Szamosi Tam\u00e1s. A Budapest Kupa-gy\u0151ztes \u00e9s bajnoki arany\u00e9rmes Kelen ny\u00e1ri feljut\u00e1s\u00e1t k\u00f6vet\u0151en 2021. \u0151sz\u00e9n az NBIII. Nyugati csoportj\u00e1ban kezdte meg szerepl\u00e9s\u00e9t, ahol \u00fajonck\u00e9nt is remek\u00fcl&#8230;<\/p>\n","protected":false},"author":1375,"featured_media":18597,"comment_status":"closed","ping_status":"closed","sticky":false,"template":"","format":"standard","meta":{"inline_featured_image":false,"_exactmetrics_skip_tracking":false,"_exactmetrics_sitenote_active":false,"_exactmetrics_sitenote_note":"","_exactmetrics_sitenote_category":0,"footnotes":""},"categories":[11],"tags":[],"_links":{"self":[{"href":"https:\/\/kelensc.hu\/index.php\/wp-json\/wp\/v2\/posts\/18908"}],"collection":[{"href":"https:\/\/kelensc.hu\/index.php\/wp-json\/wp\/v2\/posts"}],"about":[{"href":"https:\/\/kelensc.hu\/index.php\/wp-json\/wp\/v2\/types\/post"}],"author":[{"embeddable":true,"href":"https:\/\/kelensc.hu\/index.php\/wp-json\/wp\/v2\/users\/1375"}],"replies":[{"embeddable":true,"href":"https:\/\/kelensc.hu\/index.php\/wp-json\/wp\/v2\/comments?post=18908"}],"version-history":[{"count":3,"href":"https:\/\/kelensc.hu\/index.php\/wp-json\/wp\/v2\/posts\/18908\/revisions"}],"predecessor-version":[{"id":18914,"href":"https:\/\/kelensc.hu\/index.php\/wp-json\/wp\/v2\/posts\/18908\/revisions\/18914"}],"wp:featuredmedia":[{"embeddable":true,"href":"https:\/\/kelensc.hu\/index.php\/wp-json\/wp\/v2\/media\/18597"}],"wp:attachment":[{"href":"https:\/\/kelensc.hu\/index.php\/wp-json\/wp\/v2\/media?parent=18908"}],"wp:term":[{"taxonomy":"category","embeddable":true,"href":"https:\/\/kelensc.hu\/index.php\/wp-json\/wp\/v2\/categories?post=18908"},{"taxonomy":"post_tag","embeddable":true,"href":"https:\/\/kelensc.hu\/index.php\/wp-json\/wp\/v2\/tags?post=18908"}],"curies":[{"name":"wp","href":"https:\/\/api.w.org\/{rel}","templated":true}]}}