{"id":18729,"date":"2021-11-08T11:33:26","date_gmt":"2021-11-08T10:33:26","guid":{"rendered":"https:\/\/kelensc.hu\/?p=18729"},"modified":"2021-11-08T11:33:26","modified_gmt":"2021-11-08T10:33:26","slug":"megerdemelt-hazai-gyozelem-gyorben","status":"publish","type":"post","link":"https:\/\/kelensc.hu\/index.php\/megerdemelt-hazai-gyozelem-gyorben\/","title":{"rendered":"Meg\u00e9rdemelt hazai gy\u0151zelem Gy\u0151rben"},"content":{"rendered":"<h3>Meg\u00e9rdemelten nyert Gy\u0151rben az ETO Akad\u00e9mia a feln\u0151tt Kelen ellen, amely egy kis szerencs\u00e9vel a meccs elej\u00e9n csemp\u00e9szhetett volna izgalmat a tal\u00e1lkoz\u00f3ba, v\u00e9g\u00fcl azonban egy\u00e9rtelm\u0171 hazai siker sz\u00fcletett.<\/h3>\n<p><img decoding=\"async\" loading=\"lazy\" class=\"alignnone wp-image-18731 size-full\" src=\"https:\/\/kelensc.hu\/wp-content\/uploads\/2021\/11\/DSC0114.jpg\" alt=\"\" width=\"4850\" height=\"2728\" srcset=\"https:\/\/kelensc.hu\/wp-content\/uploads\/2021\/11\/DSC0114.jpg 4850w, https:\/\/kelensc.hu\/wp-content\/uploads\/2021\/11\/DSC0114-640x360.jpg 640w, https:\/\/kelensc.hu\/wp-content\/uploads\/2021\/11\/DSC0114-1280x720.jpg 1280w, https:\/\/kelensc.hu\/wp-content\/uploads\/2021\/11\/DSC0114-768x432.jpg 768w, https:\/\/kelensc.hu\/wp-content\/uploads\/2021\/11\/DSC0114-1536x864.jpg 1536w, https:\/\/kelensc.hu\/wp-content\/uploads\/2021\/11\/DSC0114-2048x1152.jpg 2048w, https:\/\/kelensc.hu\/wp-content\/uploads\/2021\/11\/DSC0114-320x180.jpg 320w, https:\/\/kelensc.hu\/wp-content\/uploads\/2021\/11\/DSC0114-382x215.jpg 382w, https:\/\/kelensc.hu\/wp-content\/uploads\/2021\/11\/DSC0114-641x361.jpg 641w\" sizes=\"(max-width: 4850px) 100vw, 4850px\" \/><\/p>\n<p><strong>A megszokottn\u00e1l kevesebb szerzett pont jellemzi feln\u0151tt I. csapatunk ut\u00f3bbi heteit igaz, az NBIII-ba frissen feljutott csapatk\u00e9nt ez nem csak hogy term\u00e9szetes jelens\u00e9g, de a kor\u00e1bbi eredm\u00e9nyeket n\u00e9zve m\u00e9g toler\u00e1lhat\u00f3 is, f\u0151k\u00e9nt ha olyan szervezett \u00e9s j\u00f3 er\u0151kb\u0151l \u00e1ll\u00f3 csapat az ellenf\u00e9l, mint a vas\u00e1rnapi.<\/strong><\/p>\n<p>Az ETO Akad\u00e9mia elleni, idegenbeli 3-0-\u00e1s eredm\u00e9ny ugyanis teljesen re\u00e1lis k\u00e9pet mutat a m\u00e9rk\u0151z\u00e9s er\u0151viszonyair\u00f3l, amelyben a Harmati Tam\u00e1s vezette Kelen egy kis szerencs\u00e9vel meglepet\u00e9st is okozhatott volna a kezd\u0151 s\u00edpsz\u00f3t k\u00f6vet\u0151en. A meccset ugyanis j\u00f3l kezdte a Kelen, helyzetekig jutott s\u0151t, a kapuf\u00e1t is eltal\u00e1lta, v\u00e9g\u00fcl azonban nem siker\u00fclt a g\u00f3lszerz\u00e9s. A kezdeti vend\u00e9grohamok ut\u00e1n azt\u00e1n sz\u00e9pen fokozatosan \u00e1tvette az ir\u00e1ny\u00edt\u00e1st a tabella negyedik hely\u00e9n \u00e1ll\u00f3 hazai csapat, amely eddig csup\u00e1n az el\u0151tte \u00e1ll\u00f3 h\u00e1rom egyes\u00fclett\u0151l kapott ki a bajnoks\u00e1gban.<\/p>\n<p>A gy\u0151riek m\u00e1r az els\u0151 f\u00e9lid\u0151ben megszerezt\u00e9k a vezet\u00e9st, a 69. percig ugyanakkor nem tudt\u00e1k azt n\u00f6velni, \u00edgy ugyan nem utalt r\u00e1 sok jel a p\u00e1ly\u00e1n, m\u00e9gis a v\u00e9rmesebb Kelen szimpatiz\u00e1nsok sok\u00e1ig rem\u00e9nykedhettek egy semmib\u0151l el\u0151t\u0171n\u0151 egyenl\u00edt\u0151 g\u00f3lnak. V\u00e9g\u00fcl azt\u00e1n a 75. percre minden k\u00e9rd\u00e9s eld\u0151lt, a h\u00e1romg\u00f3los veres\u00e9g pedig vezet\u0151edz\u0151nk, <strong>Harmati Tam\u00e1s<\/strong> szerint is jogos volt.<\/p>\n<blockquote><p><em>&#8211; J\u00f3l kezdt\u00fck a m\u00e9rk\u0151z\u00e9st \u00e9s meg is volt a lehet\u0151s\u00e9g\u00fcnk arra, hogy megszerezz\u00fck a vezet\u00e9st, de a kapuf\u00e1val nem volt szerencs\u00e9nk. Ahogy telt az id\u0151, \u00fagy n\u0151tt f\u00f6l\u00e9nk a hazai csapat. T\u00f6bbet birtokolt\u00e1k a labd\u00e1t, dinamikusabban j\u00e1tszottak \u00e9s j\u00f3l haszn\u00e1lt\u00e1k az er\u00e9nyeiket, ez\u00e9rt teljesen meg\u00e9rdemelten nyert az ETO Akad\u00e9mia, gratul\u00e1lunk nekik, a k\u00f6vetkez\u0151 h\u00e9ten pedig mindent megtesz\u00fcnk, hogy \u00fajra pontokat tudjunk szerezni.<\/em><\/p><\/blockquote>\n<p><strong>Erre, m\u00e1rmint a pontszerz\u00e9sre legk\u00f6zelebb ism\u00e9t hazai p\u00e1ly\u00e1n adatik lehet\u0151s\u00e9ge Harmati Tam\u00e1s egy\u00fcttes\u00e9nek, amely a vesztett pontok tekintet\u00e9ben szinte azonos mutat\u00f3val \u00e1ll\u00f3 Sopront fogadja klubunk Hunyadi M\u00e1ty\u00e1s \u00fati sporttelep\u00e9n vas\u00e1rnap 13:00-\u00e1s kezd\u00e9ssel.<\/strong><\/p>\n<h3>Hajr\u00e1 Kelen!<\/h3>\n<p><em>Fot\u00f3: Kanizsay Zolt\u00e1n<\/em><\/p>\n","protected":false},"excerpt":{"rendered":"<p>Meg\u00e9rdemelten nyert Gy\u0151rben az ETO Akad\u00e9mia a feln\u0151tt Kelen ellen, amely egy kis szerencs\u00e9vel a meccs elej\u00e9n csemp\u00e9szhetett volna izgalmat a tal\u00e1lkoz\u00f3ba, v\u00e9g\u00fcl azonban egy\u00e9rtelm\u0171 hazai siker sz\u00fcletett. A megszokottn\u00e1l kevesebb szerzett pont jellemzi feln\u0151tt I. csapatunk ut\u00f3bbi heteit igaz, az NBIII-ba frissen feljutott csapatk\u00e9nt ez nem csak hogy term\u00e9szetes jelens\u00e9g, de a kor\u00e1bbi eredm\u00e9nyeket&#8230;<\/p>\n","protected":false},"author":1375,"featured_media":18731,"comment_status":"closed","ping_status":"closed","sticky":false,"template":"","format":"standard","meta":{"inline_featured_image":false,"_exactmetrics_skip_tracking":false,"_exactmetrics_sitenote_active":false,"_exactmetrics_sitenote_note":"","_exactmetrics_sitenote_category":0,"footnotes":""},"categories":[11],"tags":[],"_links":{"self":[{"href":"https:\/\/kelensc.hu\/index.php\/wp-json\/wp\/v2\/posts\/18729"}],"collection":[{"href":"https:\/\/kelensc.hu\/index.php\/wp-json\/wp\/v2\/posts"}],"about":[{"href":"https:\/\/kelensc.hu\/index.php\/wp-json\/wp\/v2\/types\/post"}],"author":[{"embeddable":true,"href":"https:\/\/kelensc.hu\/index.php\/wp-json\/wp\/v2\/users\/1375"}],"replies":[{"embeddable":true,"href":"https:\/\/kelensc.hu\/index.php\/wp-json\/wp\/v2\/comments?post=18729"}],"version-history":[{"count":3,"href":"https:\/\/kelensc.hu\/index.php\/wp-json\/wp\/v2\/posts\/18729\/revisions"}],"predecessor-version":[{"id":18735,"href":"https:\/\/kelensc.hu\/index.php\/wp-json\/wp\/v2\/posts\/18729\/revisions\/18735"}],"wp:featuredmedia":[{"embeddable":true,"href":"https:\/\/kelensc.hu\/index.php\/wp-json\/wp\/v2\/media\/18731"}],"wp:attachment":[{"href":"https:\/\/kelensc.hu\/index.php\/wp-json\/wp\/v2\/media?parent=18729"}],"wp:term":[{"taxonomy":"category","embeddable":true,"href":"https:\/\/kelensc.hu\/index.php\/wp-json\/wp\/v2\/categories?post=18729"},{"taxonomy":"post_tag","embeddable":true,"href":"https:\/\/kelensc.hu\/index.php\/wp-json\/wp\/v2\/tags?post=18729"}],"curies":[{"name":"wp","href":"https:\/\/api.w.org\/{rel}","templated":true}]}}