{"id":18711,"date":"2021-11-02T12:50:40","date_gmt":"2021-11-02T11:50:40","guid":{"rendered":"https:\/\/kelensc.hu\/?p=18711"},"modified":"2021-11-02T12:50:40","modified_gmt":"2021-11-02T11:50:40","slug":"ez-most-keves-volt","status":"publish","type":"post","link":"https:\/\/kelensc.hu\/index.php\/ez-most-keves-volt\/","title":{"rendered":"Ez most kev\u00e9s volt"},"content":{"rendered":"<h3>J\u00f3 es\u00e9lye volt h\u00e9tv\u00e9g\u00e9n a bajnoks\u00e1g top csapatainak k\u00f6zel\u00e9be f\u00e9rk\u0151zni feln\u0151tt I. csapatunknak, amely vas\u00e1rnap a kies\u0151z\u00f3n\u00e1t \u00e9pp elker\u00fcl\u0151 Kom\u00e1rom vend\u00e9ge volt, de nem tudott \u00e9lni a lehet\u0151s\u00e9ggel s\u0151t, veres\u00e9get szenvedett.<\/h3>\n<figure id=\"attachment_18712\" aria-describedby=\"caption-attachment-18712\" style=\"width: 1563px\" class=\"wp-caption alignnone\"><img decoding=\"async\" loading=\"lazy\" class=\"wp-image-18712 size-full\" src=\"https:\/\/kelensc.hu\/wp-content\/uploads\/2021\/11\/DSC0022.jpg\" alt=\"\" width=\"1563\" height=\"879\" srcset=\"https:\/\/kelensc.hu\/wp-content\/uploads\/2021\/11\/DSC0022.jpg 1563w, https:\/\/kelensc.hu\/wp-content\/uploads\/2021\/11\/DSC0022-640x360.jpg 640w, https:\/\/kelensc.hu\/wp-content\/uploads\/2021\/11\/DSC0022-1280x720.jpg 1280w, https:\/\/kelensc.hu\/wp-content\/uploads\/2021\/11\/DSC0022-768x432.jpg 768w, https:\/\/kelensc.hu\/wp-content\/uploads\/2021\/11\/DSC0022-1536x864.jpg 1536w, https:\/\/kelensc.hu\/wp-content\/uploads\/2021\/11\/DSC0022-320x180.jpg 320w, https:\/\/kelensc.hu\/wp-content\/uploads\/2021\/11\/DSC0022-382x215.jpg 382w, https:\/\/kelensc.hu\/wp-content\/uploads\/2021\/11\/DSC0022-641x360.jpg 641w\" sizes=\"(max-width: 1563px) 100vw, 1563px\" \/><figcaption id=\"caption-attachment-18712\" class=\"wp-caption-text\">Wild Tam\u00e1s\u00e9knak ism\u00e9t egym\u00e1s\u00e9rt kell k\u00fczdeni\u00fck, ha az egyre fejl\u0151d\u0151 j\u00e1t\u00e9k mell\u00e9 egyre jobb eredm\u00e9nyeket szeretn\u00e9nek<\/figcaption><\/figure>\n<p><strong>Az NBIII. Nyugati csoportj\u00e1nak 15. fordul\u00f3j\u00e1ban a m\u00e9rk\u0151z\u00e9s el\u0151tt 16. helyen \u00e1ll\u00f3 Kom\u00e1rom VSE vend\u00e9ge volt a Harmati Tam\u00e1s vezette feln\u0151tt Kelen, amely a hetedik helyr\u0151l v\u00e1rta az \u00f6sszecsap\u00e1st, egy esetleges gy\u0151zelemmel pedig k\u00f6zvetlen\u00fcl a bajnoks\u00e1g top csapatainak k\u00f6zel\u00e9ben maradhatott volna, \u00edgy k\u00fcl\u00f6n\u00f6sen bosszant\u00f3 a 2-0-\u00e1s hazai siker.<\/strong><\/p>\n<p>Az es\u00e9lyek \u00e9s a kalkul\u00e1lhat\u00f3 el\u0151rel\u00e9p\u00e9s mellett az\u00e9rt f\u00e1j\u00f3 ez a veres\u00e9g, mert \u00e9pp az hi\u00e1nyzott a csapatb\u00f3l, ami p\u00e9ld\u00e1ul a ZTE ellen brav\u00faros gy\u0151zelemre vitte \u0151ket: a csapatt\u00e1rs felt\u00e9tel n\u00e9lk\u00fcli seg\u00edt\u00e9se, a b\u00e1tor, tiszteletteljes \u00e9s c\u00e9ltudatos j\u00e1t\u00e9k. Mert abban nem lehetett k\u00e9rd\u00e9s, hogy tiszt\u00e1n a futballszakmai es\u00e9lyeket n\u00e9zve b\u0151ven volt keresnival\u00f3ja a Kelennek, azonban ahogy azt r\u00e9g\u00f3ta tudjuk, a futballban el\u00e9rt gy\u0151zelem rendre t\u00f6bbet ig\u00e9nyel a j\u00e1t\u00e9kosokt\u00f3l, mint a szakmai felk\u00e9sz\u00fclts\u00e9g.<\/p>\n<p>A hazaiak a 31. percben b\u00fcntet\u0151b\u0151l szerezt\u00e9k meg a vezet\u00e9st, melynek megtart\u00e1s\u00e1\u00e9rt s\u00e1rga lapjaik sz\u00e1ma is jelzi, hogy mindent megtettek. Az \u00e1tszellem\u00fclt kom\u00e1romiak azt\u00e1n az 53. percben meg is dupl\u00e1zt\u00e1k az el\u0151ny\u00fcket a k\u00e9t csapat mentalit\u00e1sa k\u00f6zti t\u00e1vols\u00e1g pedig egyre l\u00e1tv\u00e1nyosabb lett, mik\u00f6zben b\u0151 f\u00e9l \u00f3r\u00e1ja maradt Wild Tam\u00e1s\u00e9knak, hogy fel\u00fclkerekedve az els\u0151 egy \u00f3ra t\u00f6rt\u00e9n\u00e9sein, realiz\u00e1lj\u00e1k f\u00f6l\u00e9ny\u00fcket, \u00e9s v\u00e1ltoztassanak az eredm\u00e9nyen. Erre azonban nem ker\u00fclt sor, a hazaiak pedig hozz\u00e1\u00e1ll\u00e1suk miatt meg\u00e9rdemelten tartott\u00e1k otthon a h\u00e1rom pontot.<\/p>\n<p><strong>A m\u00e9rk\u0151z\u00e9s ut\u00e1n \u00e9rthet\u0151en csal\u00f3dottan \u00e9rt\u00e9kelt vezet\u0151edz\u0151nk, Harmati Tam\u00e1s is.<\/strong><\/p>\n<blockquote><p><em>&#8211; Id\u00e9n most el\u0151sz\u00f6r van az, hogy nem tudom elfogadni a l\u00e1tottakat. Csal\u00f3dott vagyok, mert saj\u00e1t magunkat vert\u00fck meg. A j\u00e1t\u00e9kunk nem volt rossz, de hi\u00e1nyzott bel\u0151le az a szellemis\u00e9g, ami eddig jellemzett benn\u00fcnket \u00e9s ami az eddigi fejl\u0151d\u00e9s\u00fcnket biztos\u00edtotta. Vissza kell t\u00e9rn\u00fcnk a helyes \u00fatra, ez lesz a legnagyobb feladat a k\u00f6vetkez\u0151 h\u00e9tre!<\/em><\/p><\/blockquote>\n<p>Csapatunk h\u00e9tv\u00e9gi veres\u00e9g\u00e9vel ism\u00e9t a tabella h\u00e1ts\u00f3 fel\u00e9ben tal\u00e1lta mag\u00e1t, \u00e9s a 11. helyr\u0151l v\u00e1rja az ETO Akad\u00e9mia elleni m\u00e9rk\u0151z\u00e9s\u00e9t, amely egy\u00e1ltal\u00e1n nem \u00edg\u00e9rkezik k\u00f6nny\u0171 feladatnak. Ezzel egy\u00fctt t\u00f6bbsz\u00f6r is megmutatta m\u00e1r az egy\u00fcttes, hogy egym\u00e1s\u00e9rt k\u00fczdve meglep\u0151 eredm\u00e9nyekre is k\u00e9pes, a jelenleg 4. helyezett gy\u0151riek elleni vas\u00e1rnapi meccsen pedig ak\u00e1r ism\u00e9t ezt az arc\u00e1t l\u00e1thatjuk K\u00e1d\u00e1r M\u00e1t\u00e9\u00e9knak.<\/p>\n<h3>Hajr\u00e1 Kelen!<\/h3>\n<p><em>Fot\u00f3: Kanizsay Zolt\u00e1n<\/em><\/p>\n","protected":false},"excerpt":{"rendered":"<p>J\u00f3 es\u00e9lye volt h\u00e9tv\u00e9g\u00e9n a bajnoks\u00e1g top csapatainak k\u00f6zel\u00e9be f\u00e9rk\u0151zni feln\u0151tt I. csapatunknak, amely vas\u00e1rnap a kies\u0151z\u00f3n\u00e1t \u00e9pp elker\u00fcl\u0151 Kom\u00e1rom vend\u00e9ge volt, de nem tudott \u00e9lni a lehet\u0151s\u00e9ggel s\u0151t, veres\u00e9get szenvedett. Az NBIII. Nyugati csoportj\u00e1nak 15. fordul\u00f3j\u00e1ban a m\u00e9rk\u0151z\u00e9s el\u0151tt 16. helyen \u00e1ll\u00f3 Kom\u00e1rom VSE vend\u00e9ge volt a Harmati Tam\u00e1s vezette feln\u0151tt Kelen, amely a&#8230;<\/p>\n","protected":false},"author":1375,"featured_media":18712,"comment_status":"closed","ping_status":"closed","sticky":false,"template":"","format":"standard","meta":{"inline_featured_image":false,"_exactmetrics_skip_tracking":false,"_exactmetrics_sitenote_active":false,"_exactmetrics_sitenote_note":"","_exactmetrics_sitenote_category":0,"footnotes":""},"categories":[11],"tags":[],"_links":{"self":[{"href":"https:\/\/kelensc.hu\/index.php\/wp-json\/wp\/v2\/posts\/18711"}],"collection":[{"href":"https:\/\/kelensc.hu\/index.php\/wp-json\/wp\/v2\/posts"}],"about":[{"href":"https:\/\/kelensc.hu\/index.php\/wp-json\/wp\/v2\/types\/post"}],"author":[{"embeddable":true,"href":"https:\/\/kelensc.hu\/index.php\/wp-json\/wp\/v2\/users\/1375"}],"replies":[{"embeddable":true,"href":"https:\/\/kelensc.hu\/index.php\/wp-json\/wp\/v2\/comments?post=18711"}],"version-history":[{"count":2,"href":"https:\/\/kelensc.hu\/index.php\/wp-json\/wp\/v2\/posts\/18711\/revisions"}],"predecessor-version":[{"id":18714,"href":"https:\/\/kelensc.hu\/index.php\/wp-json\/wp\/v2\/posts\/18711\/revisions\/18714"}],"wp:featuredmedia":[{"embeddable":true,"href":"https:\/\/kelensc.hu\/index.php\/wp-json\/wp\/v2\/media\/18712"}],"wp:attachment":[{"href":"https:\/\/kelensc.hu\/index.php\/wp-json\/wp\/v2\/media?parent=18711"}],"wp:term":[{"taxonomy":"category","embeddable":true,"href":"https:\/\/kelensc.hu\/index.php\/wp-json\/wp\/v2\/categories?post=18711"},{"taxonomy":"post_tag","embeddable":true,"href":"https:\/\/kelensc.hu\/index.php\/wp-json\/wp\/v2\/tags?post=18711"}],"curies":[{"name":"wp","href":"https:\/\/api.w.org\/{rel}","templated":true}]}}