{"id":18701,"date":"2021-10-27T11:32:12","date_gmt":"2021-10-27T10:32:12","guid":{"rendered":"https:\/\/kelensc.hu\/?p=18701"},"modified":"2021-10-27T11:32:12","modified_gmt":"2021-10-27T10:32:12","slug":"pontot-ero-fegyelem","status":"publish","type":"post","link":"https:\/\/kelensc.hu\/index.php\/pontot-ero-fegyelem\/","title":{"rendered":"Pontot \u00e9r\u0151 fegyelem"},"content":{"rendered":"<h3>Koncentr\u00e1lt csapatmunka jellemezte a h\u00e9tv\u00e9gi Kelen &#8211; Gyirm\u00f3t m\u00e9rk\u0151z\u00e9s mindk\u00e9t egy\u00fcttes\u00e9t, amelyek alig engedt\u00e9k lehet\u0151s\u00e9ghez jutni a m\u00e1sikat, a taktikai harc v\u00e9ge pedig g\u00f3l n\u00e9lk\u00fcli d\u00f6ntetlen lett.<\/h3>\n<figure id=\"attachment_18702\" aria-describedby=\"caption-attachment-18702\" style=\"width: 1559px\" class=\"wp-caption alignnone\"><img decoding=\"async\" loading=\"lazy\" class=\"wp-image-18702 size-full\" src=\"https:\/\/kelensc.hu\/wp-content\/uploads\/2021\/10\/DSC0106.jpg\" alt=\"\" width=\"1559\" height=\"879\" srcset=\"https:\/\/kelensc.hu\/wp-content\/uploads\/2021\/10\/DSC0106.jpg 1559w, https:\/\/kelensc.hu\/wp-content\/uploads\/2021\/10\/DSC0106-640x361.jpg 640w, https:\/\/kelensc.hu\/wp-content\/uploads\/2021\/10\/DSC0106-1280x722.jpg 1280w, https:\/\/kelensc.hu\/wp-content\/uploads\/2021\/10\/DSC0106-768x433.jpg 768w, https:\/\/kelensc.hu\/wp-content\/uploads\/2021\/10\/DSC0106-1536x866.jpg 1536w, https:\/\/kelensc.hu\/wp-content\/uploads\/2021\/10\/DSC0106-320x180.jpg 320w, https:\/\/kelensc.hu\/wp-content\/uploads\/2021\/10\/DSC0106-382x215.jpg 382w, https:\/\/kelensc.hu\/wp-content\/uploads\/2021\/10\/DSC0106-641x361.jpg 641w\" sizes=\"(max-width: 1559px) 100vw, 1559px\" \/><figcaption id=\"caption-attachment-18702\" class=\"wp-caption-text\">Vesz\u00e9ly a gyirm\u00f3ti kapu el\u0151tt &#8211; \u00e1ltal\u00e1nos jelens\u00e9g volt a h\u00e9tv\u00e9gi m\u00e9rk\u0151z\u00e9sen, \u00e1m rendszeresen \u00fagy, ahogy az a k\u00e9pen is l\u00e1that\u00f3: nagy rem\u00e9nyekkel, de csek\u00e9ly g\u00f3lszerz\u00e9si lehet\u0151s\u00e9ggel<\/figcaption><\/figure>\n<p><strong>K\u00e9t, egym\u00e1shoz eredm\u00e9nyess\u00e9gben nagyon k\u00f6zel \u00e1ll\u00f3 egy\u00fcttes csapott \u00f6ssze vas\u00e1rnap az NBIII. Nyugati csoportj\u00e1nak 14. fordul\u00f3j\u00e1ban a Kelen sporttelepen, hiszen a vend\u00e9g Gyirm\u00f3t FC II. nem csak a szerzett pontokat n\u00e9zve \u00e1llt azonos mutat\u00f3val, mint a Harmati Tam\u00e1s vezette Kelen, de g\u00f3lar\u00e1ny\u00e1t tekintve is csak kett\u0151vel j\u00e1rt Pint\u00e9r Benc\u00e9\u00e9k el\u0151tt, \u00edgy a d\u00f6ntetlen j\u00f3solhat\u00f3 volt, a g\u00f3l n\u00e9lk\u00fcli v\u00e9geredm\u00e9ny viszont meglepet\u00e9s.<\/strong><\/p>\n<p>A szezon kor\u00e1bbi tizenh\u00e1rom Gyirm\u00f3t m\u00e9rk\u0151z\u00e9s\u00e9n ugyanis 59 g\u00f3l is esett, amely \u00edgy m\u00e9rk\u0151z\u00e9senk\u00e9nt t\u00f6bb, mint n\u00e9gy \u00e9s f\u00e9l g\u00f3los \u00e1tlagot jelent, m\u00edg a Kelen meccseken is h\u00e1rom g\u00f3l felett van az \u00e1tlagterm\u00e9s, \u00edgy nem csak a sz\u00e1mok miatt, de az alapvet\u0151en t\u00e1mad\u00f3focit j\u00e1tsz\u00f3 Kelent ismerve is meglepet\u0151 volt, hogy nem csak g\u00f3l nem volt a m\u00e9rk\u0151z\u00e9sen, de ziccer is alig. Ennek oka els\u0151sorban viszont nem a csapatok t\u00e1mad\u00f3potenci\u00e1lj\u00e1nak medd\u0151s\u00e9ge volt, hanem ink\u00e1bb az, hogy a h\u00e9tv\u00e9gi meccsre mindk\u00e9t egy\u00fcttes remek\u00fcl felk\u00e9sz\u00fclt a m\u00e1sikb\u00f3l, \u00e9s koncentr\u00e1lt csapatmunk\u00e1val igyekeztek ellens\u00falyozni a m\u00e1sik er\u0151ss\u00e9geit. A taktikai fegyelem pedig el\u0151bb mindk\u00e9t oldalon j\u00f3l m\u0171k\u00f6d\u00f6tt, majd id\u0151vel kell\u0151en elbizonytalan\u00edtotta ahhoz a t\u00e1mad\u00f3kat, hogy adott esetben a begyakorolt t\u00e1mad\u00e1svezet\u00e9seket fel\u00fcl\u00edrva egy\u00e9nileg tegyenek hozz\u00e1 a sikeress\u00e9ghez, illetve hogy az egy\u00e9ni villan\u00e1sok t\u00e9nyleg siker\u00fclhessenek.<\/p>\n<p>Ennek megfelel\u0151en az els\u0151 f\u00e9lid\u0151ben nem volt kaput eltal\u00e1l\u00f3 l\u00f6v\u00e9se a vend\u00e9geknek igaz, egy \u00edzben ziccerben l\u00e9phetett ki a t\u00e1mad\u00f3juk, aki azonban a kapu f\u00f6l\u00e9 emelte a labd\u00e1t a kifut\u00f3 Zima \u00c1d\u00e1m felett. Ezen k\u00edv\u00fcl csak a Kelennek voltak lehet\u0151s\u00e9gei, azonban egyik sem hordozott mag\u00e1ban egy\u00e9rtelm\u0171en g\u00f3lvesz\u00e9lyt, \u00e9s \u00fagy t\u0171nt, hogy szerencse, vagy egy\u00e9ni villan\u00e1s n\u00e9lk\u00fcl nem is lesz el\u0151nyben egyik csapat sem a f\u00e9lid\u0151ben.<\/p>\n<figure id=\"attachment_18703\" aria-describedby=\"caption-attachment-18703\" style=\"width: 1689px\" class=\"wp-caption alignnone\"><img decoding=\"async\" loading=\"lazy\" class=\"wp-image-18703 size-full\" src=\"https:\/\/kelensc.hu\/wp-content\/uploads\/2021\/10\/DSC0219.jpg\" alt=\"\" width=\"1689\" height=\"950\" srcset=\"https:\/\/kelensc.hu\/wp-content\/uploads\/2021\/10\/DSC0219.jpg 1689w, https:\/\/kelensc.hu\/wp-content\/uploads\/2021\/10\/DSC0219-640x360.jpg 640w, https:\/\/kelensc.hu\/wp-content\/uploads\/2021\/10\/DSC0219-1280x720.jpg 1280w, https:\/\/kelensc.hu\/wp-content\/uploads\/2021\/10\/DSC0219-768x432.jpg 768w, https:\/\/kelensc.hu\/wp-content\/uploads\/2021\/10\/DSC0219-1536x864.jpg 1536w, https:\/\/kelensc.hu\/wp-content\/uploads\/2021\/10\/DSC0219-320x180.jpg 320w, https:\/\/kelensc.hu\/wp-content\/uploads\/2021\/10\/DSC0219-382x215.jpg 382w, https:\/\/kelensc.hu\/wp-content\/uploads\/2021\/10\/DSC0219-641x361.jpg 641w\" sizes=\"(max-width: 1689px) 100vw, 1689px\" \/><figcaption id=\"caption-attachment-18703\" class=\"wp-caption-text\">Erdei Andris\u00e9k ez\u00fattal nem tudt\u00e1k felt\u00f6rni az ellenf\u00e9l v\u00e9delm\u00e9t &#8211; ilyen kor\u00e1bban csup\u00e1n h\u00e1romszor fordult el\u0151 13. fordul\u00f3 alatt a bajnoki szezonban<\/figcaption><\/figure>\n<p>A m\u00e1sodik j\u00e1t\u00e9kr\u00e9sz elej\u00e9n azt\u00e1n \u00fagy t\u0171nt, hogy az \u00e9lesebb j\u00e1t\u00e9kot mutat\u00f3 t\u00e1mad\u00f3szekci\u00f3k fel\u0151r\u00f6lhetik a v\u00e9delmeket, a sikertelen akci\u00f3k ut\u00e1n azonban \u00fajra a taktikai fegyelem\u00e9 lett a f\u0151szerep, ami frusztr\u00e1ci\u00f3t okozott a csapatokon bel\u00fcl, egy\u00fattal megjelentek a m\u00e9rk\u0151z\u00e9sen a kisebb-nagyobb faultok, \u00e9s a b\u00edr\u00f3i figyelmeztet\u0151 lapok. A 80. percben Babinszky Bence \u00fagy kapott piros lapot, hogy a sorozatos visszah\u00faz\u00e1sok \u00e9s ler\u00e1nt\u00e1sok elszenved\u0151jek\u00e9nt, egy \u00edzben lend\u00fcletb\u0151l visszakapott az \u0151t ler\u00e1nt\u00f3 ellenf\u00e9l fel\u00e9, ami v\u00e9g\u00fcl l\u00e1tatlanul, de embert tal\u00e1lt, \u00edgy egyszerre kapott s\u00e1rga lapot a ler\u00e1nt\u00f3 vend\u00e9g j\u00e1t\u00e9kos \u00e9s pirosat a Kelen kilencese.<\/p>\n<p>Igyekeztek is \u00e9lni a lehet\u0151s\u00e9ggel a vend\u00e9gek \u00e9s p\u00e1r percre beszor\u00edtott\u00e1k csapatunkat a saj\u00e1t t\u00e9rfel\u00e9re, az utols\u00f3 percekre azonban \u00fajra er\u0151re kapott a Kelen \u00e9s sokszor csak a pontoss\u00e1gon m\u00falt, hogy nem tudt\u00e1k megkontr\u00e1zni a g\u00f3lszerz\u00e9sre t\u00f6r\u0151 Gyirm\u00f3tot. A m\u00e9rk\u0151z\u00e9s v\u00e9g\u00fcl teh\u00e1t g\u00f3l n\u00e9lk\u00fcli d\u00f6ntetlennel \u00e9rt v\u00e9get, amely <strong>Harmati Tam\u00e1s<\/strong> szerint \u00e9rt\u00e9kes pontot jelent a versenyben.<\/p>\n<blockquote><p><em>&#8211; Egy kicsit csal\u00f3dottak vagyunk a m\u00e9rk\u0151z\u00e9s ut\u00e1n, hiszen gy\u0151zni szerett\u00fcnk volna, de be kellett \u00e9rn\u00fcnk az egy ponttal, aminek egy\u00e9bk\u00e9nt nagy \u00e9rt\u00e9ke van ebben a bajnoks\u00e1gban. Mindk\u00e9t csapat j\u00f3l felk\u00e9sz\u00fclt a m\u00e1sikb\u00f3l, \u00e1ltal\u00e1ban sok g\u00f3los meccseket j\u00e1tszik a k\u00e9t csapat a bajnoks\u00e1gban, de a mai napon nem sok lehet\u0151s\u00e9get hagytak egym\u00e1snak a felek. Annak kifejezetten \u00f6r\u00fcl\u00f6k, hogy nem kaptunk g\u00f3lt a 90 perc sor\u00e1n, \u00e9s annak is, hogy 10 emberrel is gy\u0151zni akartak a j\u00e1t\u00e9kosaim!<\/em><\/p><\/blockquote>\n<p><strong>Feln\u0151tt I. csapatunk legk\u00f6zelebb vas\u00e1rnap 13:00-\u00e1s kezd\u00e9ssel l\u00e9p p\u00e1ly\u00e1ra a Kom\u00e1rom VSE vend\u00e9gek\u00e9nt a bajnoks\u00e1g 15. fordul\u00f3j\u00e1ban.<\/strong><\/p>\n<h3>Hajr\u00e1 Kelen!<\/h3>\n<p><em>Fot\u00f3k: Kanizsay Zolt\u00e1n<\/em><\/p>\n","protected":false},"excerpt":{"rendered":"<p>Koncentr\u00e1lt csapatmunka jellemezte a h\u00e9tv\u00e9gi Kelen &#8211; Gyirm\u00f3t m\u00e9rk\u0151z\u00e9s mindk\u00e9t egy\u00fcttes\u00e9t, amelyek alig engedt\u00e9k lehet\u0151s\u00e9ghez jutni a m\u00e1sikat, a taktikai harc v\u00e9ge pedig g\u00f3l n\u00e9lk\u00fcli d\u00f6ntetlen lett. K\u00e9t, egym\u00e1shoz eredm\u00e9nyess\u00e9gben nagyon k\u00f6zel \u00e1ll\u00f3 egy\u00fcttes csapott \u00f6ssze vas\u00e1rnap az NBIII. Nyugati csoportj\u00e1nak 14. fordul\u00f3j\u00e1ban a Kelen sporttelepen, hiszen a vend\u00e9g Gyirm\u00f3t FC II. nem csak a&#8230;<\/p>\n","protected":false},"author":1375,"featured_media":18705,"comment_status":"closed","ping_status":"closed","sticky":false,"template":"","format":"standard","meta":{"inline_featured_image":false,"_exactmetrics_skip_tracking":false,"_exactmetrics_sitenote_active":false,"_exactmetrics_sitenote_note":"","_exactmetrics_sitenote_category":0,"footnotes":""},"categories":[11],"tags":[],"_links":{"self":[{"href":"https:\/\/kelensc.hu\/index.php\/wp-json\/wp\/v2\/posts\/18701"}],"collection":[{"href":"https:\/\/kelensc.hu\/index.php\/wp-json\/wp\/v2\/posts"}],"about":[{"href":"https:\/\/kelensc.hu\/index.php\/wp-json\/wp\/v2\/types\/post"}],"author":[{"embeddable":true,"href":"https:\/\/kelensc.hu\/index.php\/wp-json\/wp\/v2\/users\/1375"}],"replies":[{"embeddable":true,"href":"https:\/\/kelensc.hu\/index.php\/wp-json\/wp\/v2\/comments?post=18701"}],"version-history":[{"count":1,"href":"https:\/\/kelensc.hu\/index.php\/wp-json\/wp\/v2\/posts\/18701\/revisions"}],"predecessor-version":[{"id":18704,"href":"https:\/\/kelensc.hu\/index.php\/wp-json\/wp\/v2\/posts\/18701\/revisions\/18704"}],"wp:featuredmedia":[{"embeddable":true,"href":"https:\/\/kelensc.hu\/index.php\/wp-json\/wp\/v2\/media\/18705"}],"wp:attachment":[{"href":"https:\/\/kelensc.hu\/index.php\/wp-json\/wp\/v2\/media?parent=18701"}],"wp:term":[{"taxonomy":"category","embeddable":true,"href":"https:\/\/kelensc.hu\/index.php\/wp-json\/wp\/v2\/categories?post=18701"},{"taxonomy":"post_tag","embeddable":true,"href":"https:\/\/kelensc.hu\/index.php\/wp-json\/wp\/v2\/tags?post=18701"}],"curies":[{"name":"wp","href":"https:\/\/api.w.org\/{rel}","templated":true}]}}