{"id":18692,"date":"2021-10-18T10:55:58","date_gmt":"2021-10-18T09:55:58","guid":{"rendered":"https:\/\/kelensc.hu\/?p=18692"},"modified":"2021-10-18T10:55:58","modified_gmt":"2021-10-18T09:55:58","slug":"nehezkes-de-megerdemelt-gyozelem","status":"publish","type":"post","link":"https:\/\/kelensc.hu\/index.php\/nehezkes-de-megerdemelt-gyozelem\/","title":{"rendered":"Neh\u00e9zkes, de meg\u00e9rdemelt gy\u0151zelem"},"content":{"rendered":"<h3>K\u00e9tg\u00f3los h\u00e1tr\u00e1nyb\u00f3l fel\u00e1llva, \u00e9s az utols\u00f3 negyed \u00f3r\u00e1ban er\u0151n fel\u00fcl teljes\u00edtve nyert 3-2-re, brav\u00faros k\u00f6r\u00fclm\u00e9nyek k\u00f6z\u00f6tt feln\u0151tt f\u00e9rfi I. csapatunk a h\u00e9tv\u00e9gi bajnokin, amelyet ugyanakkor ak\u00e1r k\u00f6nnyed\u00e9n is megnyerhetett volna.<\/h3>\n<figure id=\"attachment_18693\" aria-describedby=\"caption-attachment-18693\" style=\"width: 1487px\" class=\"wp-caption alignnone\"><img decoding=\"async\" loading=\"lazy\" class=\"wp-image-18693 size-full\" src=\"https:\/\/kelensc.hu\/wp-content\/uploads\/2021\/10\/DSC0166-2.jpg\" alt=\"\" width=\"1487\" height=\"840\" srcset=\"https:\/\/kelensc.hu\/wp-content\/uploads\/2021\/10\/DSC0166-2.jpg 1487w, https:\/\/kelensc.hu\/wp-content\/uploads\/2021\/10\/DSC0166-2-640x362.jpg 640w, https:\/\/kelensc.hu\/wp-content\/uploads\/2021\/10\/DSC0166-2-1280x723.jpg 1280w, https:\/\/kelensc.hu\/wp-content\/uploads\/2021\/10\/DSC0166-2-768x434.jpg 768w, https:\/\/kelensc.hu\/wp-content\/uploads\/2021\/10\/DSC0166-2-320x181.jpg 320w, https:\/\/kelensc.hu\/wp-content\/uploads\/2021\/10\/DSC0166-2-382x216.jpg 382w, https:\/\/kelensc.hu\/wp-content\/uploads\/2021\/10\/DSC0166-2-641x362.jpg 641w\" sizes=\"(max-width: 1487px) 100vw, 1487px\" \/><figcaption id=\"caption-attachment-18693\" class=\"wp-caption-text\">Szok\u00e1sos jelenet a meccsen: nagy l\u00e9tsz\u00e1mmal az ellenf\u00e9l tizenhatos\u00e1n bel\u00fcl a Kelen, a vend\u00e9g kapu \u00e1lland\u00f3 vesz\u00e9lyben, m\u00e9gis valahogy kimaradnak a helyzetek, mint ahogy itt Tim\u00e1ri Norman l\u00f6v\u00e9s\u00e9n\u00e9l is<\/figcaption><\/figure>\n<p><strong>Ritka pillanatok egyik\u00e9t \u00e9lhett\u00e9k \u00e1t a Kelen szurkol\u00f3k a h\u00e9tv\u00e9gi, G\u00e1rdony-Ag\u00e1rd elleni NBIII-as bajnoki m\u00e9rk\u0151z\u00e9sen a Kelen Sporttelepen, hiszen Harmati Tam\u00e1s egy\u00fcttese sorra dolgozta \u00e9s hagyta ki a helyzeteket, k\u00f6zelr\u0151l \u00e9s t\u00e1volr\u00f3l, t\u00f6bbsz\u00f6r is telibe tal\u00e1lta a kapuf\u00e1kat \u00e9s a keresztl\u00e9cet, v\u00e9g\u00fcl m\u00e9gsem bosszult\u00e1k meg magukat az elszalasztott lehet\u0151s\u00e9gek s\u0151t, az utols\u00f3 ut\u00e1ni percekben m\u00e9g ford\u00edtani tudott \u00e9s nyert is a csapat!<\/strong><\/p>\n<p>Ezek alapj\u00e1n mondhatjuk azt, hogy meg\u00e9rdemelt volt a Kelen gy\u0151zelme, m\u00e9gis sok\u00e1ig ink\u00e1bb a bosszankod\u00e1s\u00e9 volt a f\u0151szerep az \u00f6r\u00f6m helyett. T\u00f6rt\u00e9nt ugyanis, hogy a tabell\u00e1n elfoglalt helyez\u00e9sek k\u00f6zti k\u00fcl\u00f6nbs\u00e9g ellen\u00e9re a meccs el\u0151tt 19. helyen \u00e1ll\u00f3 vend\u00e9gek egyenrang\u00fa ellenf\u00e9lk\u00e9nt kezdt\u00e9k el a tal\u00e1lkoz\u00f3t, \u00e9s a 9. percben meg is szerezt\u00e9k a vezet\u00e9st az ut\u00f3bbi h\u00e1rom meccs\u00e9n n\u00e9gyszer is betal\u00e1l\u00f3 T\u00f3th Tibor r\u00e9v\u00e9n. A g\u00e1rdonyiak vezet\u0151 tal\u00e1lat\u00e1t k\u00f6vet\u0151en \u00e1tvette a m\u00e9rk\u0151z\u00e9s ir\u00e1ny\u00edt\u00e1s\u00e1t a Kelen, mik\u00f6zben Helm Andr\u00e1s j\u00e1t\u00e9kosai z\u00e1rt v\u00e9dekez\u00e9sre rendezkedtek be, \u00e9s a kontr\u00e1kat is csup\u00e1n k\u00e9t-h\u00e1rom j\u00e1t\u00e9kossal j\u00e1tszott\u00e1k v\u00e9gig. So\u00f3s D\u00e1vid\u00e9k ek\u00f6zben t\u00f6bb helyzetet is kidolgoztak, pontr\u00fag\u00e1sokb\u00f3l is vesz\u00e9lyesek voltak \u00e9s k\u00e9tszer a kapuf\u00e1t is eltal\u00e1lt\u00e1k az els\u0151 j\u00e1t\u00e9kr\u00e9szben, m\u00e9gsem siker\u00fclt az egyenl\u00edt\u00e9s, \u00edgy ugyan bizakodva, de rossz sz\u00e1j\u00edzzel mentek sz\u00fcnetre.<\/p>\n<p>A m\u00e1sodik f\u00e9lid\u0151ben azt\u00e1n m\u00e1r ki sem j\u00f6tt a t\u00e9rfel\u00e9r\u0151l a vend\u00e9g egy\u00fcttes, de h\u0151siesen k\u00fczd\u00f6tt, egym\u00e1st seg\u00edtve igyekeztek blokkolni a v\u00e9d\u0151k, m\u00e9gis ink\u00e1bb a Kelen t\u00e1mad\u00f3in m\u00falt, hogy nem vett\u00e9k be a kaput ziccerb\u0151l, \u00e1tl\u00f6v\u00e9sb\u0151l, vagy \u00e9pp pontr\u00fag\u00e1sb\u00f3l, hiszen mindh\u00e1rom form\u00e1ban volt g\u00f3lvesz\u00e9lyes akci\u00f3ja Tim\u00e1ri Norman\u00e9knak. H\u00fasz perc eltelt\u00e9vel pedig j\u00f6tt az \u00fajabb feketeleves, egy Kelen helyzet ut\u00e1ni el\u0151rev\u00e1gott labd\u00e1val t\u00f6bb kisebb hiba ut\u00e1n ziccerig jutottak a vend\u00e9gek, T\u00f3th Tibor pedig \u00fagy juttatta ism\u00e9t kapunkba a labd\u00e1t, hogy Besze Hunor brav\u00farosan olvasta sz\u00e1nd\u00e9k\u00e1t, \u00e9s \u00fagy t\u0171nt h\u00e1r\u00edtja is a helyzetet, valahogy m\u00e9gis a g\u00f3lvonal fel\u00e9 dadogott a labda a v\u00e9d\u00e9st k\u00f6vet\u0151en, amely azt\u00e1n f\u00e1j\u00f3an lassan \u00e1t is gurult rajta &#8211; <strong>a 66. percben Kelen &#8211; G\u00e1rdony 0-2.<\/strong><\/p>\n<figure id=\"attachment_18694\" aria-describedby=\"caption-attachment-18694\" style=\"width: 1563px\" class=\"wp-caption alignnone\"><img decoding=\"async\" loading=\"lazy\" class=\"wp-image-18694 size-full\" src=\"https:\/\/kelensc.hu\/wp-content\/uploads\/2021\/10\/DSC0182.jpg\" alt=\"\" width=\"1563\" height=\"879\" srcset=\"https:\/\/kelensc.hu\/wp-content\/uploads\/2021\/10\/DSC0182.jpg 1563w, https:\/\/kelensc.hu\/wp-content\/uploads\/2021\/10\/DSC0182-640x360.jpg 640w, https:\/\/kelensc.hu\/wp-content\/uploads\/2021\/10\/DSC0182-1280x720.jpg 1280w, https:\/\/kelensc.hu\/wp-content\/uploads\/2021\/10\/DSC0182-768x432.jpg 768w, https:\/\/kelensc.hu\/wp-content\/uploads\/2021\/10\/DSC0182-1536x864.jpg 1536w, https:\/\/kelensc.hu\/wp-content\/uploads\/2021\/10\/DSC0182-320x180.jpg 320w, https:\/\/kelensc.hu\/wp-content\/uploads\/2021\/10\/DSC0182-382x215.jpg 382w, https:\/\/kelensc.hu\/wp-content\/uploads\/2021\/10\/DSC0182-641x360.jpg 641w\" sizes=\"(max-width: 1563px) 100vw, 1563px\" \/><figcaption id=\"caption-attachment-18694\" class=\"wp-caption-text\">Borb\u00e9ly Bence \u00e9s a g\u00e1rdonyiak &#8211; a f\u00e9lid\u0151ben p\u00e1ly\u00e1ra l\u00e9p\u0151 sz\u00e9ls\u0151nk mindent megtett az\u00e9rt, hogy megbolond\u00edtsa a vend\u00e9gek v\u00e9delm\u00e9t, itt \u00e9pp \u00f6t g\u00e1rdonyi gy\u0171r\u0171j\u00e9ben harcolt ki b\u00fcntet\u0151t csapatunknak<\/figcaption><\/figure>\n<p>Kisebb \u00e9rtetlenked\u00e9ssel t\u00f6lt\u00f6tt id\u0151szak ut\u00e1n azt\u00e1n \u00faj er\u0151re kapott a Kelen, nem nyugodott meg abban, hogy ezen a meccsen semmi sem j\u00f6het \u00f6ssze, \u00e9s k\u00f6teless\u00e9gtudatb\u00f3l tette a dolg\u00e1t lelkiismeretesen, aminek egy par\u00e1d\u00e9s ford\u00edt\u00e1s form\u00e1j\u00e1ban meg is lett az eredm\u00e9nye. A f\u00e9lid\u0151ben p\u00e1ly\u00e1ra l\u00e9p\u0151 <strong>Borb\u00e9ly Bence<\/strong> remek teljes\u00edtm\u00e9nnyel rukkolt el\u0151, \u00e9s ugyan a befejez\u00e9sekkel neki is meggy\u0171lt a baja, k\u00e9tg\u00f3los h\u00e1tr\u00e1nyban m\u00e9g nagyobb er\u0151bedob\u00e1ssal rohamozta a kaput. \u00cdgy a 78. percben egy b\u00fcntet\u0151t harcolt ki csapat\u00e1nak, amit <strong>Tim\u00e1ri Norman<\/strong> \u00e9rt\u00e9kes\u00edtett, majd a 81. percben <strong>Horv\u00e1th Marcell<\/strong>, a 91. percben pedig <strong>Lipcsei \u00c1d\u00e1m<\/strong> g\u00f3lj\u00e1t is \u0151 k\u00e9sz\u00edtette el\u0151 egy-egy remek egy\u00e9ni akci\u00f3val, amelyeket k\u00f6vet\u0151en m\u00e1r csak a kapuba kellett pofozni a labd\u00e1t k\u00e9t k\u0151kem\u00e9ny v\u00e9d\u0151nknek.<\/p>\n<p>V\u00e9geredm\u00e9nyben teh\u00e1t egy eg\u00e9szen kiv\u00e9teles negyed \u00f3ra alatt, \u00e9s egy igaz\u00e1n neh\u00e9z ment\u00e1lis helyzetb\u0151l \u00e1llt talpra a Kelen, amely nem csak megtartotta a becs\u00fclet\u00e9t, de a gy\u0151ztes g\u00f3l megszerz\u00e9s\u00e9vel ism\u00e9t \u00faj szintet l\u00e9phet, mint csapat. A vastaps mellett levonul\u00f3 j\u00e1t\u00e9kosokra \u00edgy \u00e9rthet\u0151en b\u00fcszke volt vezet\u0151edz\u0151j\u00fck, <strong>Harmati Tam\u00e1s<\/strong> is.<\/p>\n<blockquote><p><em>&#8211; Hasonl\u00f3 m\u00e9rk\u0151z\u00e9sre sz\u00e1m\u00edtottunk, mint a Bicske ellen \u00e9s sajnos nem voltunk el\u00e9g \u00e9lesek az els\u0151 f\u00e9lid\u0151ben, hogy m\u00e1s ir\u00e1nyt adjunk a meccsnek. A m\u00e1sodik f\u00e9lid\u0151ben m\u00e9g t\u00e1mad\u00f3bb szellemben l\u00e9pt\u00fcnk p\u00e1ly\u00e1ra, \u00e9s j\u00f3val t\u00f6bbsz\u00f6r tudtuk \u00e1tt\u00f6rni a nagyon szervezetten j\u00e1tsz\u00f3 vend\u00e9gek v\u00e9delmi vonal\u00e1t. Amikor m\u00e1r \u00fagy t\u0171nt, hogy a sok kihagyott lehet\u0151s\u00e9g \u00e9s a kapuf\u00e1k ut\u00e1n m\u00e1r nem j\u00f6n \u00f6sszes semmi, akkor egy b\u00fcntet\u0151vel siker\u00fclt megt\u00f6rni a g\u00f3lcsendet. A sz\u00e9p\u00edt\u00e9st k\u00f6vet\u0151en pedig m\u00e9g egy fokozattal feljebb tudtunk kapcsolni, \u00e9s extra teljes\u00edtm\u00e9nnyel m\u00e9g a m\u00e9rk\u0151z\u00e9st is siker\u00fclt megford\u00edtani. Ezek ut\u00e1n term\u00e9szetesen nagyon b\u00fcszke vagyok a csapatra, hogy komoly h\u00e1tr\u00e1nyb\u00f3l is nyerni tudott!<\/em><\/p><\/blockquote>\n<p><strong>Gy\u0151zelm\u00e9vel a bajnoki versenyfut\u00e1sban 5. helyre felk\u00fasz\u00f3 csapatunk ezen a h\u00e9ten k\u00e9tszer is p\u00e1ly\u00e1ra l\u00e9p, el\u0151bb szerd\u00e1n a tabella m\u00e1sodik Mosonmagyar\u00f3v\u00e1r vend\u00e9ge lesz, majd vas\u00e1rnap hazai p\u00e1ly\u00e1n fogadja a Gyirm\u00f3t FC Gy\u0151r II. csapat\u00e1t 13:00-\u00e1s kezd\u00e9ssel.<\/strong><\/p>\n<h3>Hajr\u00e1 Kelen!<\/h3>\n<p><em>Fot\u00f3: Kanizsay Zolt\u00e1n<\/em><\/p>\n","protected":false},"excerpt":{"rendered":"<p>K\u00e9tg\u00f3los h\u00e1tr\u00e1nyb\u00f3l fel\u00e1llva, \u00e9s az utols\u00f3 negyed \u00f3r\u00e1ban er\u0151n fel\u00fcl teljes\u00edtve nyert 3-2-re, brav\u00faros k\u00f6r\u00fclm\u00e9nyek k\u00f6z\u00f6tt feln\u0151tt f\u00e9rfi I. csapatunk a h\u00e9tv\u00e9gi bajnokin, amelyet ugyanakkor ak\u00e1r k\u00f6nnyed\u00e9n is megnyerhetett volna. Ritka pillanatok egyik\u00e9t \u00e9lhett\u00e9k \u00e1t a Kelen szurkol\u00f3k a h\u00e9tv\u00e9gi, G\u00e1rdony-Ag\u00e1rd elleni NBIII-as bajnoki m\u00e9rk\u0151z\u00e9sen a Kelen Sporttelepen, hiszen Harmati Tam\u00e1s egy\u00fcttese sorra dolgozta \u00e9s&#8230;<\/p>\n","protected":false},"author":1375,"featured_media":18696,"comment_status":"closed","ping_status":"closed","sticky":false,"template":"","format":"standard","meta":{"inline_featured_image":false,"_exactmetrics_skip_tracking":false,"_exactmetrics_sitenote_active":false,"_exactmetrics_sitenote_note":"","_exactmetrics_sitenote_category":0,"footnotes":""},"categories":[11],"tags":[],"_links":{"self":[{"href":"https:\/\/kelensc.hu\/index.php\/wp-json\/wp\/v2\/posts\/18692"}],"collection":[{"href":"https:\/\/kelensc.hu\/index.php\/wp-json\/wp\/v2\/posts"}],"about":[{"href":"https:\/\/kelensc.hu\/index.php\/wp-json\/wp\/v2\/types\/post"}],"author":[{"embeddable":true,"href":"https:\/\/kelensc.hu\/index.php\/wp-json\/wp\/v2\/users\/1375"}],"replies":[{"embeddable":true,"href":"https:\/\/kelensc.hu\/index.php\/wp-json\/wp\/v2\/comments?post=18692"}],"version-history":[{"count":3,"href":"https:\/\/kelensc.hu\/index.php\/wp-json\/wp\/v2\/posts\/18692\/revisions"}],"predecessor-version":[{"id":18698,"href":"https:\/\/kelensc.hu\/index.php\/wp-json\/wp\/v2\/posts\/18692\/revisions\/18698"}],"wp:featuredmedia":[{"embeddable":true,"href":"https:\/\/kelensc.hu\/index.php\/wp-json\/wp\/v2\/media\/18696"}],"wp:attachment":[{"href":"https:\/\/kelensc.hu\/index.php\/wp-json\/wp\/v2\/media?parent=18692"}],"wp:term":[{"taxonomy":"category","embeddable":true,"href":"https:\/\/kelensc.hu\/index.php\/wp-json\/wp\/v2\/categories?post=18692"},{"taxonomy":"post_tag","embeddable":true,"href":"https:\/\/kelensc.hu\/index.php\/wp-json\/wp\/v2\/tags?post=18692"}],"curies":[{"name":"wp","href":"https:\/\/api.w.org\/{rel}","templated":true}]}}