{"id":18430,"date":"2021-08-30T10:01:29","date_gmt":"2021-08-30T09:01:29","guid":{"rendered":"https:\/\/kelensc.hu\/?p=18430"},"modified":"2021-08-30T10:01:29","modified_gmt":"2021-08-30T09:01:29","slug":"megerdemelt-tovabbjutas","status":"publish","type":"post","link":"https:\/\/kelensc.hu\/index.php\/megerdemelt-tovabbjutas\/","title":{"rendered":"Meg\u00e9rdemelt tov\u00e1bbjut\u00e1s"},"content":{"rendered":"<h3>Kultur\u00e1ltan futballoz\u00f3 \u00e9s lelkes hazai csapat fogadta Harmati Tam\u00e1s\u00e9kat P\u00e9csv\u00e1radon a Magyar Kupa 2. fordul\u00f3j\u00e1ban, ahol meg kellett dolgozni a tov\u00e1bbjut\u00e1s\u00e9rt.<\/h3>\n<figure id=\"attachment_18445\" aria-describedby=\"caption-attachment-18445\" style=\"width: 1560px\" class=\"wp-caption alignnone\"><img decoding=\"async\" loading=\"lazy\" class=\"wp-image-18445 size-full\" src=\"https:\/\/kelensc.hu\/wp-content\/uploads\/2021\/08\/Borbely.jpg\" alt=\"\" width=\"1560\" height=\"878\" srcset=\"https:\/\/kelensc.hu\/wp-content\/uploads\/2021\/08\/Borbely.jpg 1560w, https:\/\/kelensc.hu\/wp-content\/uploads\/2021\/08\/Borbely-640x360.jpg 640w, https:\/\/kelensc.hu\/wp-content\/uploads\/2021\/08\/Borbely-1280x720.jpg 1280w, https:\/\/kelensc.hu\/wp-content\/uploads\/2021\/08\/Borbely-768x432.jpg 768w, https:\/\/kelensc.hu\/wp-content\/uploads\/2021\/08\/Borbely-1536x864.jpg 1536w, https:\/\/kelensc.hu\/wp-content\/uploads\/2021\/08\/Borbely-320x180.jpg 320w, https:\/\/kelensc.hu\/wp-content\/uploads\/2021\/08\/Borbely-382x215.jpg 382w, https:\/\/kelensc.hu\/wp-content\/uploads\/2021\/08\/Borbely-641x361.jpg 641w\" sizes=\"(max-width: 1560px) 100vw, 1560px\" \/><figcaption id=\"caption-attachment-18445\" class=\"wp-caption-text\">A ny\u00e1ron igazolt Borb\u00e9ly Bence vezet\u0151 g\u00f3lt szerzett a P\u00e9csv\u00e1rad ellen, ezzel a bajnoks\u00e1g mellett a Magyar Kup\u00e1ban is eredm\u00e9nyes imm\u00e1r<\/figcaption><\/figure>\n<p><strong>Az orsz\u00e1g legd\u00e9lebbi megy\u00e9j\u00e9be, a baranyai P\u00e9csv\u00e1radra l\u00e1togatott feln\u0151tt f\u00e9rfi I. csapatunk a MOL Magyar Kupa 2. fordul\u00f3j\u00e1ban, ahol a megyei els\u0151 oszt\u00e1lyt id\u00e9n gy\u0151zelemmel kezd\u0151, az el\u0151z\u0151 szezonban pedig m\u00e1sodik helyezett hazaiak v\u00e1rt\u00e1k Kertai D\u00e1niel\u00e9ket. A tavaszi s\u00e9r\u00fcl\u00e9s\u00e9t lassan teljesen kihever\u0151 v\u00e9d\u0151nk ez\u00fattal is v\u00e9gigj\u00e1tszotta a kupatal\u00e1lkoz\u00f3t, \u00e9s az els\u0151 fordul\u00f3hoz hasonl\u00f3an ism\u00e9t betal\u00e1lt, ak\u00e1rcsak k\u00e9t \u00faj ny\u00e1ri igazol\u00e1sunk, Borb\u00e9ly Bence \u00e9s Babinszky Bence a v\u00e9g\u00fcl 3-2-re megnyert tal\u00e1lkoz\u00f3n.<\/strong><\/p>\n<p>A 2021\/2022-es szezont eddig majdhogynem szerda-szombat ritmusban j\u00e1tsz\u00f3 Kelen h\u00e1rom r\u00fagott g\u00f3lja teh\u00e1t el\u00e9g volt a gy\u0151zelemhez \u00e9s a tov\u00e1bbjut\u00e1shoz, azonban a P\u00e9csv\u00e1rad SE v\u00e9gig k\u00f6zel tudott maradni csapatunkhoz, \u00edgy a h\u00e1rmas s\u00edpsz\u00f3ig ny\u00edlt maradt a tal\u00e1lkoz\u00f3. A meccsen hamar, m\u00e1r a hetedik percben megszerezte a vezet\u00e9st csapatunk Borb\u00e9ly Bence r\u00e9v\u00e9n, az el\u0151ny pedig kitartott eg\u00e9szen a sz\u00fcnetig. Arr\u00f3l visszat\u00e9rve azt\u00e1n az 55. percben egyenl\u00edteni tudtak a hazaiak \u00e9s annak ellen\u00e9re, hogy a Kelen ir\u00e1ny\u00edtotta a m\u00e9rk\u0151z\u00e9st, lez\u00e1ratlan maradt a tov\u00e1bbjut\u00e1s k\u00e9rd\u00e9se.<\/p>\n<p>J\u00f3l reag\u00e1lt ugyanakkor a Kelen, amely \u00f6t perccel k\u00e9s\u0151bb \u00e9s \u00f6t perc alatt k\u00e9tszer is v\u00e1laszolt, el\u0151bb a 61. percben Babinszky, majd a 66-ban Kertai r\u00e9v\u00e9n ezzel kett\u0151 g\u00f3losra n\u00f6velve el\u0151ny\u00fcnket. Persze a hazaiak sem adt\u00e1k k\u00f6nnyen a tov\u00e1bbjut\u00e1st, \u00e9s T\u00f3th Adri\u00e1n r\u00e9v\u00e9n a 77. percben ism\u00e9t felj\u00f6tt egyre a P\u00e9csv\u00e1rad, ezzel eg\u00e9szen a tal\u00e1lkoz\u00f3 v\u00e9g\u00e9ig ny\u00edlt maradt a m\u00e9rk\u0151z\u00e9s. Szerencs\u00e9re csapatunk j\u00f3l kezelte a nyom\u00e1st \u00e9s megtartotta el\u0151ny\u00e9t, \u00edgy tov\u00e1bbjutott a MOL Magyar Kupa 3. fordul\u00f3j\u00e1ba, amelyet el\u0151rel\u00e1that\u00f3lag szeptember 18-\u00e1n rendeznek majd.<\/p>\n<p><strong>A m\u00e9rk\u0151z\u00e9st k\u00f6vet\u0151en vezet\u0151edz\u0151nk, Harmati Tam\u00e1s \u00e9rt\u00e9kelte a tal\u00e1lkoz\u00f3t.<\/strong><\/p>\n<blockquote>\n<p style=\"font-weight: 400;\"><em>&#8211; T\u00f6bb c\u00e9lt is megfogalmaztunk a m\u00e9rk\u0151z\u00e9s el\u0151tt, k\u00f6z\u00fcl\u00fck a k\u00e9t legfontosabbat siker\u00fclt is el\u00e9rn\u00fcnk, mert tov\u00e1bbjutottunk a k\u00f6vetkez\u0151 k\u00f6rbe \u00e9s mindezt a rendes j\u00e1t\u00e9kid\u0151ben siker\u00fclt kiv\u00edvnunk. A t\u00f6bbit csak r\u00e9szben siker\u00fclt teljes\u00edteni, de \u00f6sszess\u00e9g\u00e9ben \u00edgy sem lehet\u00fcnk el\u00e9gedetlenek. A m\u00e9rk\u0151z\u00e9st j\u00f3l kezdt\u00fck, de az el\u0151ny\u00fcnket nem tudtuk n\u00f6velni, abban az id\u0151szakban, amikor mez\u0151nyf\u00f6l\u00e9nyben voltunk, ez\u00e9rt szinte v\u00e9gig ny\u00edlt maradt a tal\u00e1lkoz\u00f3. A fordul\u00f3pontokban azonban siker\u00fclt realiz\u00e1lnunk a k\u00fcl\u00f6nbs\u00e9get, \u00fagyhogy meg\u00e9rdemelten jutottunk tov\u00e1bb. Ez\u00fattal a dics\u00e9ret azonban nem csak a j\u00e1t\u00e9kosaimnak j\u00e1r, hanem a hazai csapatnak is, akik v\u00e9gig nagyon kultur\u00e1ltan \u00e9s lelkesen j\u00e1tszottak, sok sikert k\u00edv\u00e1nunk nekik a bajnoks\u00e1gukban! A gy\u0151zelmet k\u00f6vet\u0151en le is z\u00e1rtuk a m\u00e9rk\u0151z\u00e9st \u00e9s m\u00e1r a szerdai bajnokira koncentr\u00e1lunk, hogy min\u00e9l jobb eredm\u00e9nyt tudjunk majd el\u00e9rni a Nagykanizsa csapata ellen.<\/em><\/p>\n<\/blockquote>\n<h3 style=\"font-weight: 400;\"><strong>Hajr\u00e1 Kelen SC!<\/strong><\/h3>\n<p style=\"font-weight: 400;\"><em>Fot\u00f3: Kanizsay Zolt\u00e1n<\/em><\/p>\n","protected":false},"excerpt":{"rendered":"<p>Kultur\u00e1ltan futballoz\u00f3 \u00e9s lelkes hazai csapat fogadta Harmati Tam\u00e1s\u00e9kat P\u00e9csv\u00e1radon a Magyar Kupa 2. fordul\u00f3j\u00e1ban, ahol meg kellett dolgozni a tov\u00e1bbjut\u00e1s\u00e9rt. Az orsz\u00e1g legd\u00e9lebbi megy\u00e9j\u00e9be, a baranyai P\u00e9csv\u00e1radra l\u00e1togatott feln\u0151tt f\u00e9rfi I. csapatunk a MOL Magyar Kupa 2. fordul\u00f3j\u00e1ban, ahol a megyei els\u0151 oszt\u00e1lyt id\u00e9n gy\u0151zelemmel kezd\u0151, az el\u0151z\u0151 szezonban pedig m\u00e1sodik helyezett hazaiak v\u00e1rt\u00e1k&#8230;<\/p>\n","protected":false},"author":1375,"featured_media":18445,"comment_status":"closed","ping_status":"closed","sticky":false,"template":"","format":"standard","meta":{"inline_featured_image":false,"_exactmetrics_skip_tracking":false,"_exactmetrics_sitenote_active":false,"_exactmetrics_sitenote_note":"","_exactmetrics_sitenote_category":0,"footnotes":""},"categories":[11],"tags":[],"_links":{"self":[{"href":"https:\/\/kelensc.hu\/index.php\/wp-json\/wp\/v2\/posts\/18430"}],"collection":[{"href":"https:\/\/kelensc.hu\/index.php\/wp-json\/wp\/v2\/posts"}],"about":[{"href":"https:\/\/kelensc.hu\/index.php\/wp-json\/wp\/v2\/types\/post"}],"author":[{"embeddable":true,"href":"https:\/\/kelensc.hu\/index.php\/wp-json\/wp\/v2\/users\/1375"}],"replies":[{"embeddable":true,"href":"https:\/\/kelensc.hu\/index.php\/wp-json\/wp\/v2\/comments?post=18430"}],"version-history":[{"count":2,"href":"https:\/\/kelensc.hu\/index.php\/wp-json\/wp\/v2\/posts\/18430\/revisions"}],"predecessor-version":[{"id":18447,"href":"https:\/\/kelensc.hu\/index.php\/wp-json\/wp\/v2\/posts\/18430\/revisions\/18447"}],"wp:featuredmedia":[{"embeddable":true,"href":"https:\/\/kelensc.hu\/index.php\/wp-json\/wp\/v2\/media\/18445"}],"wp:attachment":[{"href":"https:\/\/kelensc.hu\/index.php\/wp-json\/wp\/v2\/media?parent=18430"}],"wp:term":[{"taxonomy":"category","embeddable":true,"href":"https:\/\/kelensc.hu\/index.php\/wp-json\/wp\/v2\/categories?post=18430"},{"taxonomy":"post_tag","embeddable":true,"href":"https:\/\/kelensc.hu\/index.php\/wp-json\/wp\/v2\/tags?post=18430"}],"curies":[{"name":"wp","href":"https:\/\/api.w.org\/{rel}","templated":true}]}}