{"id":18407,"date":"2021-08-24T07:51:54","date_gmt":"2021-08-24T06:51:54","guid":{"rendered":"https:\/\/kelensc.hu\/?p=18407"},"modified":"2021-08-24T07:51:54","modified_gmt":"2021-08-24T06:51:54","slug":"kozel-az-eselyesekhez","status":"publish","type":"post","link":"https:\/\/kelensc.hu\/index.php\/kozel-az-eselyesekhez\/","title":{"rendered":"K\u00f6zel az es\u00e9lyesekhez"},"content":{"rendered":"<h3>H\u00e1rom gy\u0151ztes, \u00e9s egy d\u00f6ntetlennel v\u00e9gz\u0151d\u0151 tal\u00e1lkoz\u00f3t k\u00f6vet\u0151en els\u0151 \u00edzben maradt alul a szezonban a feln\u0151tt f\u00e9rfi Kelen t\u00e9tm\u00e9rk\u0151z\u00e9sen vas\u00e1rnap. A BVSC elleni egyg\u00f3los veres\u00e9g ugyanakkor legal\u00e1bb annyira biztat\u00f3 a bajnoks\u00e1gra n\u00e9zve, mint amennyire f\u00e1j\u00f3 az eredm\u00e9ny.<\/h3>\n<figure id=\"attachment_18408\" aria-describedby=\"caption-attachment-18408\" style=\"width: 1640px\" class=\"wp-caption alignnone\"><img decoding=\"async\" loading=\"lazy\" class=\"wp-image-18408 size-full\" src=\"https:\/\/kelensc.hu\/wp-content\/uploads\/2021\/08\/DSC0095-2.jpg\" alt=\"\" width=\"1640\" height=\"921\" srcset=\"https:\/\/kelensc.hu\/wp-content\/uploads\/2021\/08\/DSC0095-2.jpg 1640w, https:\/\/kelensc.hu\/wp-content\/uploads\/2021\/08\/DSC0095-2-640x359.jpg 640w, https:\/\/kelensc.hu\/wp-content\/uploads\/2021\/08\/DSC0095-2-1280x719.jpg 1280w, https:\/\/kelensc.hu\/wp-content\/uploads\/2021\/08\/DSC0095-2-768x431.jpg 768w, https:\/\/kelensc.hu\/wp-content\/uploads\/2021\/08\/DSC0095-2-1536x863.jpg 1536w, https:\/\/kelensc.hu\/wp-content\/uploads\/2021\/08\/DSC0095-2-320x180.jpg 320w, https:\/\/kelensc.hu\/wp-content\/uploads\/2021\/08\/DSC0095-2-382x215.jpg 382w, https:\/\/kelensc.hu\/wp-content\/uploads\/2021\/08\/DSC0095-2-641x360.jpg 641w\" sizes=\"(max-width: 1640px) 100vw, 1640px\" \/><figcaption id=\"caption-attachment-18408\" class=\"wp-caption-text\">Zima \u00c1d\u00e1m m\u00e1r h\u00e1rom b\u00fcntet\u0151t h\u00e1r\u00edtott az idei bajnoks\u00e1gban, vas\u00e1rnap r\u00f6gt\u00f6n kett\u0151t is<\/figcaption><\/figure>\n<p><strong>Vas\u00e1rnap az NBIII. Nyugati csoportj\u00e1nak legnagyobb izgalommal v\u00e1rt m\u00e9rk\u0151z\u00e9s\u00e9t rendezte meg klubunk a negyedik fordul\u00f3b\u00f3l, hiszen a j\u00e1t\u00e9knap el\u0151tt veretlen \u00e9s tabella-m\u00e1sodik Kelen, \u00e9s a t\u0151le csup\u00e1n egy ponttal lemarad\u00f3 BVSC-Zugl\u00f3 j\u00e1tszott egym\u00e1ssal a Hunyadi M\u00e1ty\u00e1s \u00faton.<\/strong><\/p>\n<p>A kor\u00e1bbi magyar v\u00e1logatott, Buzs\u00e1ky \u00c1kos vezette vend\u00e9g csapatot komoly \u00e9lvonalbeli tapasztalattal rendelkez\u0151 j\u00e1t\u00e9kosok alkotj\u00e1k, akik a 2020\/2021-es szezonban is a dobog\u00f3 m\u00e1sodik fok\u00e1n v\u00e9geztek a bajnoks\u00e1gban, \u00edgy most is feljut\u00e1si rem\u00e9nyekkel v\u00e1rj\u00e1k a szezont. Az oszt\u00e1lyba frissen visszajut\u00f3 Harmati Tam\u00e1s\u00e9k teh\u00e1t az NBIII. Nyugati csoportj\u00e1nak egyik es\u00e9lyes\u00e9vel tal\u00e1lkoztak a h\u00e9tv\u00e9gi fordul\u00f3ban, ami a kezdeti sikerek ut\u00e1n remek er\u0151felm\u00e9r\u0151nek bizonyult.<\/p>\n<p>A m\u00e9rk\u0151z\u00e9s azt\u00e1n l\u00e1tv\u00e1nyos temp\u00f3t hozott az els\u0151 percekt\u0151l kezdve igaz, nem felt\u00e9tlen\u00fcl a j\u00e1t\u00e9k domin\u00e1lt, sokkal ink\u00e1bb \u00e9les p\u00e1rharcok jellemezt\u00e9k az \u00f6sszecsap\u00e1st. A huszadik percre m\u00e1r h\u00e1rom s\u00e1rga lapot is kiosztott a j\u00e1t\u00e9kvezet\u0151, illetve egy b\u00fcntet\u0151t is meg\u00edt\u00e9lt a vend\u00e9gek jav\u00e1ra, amit ugyanakkor a Kelen kapusa, Zima \u00c1d\u00e1m j\u00f3 szok\u00e1s\u00e1hoz h\u00edven h\u00e1r\u00edtott. Er\u0151s volt teh\u00e1t a meccskezd\u00e9s, amibe id\u0151vel l\u00e1tv\u00e1nyos j\u00e1t\u00e9kelemek is ker\u00fcltek, \u00edgy volt elemi er\u0151vel telibe tal\u00e1lt keresztl\u00e9c a vend\u00e9gek r\u00e9sz\u00e9r\u0151l, vagy \u00e9pp ziccerig j\u00e1tszott akci\u00f3 a hazaiak oldal\u00e1r\u00f3l. Ami v\u00e9g\u00fcl nyilv\u00e1nval\u00f3v\u00e1 v\u00e1lt az els\u0151 j\u00e1t\u00e9kr\u00e9szben, hogy a BVSC komoly er\u0151t k\u00e9pvisel, ugyanakkor a Kasza D\u00e1nielt \u00e9s Tim\u00e1ri Normant is n\u00e9lk\u00fcl\u00f6zni k\u00e9nyszer\u00fcl\u0151 Kelen k\u00e9pes \u00e1llni a sarat.<\/p>\n<figure id=\"attachment_18409\" aria-describedby=\"caption-attachment-18409\" style=\"width: 1561px\" class=\"wp-caption alignnone\"><img decoding=\"async\" loading=\"lazy\" class=\"wp-image-18409 size-full\" src=\"https:\/\/kelensc.hu\/wp-content\/uploads\/2021\/08\/DSC0104.jpg\" alt=\"\" width=\"1561\" height=\"879\" srcset=\"https:\/\/kelensc.hu\/wp-content\/uploads\/2021\/08\/DSC0104.jpg 1561w, https:\/\/kelensc.hu\/wp-content\/uploads\/2021\/08\/DSC0104-640x360.jpg 640w, https:\/\/kelensc.hu\/wp-content\/uploads\/2021\/08\/DSC0104-1280x721.jpg 1280w, https:\/\/kelensc.hu\/wp-content\/uploads\/2021\/08\/DSC0104-768x432.jpg 768w, https:\/\/kelensc.hu\/wp-content\/uploads\/2021\/08\/DSC0104-1536x865.jpg 1536w, https:\/\/kelensc.hu\/wp-content\/uploads\/2021\/08\/DSC0104-320x180.jpg 320w, https:\/\/kelensc.hu\/wp-content\/uploads\/2021\/08\/DSC0104-382x215.jpg 382w, https:\/\/kelensc.hu\/wp-content\/uploads\/2021\/08\/DSC0104-641x361.jpg 641w\" sizes=\"(max-width: 1561px) 100vw, 1561px\" \/><figcaption id=\"caption-attachment-18409\" class=\"wp-caption-text\">K\u0151kem\u00e9ny bel\u00e9p\u0151k \u00e9s magas temp\u00f3 jellemezte a vas\u00e1rnapi m\u00e9rk\u0151z\u00e9st<\/figcaption><\/figure>\n<p>A m\u00e1sodik f\u00e9lid\u0151t azt\u00e1n nagy lend\u00fclettel kezdte Harmati Tam\u00e1s egy\u00fcttese, \u00e9s t\u00f6bbsz\u00f6r is siker\u00fclt megkavarnia az ellenf\u00e9l v\u00e9delm\u00e9t, K\u00e1d\u00e1r M\u00e1t\u00e9 r\u00e9v\u00e9n pedig ism\u00e9t ziccerig jutott, sz\u00e9ls\u0151nk kapura tart\u00f3 labd\u00e1ja azonban a fels\u0151 l\u00e9cen csattant. A vend\u00e9gek ezt k\u00f6vet\u0151en sz\u00e9pen lassan \u00e1tvett\u00e9k a m\u00e9rk\u0151z\u00e9s ir\u00e1ny\u00edt\u00e1s\u00e1t \u00e9s k\u00e9pesek voltak kitart\u00f3an is nyom\u00e1st gyakorolni a v\u00e9delm\u00fcnkre, aminek \u00fajabb tizenegyes lett az eredm\u00e9nye. Zima \u00c1d\u00e1m azonban mintha megbabon\u00e1zn\u00e1\u00a0 a Kelen p\u00e1ly\u00e1n b\u00fcntet\u0151t elv\u00e9gz\u0151 j\u00e1t\u00e9kosokat, \u00e9s a m\u00e9rk\u0151z\u00e9sen m\u00e1r m\u00e1sodj\u00e1ra, az idei bajnoks\u00e1gban harmadj\u00e1ra h\u00e1r\u00edtotta a tizenegyest. A Kelen teh\u00e1t tartotta mag\u00e1t, v\u00e9g\u00fcl a 73. percben kapitul\u00e1lt, a 0-1 pedig k\u00e9s\u0151bb a v\u00e9geredm\u00e9nynek is bizonyult.<\/p>\n<p>Kis szerencs\u00e9vel \u00e9s a helyzeteink \u00e9rt\u00e9kes\u00edt\u00e9s\u00e9vel ak\u00e1r meglepet\u00e9st is okozhatott volna csapatunk, azonban a m\u00e9rk\u0151z\u00e9s k\u00e9pe alapj\u00e1n az egyg\u00f3los veres\u00e9g ellen\u00e9re is joggal bizakodhatnak az id\u00e9n tisztes helyt\u00e1ll\u00e1sban a Kelen szurkol\u00f3k.<\/p>\n<blockquote><p><em>&#8211; A mai nap a bajnoks\u00e1gunk egyik nagy es\u00e9lyes\u00e9st fogadtuk<\/em> &#8211; <strong>kezdte \u00e9rt\u00e9kel\u00e9s\u00e9t vezet\u0151edz\u0151nk, Harmati Tam\u00e1s.<\/strong> &#8211; El\u0151zetesen<em> szerett\u00fcnk volna egy olyan meccset j\u00e1tszani, ahol k\u00f6zel tudunk lenni a vend\u00e9gekhez, \u00e9s ahol fel tudjuk m\u00e9rni, hogy hol is tartunk. A 90 perc sor\u00e1n sok visszajelz\u00e9st kaptunk, amib\u0151l tanulhatunk \u00e9s ami meger\u0151s\u00edti azt a munk\u00e1t, amit v\u00e9gz\u00fcnk. Voltak kifejezetten j\u00f3 peri\u00f3dusaink, de el\u0151l nem tudtunk el\u00e9g hat\u00e9konyak lenni\u00a0 a nagy helyzeteinkn\u00e9l. A mai nap sajnos nem siker\u00fclt a g\u00f3lszerz\u00e9s \u00e9s ez\u00e1ltal a pontszerz\u00e9s sem. Ez azonban nem t\u00f6r meg minket, ahogy eddig, \u00fagy most is a hely\u00e9n kezelj\u00fck az eredm\u00e9nyt, \u00e9s m\u00e1r k\u00e9sz\u00fcl\u00fcnk is a k\u00f6vetkez\u0151 feladatra.<\/em><\/p><\/blockquote>\n<p>Csapatunk legk\u00f6zelebb szeptember 1-\u00e9n, a Nagykanizsa ellen l\u00e9p p\u00e1ly\u00e1ra az NBIII-as bajnoks\u00e1gban, el\u0151tte azonban a MOL Magyar Kupa m\u00e1sodik fordul\u00f3j\u00e1ban szerepel szombaton a P\u00e9csv\u00e1rad vend\u00e9gek\u00e9nt.<\/p>\n<h3>Hajr\u00e1 Kelen!<\/h3>\n<p><em>Fot\u00f3k: Kanizsay Zolt\u00e1n<\/em><\/p>\n","protected":false},"excerpt":{"rendered":"<p>H\u00e1rom gy\u0151ztes, \u00e9s egy d\u00f6ntetlennel v\u00e9gz\u0151d\u0151 tal\u00e1lkoz\u00f3t k\u00f6vet\u0151en els\u0151 \u00edzben maradt alul a szezonban a feln\u0151tt f\u00e9rfi Kelen t\u00e9tm\u00e9rk\u0151z\u00e9sen vas\u00e1rnap. A BVSC elleni egyg\u00f3los veres\u00e9g ugyanakkor legal\u00e1bb annyira biztat\u00f3 a bajnoks\u00e1gra n\u00e9zve, mint amennyire f\u00e1j\u00f3 az eredm\u00e9ny. Vas\u00e1rnap az NBIII. Nyugati csoportj\u00e1nak legnagyobb izgalommal v\u00e1rt m\u00e9rk\u0151z\u00e9s\u00e9t rendezte meg klubunk a negyedik fordul\u00f3b\u00f3l, hiszen a j\u00e1t\u00e9knap&#8230;<\/p>\n","protected":false},"author":1375,"featured_media":18408,"comment_status":"closed","ping_status":"closed","sticky":false,"template":"","format":"standard","meta":{"inline_featured_image":false,"_exactmetrics_skip_tracking":false,"_exactmetrics_sitenote_active":false,"_exactmetrics_sitenote_note":"","_exactmetrics_sitenote_category":0,"footnotes":""},"categories":[11],"tags":[],"_links":{"self":[{"href":"https:\/\/kelensc.hu\/index.php\/wp-json\/wp\/v2\/posts\/18407"}],"collection":[{"href":"https:\/\/kelensc.hu\/index.php\/wp-json\/wp\/v2\/posts"}],"about":[{"href":"https:\/\/kelensc.hu\/index.php\/wp-json\/wp\/v2\/types\/post"}],"author":[{"embeddable":true,"href":"https:\/\/kelensc.hu\/index.php\/wp-json\/wp\/v2\/users\/1375"}],"replies":[{"embeddable":true,"href":"https:\/\/kelensc.hu\/index.php\/wp-json\/wp\/v2\/comments?post=18407"}],"version-history":[{"count":2,"href":"https:\/\/kelensc.hu\/index.php\/wp-json\/wp\/v2\/posts\/18407\/revisions"}],"predecessor-version":[{"id":18411,"href":"https:\/\/kelensc.hu\/index.php\/wp-json\/wp\/v2\/posts\/18407\/revisions\/18411"}],"wp:featuredmedia":[{"embeddable":true,"href":"https:\/\/kelensc.hu\/index.php\/wp-json\/wp\/v2\/media\/18408"}],"wp:attachment":[{"href":"https:\/\/kelensc.hu\/index.php\/wp-json\/wp\/v2\/media?parent=18407"}],"wp:term":[{"taxonomy":"category","embeddable":true,"href":"https:\/\/kelensc.hu\/index.php\/wp-json\/wp\/v2\/categories?post=18407"},{"taxonomy":"post_tag","embeddable":true,"href":"https:\/\/kelensc.hu\/index.php\/wp-json\/wp\/v2\/tags?post=18407"}],"curies":[{"name":"wp","href":"https:\/\/api.w.org\/{rel}","templated":true}]}}