{"id":18384,"date":"2021-08-16T13:16:11","date_gmt":"2021-08-16T12:16:11","guid":{"rendered":"https:\/\/kelensc.hu\/?p=18384"},"modified":"2021-08-16T13:16:11","modified_gmt":"2021-08-16T12:16:11","slug":"tovabbra-is-veretlenul","status":"publish","type":"post","link":"https:\/\/kelensc.hu\/index.php\/tovabbra-is-veretlenul\/","title":{"rendered":"Tov\u00e1bbra is veretlen\u00fcl"},"content":{"rendered":"<h3>Ism\u00e9t idegenben szerzett pontot a feln\u0151tt f\u00e9rfi Kelen, amely a bajnoks\u00e1g 3. fordul\u00f3j\u00e1ban a Kaposv\u00e1ri R\u00e1k\u00f3czi vend\u00e9gek\u00e9nt j\u00e1tszott 1-1-es d\u00f6ntetlent.<\/h3>\n<figure id=\"attachment_18385\" aria-describedby=\"caption-attachment-18385\" style=\"width: 1336px\" class=\"wp-caption alignnone\"><img decoding=\"async\" loading=\"lazy\" class=\"wp-image-18385 size-full\" src=\"https:\/\/kelensc.hu\/wp-content\/uploads\/2021\/08\/Babinszky.jpg\" alt=\"\" width=\"1336\" height=\"891\" srcset=\"https:\/\/kelensc.hu\/wp-content\/uploads\/2021\/08\/Babinszky.jpg 1336w, https:\/\/kelensc.hu\/wp-content\/uploads\/2021\/08\/Babinszky-640x427.jpg 640w, https:\/\/kelensc.hu\/wp-content\/uploads\/2021\/08\/Babinszky-1280x854.jpg 1280w, https:\/\/kelensc.hu\/wp-content\/uploads\/2021\/08\/Babinszky-768x512.jpg 768w, https:\/\/kelensc.hu\/wp-content\/uploads\/2021\/08\/Babinszky-320x213.jpg 320w, https:\/\/kelensc.hu\/wp-content\/uploads\/2021\/08\/Babinszky-382x255.jpg 382w, https:\/\/kelensc.hu\/wp-content\/uploads\/2021\/08\/Babinszky-641x427.jpg 641w\" sizes=\"(max-width: 1336px) 100vw, 1336px\" \/><figcaption id=\"caption-attachment-18385\" class=\"wp-caption-text\">Az Andr\u00e1shida elleni dupl\u00e1j\u00e1t k\u00f6vet\u0151en a Kaposv\u00e1r ellen is g\u00f3lt szerzett csapatunk ny\u00e1ri szerzem\u00e9nye, Babinszky Bence<\/figcaption><\/figure>\n<p><strong>L\u00e1nyk\u00e9r\u00e9ssel kezd\u0151d\u00f6tt a vas\u00e1rnap esti futballprogram a kaposv\u00e1ri R\u00e1k\u00f3czi Stadionban, hiszen a hazaiak t\u00e1mad\u00f3ja, J\u00e1nos Norbert a m\u00e9rk\u0151z\u00e9s kezdete el\u0151tt, a kezd\u0151k\u00f6rben k\u00e9rte meg kedvese kez\u00e9t, \u00edgy izgalmas \u00e9rzelmi t\u00f6ltettel indult a tal\u00e1lkoz\u00f3. Nem tudni, hogy ez hatott-e motiv\u00e1ci\u00f3k\u00e9nt a hazaiakra, mindenesetre a p\u00e1r \u00e9ve m\u00e9g \u00e9lvonalbeli Kaposv\u00e1r j\u00f3l kezdte a m\u00e9rk\u0151z\u00e9st, \u00e9s t\u00f6bbsz\u00f6r is a saj\u00e1t kapuja el\u00e9 tudta szor\u00edtani a Kelent.<\/strong><\/p>\n<p>A m\u00e9rk\u0151z\u00e9s el\u0151tt csup\u00e1n egy pontot szerz\u0151 hazaiak azt\u00e1n ki is haszn\u00e1lt\u00e1k f\u00f6l\u00e9ny\u00fcket, \u00e9s az els\u0151 negyed\u00f3ra v\u00e9g\u00e9hez k\u00f6zeledve percekre \u00e1lland\u00f3s\u00edtott\u00e1k azt az \u00e1llapotot, hogy a labda a Kelen tizenhatosa magass\u00e1g\u00e1ban maradjon. A 16. percben azt\u00e1n egy bedob\u00e1st k\u00f6vet\u0151en siker\u00fclt ism\u00e9t a b\u00fcntet\u0151ter\u00fcleten bel\u00fclre juttatni a j\u00e1t\u00e9kszert, ahol egy kisebb kavarod\u00e1st k\u00f6vet\u0151en Hars\u00e1nyi D\u00e1niel v\u00e1gta be azt f\u00e9lmagasan Zima \u00c1d\u00e1m kapuj\u00e1ba, ezzel megszerezte a vezet\u00e9st a Kaposv\u00e1r.<\/p>\n<p>Harmati Tam\u00e1s j\u00e1t\u00e9kosaira ugyanakkor nem b\u00e9n\u00edt\u00f3lag, hanem \u00e9breszt\u0151k\u00e9nt hatott a bekapott g\u00f3l, \u00e9s fokozatosan k\u00e9pesek voltak \u00e1tvenni a j\u00e1t\u00e9k ir\u00e1ny\u00edt\u00e1s\u00e1t. A kisebb kihagy\u00e1sok ellen\u00e9re \u00fagy t\u0171nt, a Kelen \u00e9rv\u00e9nyes\u00edti az akarat\u00e1t a j\u00e1t\u00e9kr\u00e9sz m\u00e1sodik fel\u00e9ben, az utols\u00f3 percben pedig g\u00f3lnak is \u00f6r\u00fclhetett. A f\u00e9lid\u0151 v\u00e9ge el\u0151tt pillanatokkal ugyanis szabadr\u00fag\u00e1shoz jutott a Kelen \u00fagy harminc m\u00e9terre az ellenf\u00e9l kapuj\u00e1t\u00f3l, amire m\u00e9g j\u00f3l reag\u00e1lt a hazai v\u00e9delem, ugyanakkor a r\u00f6gt\u00f6n visszaszerzett labd\u00e1val j\u00f3l megmozgatta a kaposv\u00e1ri v\u00e9delmet a csapat, \u00edgy Erdei Andr\u00e1snak ad\u00f3dott lehet\u0151s\u00e9ge, hogy bel\u00f6bb\u00f6lje a labd\u00e1t a kapu el\u0151ter\u00e9be. Ott azt\u00e1n senki nem reag\u00e1lt el\u00e9g hat\u00e1rozottan a vesz\u00e9lyre, kiv\u00e9tel a lend\u00fcletb\u0151l \u00e9rkez\u0151 Babinszky Bence, aki lecsapott az el\u00e9 csorg\u00f3 labd\u00e1ra, \u00e9s ballal begy\u00f6t\u00f6rte azt a hazai kapuba.<\/p>\n<p><strong>A f\u00e9lid\u0151re \u00edgy teh\u00e1t kialakult a v\u00e9geredm\u00e9nyt is, noha a m\u00e1sodik f\u00e9lid\u0151 is ki\u00e9lezett j\u00e1t\u00e9kot hozott. A m\u00e9rk\u0151z\u00e9st k\u00f6vet\u0151en Harmati Tam\u00e1s vegyes \u00e9rzelmekkel \u00e9rt\u00e9kelt.<\/strong><\/p>\n<blockquote><p><em>&#8211; Nagyon k\u00fczdelmes 90 percen vagyunk t\u00fal, ahol \u00e9rz\u00e9sem szerint igazs\u00e1gos d\u00f6ntetlen sz\u00fcletett. A hazai csapat kezdte \u00e9s fejezte be jobban a m\u00e9rk\u0151z\u00e9st, a k\u00f6zte l\u00e9v\u0151 id\u0151szakban viszont a mi j\u00e1t\u00e9kunk, akaratunk \u00e9rv\u00e9nyes\u00fclt. Azokban a jobb peri\u00f3dusokban a Kaposv\u00e1r \u00e9s mi is csak egy-egy g\u00f3lra voltunk k\u00e9pesek, \u00edgy alakult ki a v\u00e9geredm\u00e9ny. J\u00f3 volt l\u00e1tni, hogy a j\u00e1t\u00e9kosaim kicsit csal\u00f3dottan \u00e9lt\u00e9k meg ezt az eredm\u00e9nyt, mert mindenki gy\u0151zni akart, de azt gondolom van \u00e9rt\u00e9ke ennek a d\u00f6ntetlennek \u00e9s a vele j\u00e1r\u00f3 egy pontnak. Gratul\u00e1lok a csapatomnak!<\/em><\/p><\/blockquote>\n<p><strong>Az NBIII. Nyugati csoportj\u00e1nak 3. fordul\u00f3j\u00e1t k\u00f6vet\u0151en m\u00e1sodik helyen \u00e1ll\u00f3 Kelen, legk\u00f6zelebb vas\u00e1rnap fogadja hazai p\u00e1ly\u00e1n a BVSC Zugl\u00f3 egy\u00fcttes\u00e9t, 17:30-as kezd\u00e9ssel.<\/strong><\/p>\n<h3><strong>Hajr\u00e1 Kelen!<\/strong><\/h3>\n<p><em>Fot\u00f3: L\u00e1ng R\u00f3bert \u2013 sonline.hu<\/em><\/p>\n<p>&nbsp;<\/p>\n","protected":false},"excerpt":{"rendered":"<p>Ism\u00e9t idegenben szerzett pontot a feln\u0151tt f\u00e9rfi Kelen, amely a bajnoks\u00e1g 3. fordul\u00f3j\u00e1ban a Kaposv\u00e1ri R\u00e1k\u00f3czi vend\u00e9gek\u00e9nt j\u00e1tszott 1-1-es d\u00f6ntetlent. L\u00e1nyk\u00e9r\u00e9ssel kezd\u0151d\u00f6tt a vas\u00e1rnap esti futballprogram a kaposv\u00e1ri R\u00e1k\u00f3czi Stadionban, hiszen a hazaiak t\u00e1mad\u00f3ja, J\u00e1nos Norbert a m\u00e9rk\u0151z\u00e9s kezdete el\u0151tt, a kezd\u0151k\u00f6rben k\u00e9rte meg kedvese kez\u00e9t, \u00edgy izgalmas \u00e9rzelmi t\u00f6ltettel indult a tal\u00e1lkoz\u00f3. Nem tudni,&#8230;<\/p>\n","protected":false},"author":1375,"featured_media":18385,"comment_status":"closed","ping_status":"closed","sticky":false,"template":"","format":"standard","meta":{"inline_featured_image":false,"_exactmetrics_skip_tracking":false,"_exactmetrics_sitenote_active":false,"_exactmetrics_sitenote_note":"","_exactmetrics_sitenote_category":0,"footnotes":""},"categories":[11],"tags":[],"_links":{"self":[{"href":"https:\/\/kelensc.hu\/index.php\/wp-json\/wp\/v2\/posts\/18384"}],"collection":[{"href":"https:\/\/kelensc.hu\/index.php\/wp-json\/wp\/v2\/posts"}],"about":[{"href":"https:\/\/kelensc.hu\/index.php\/wp-json\/wp\/v2\/types\/post"}],"author":[{"embeddable":true,"href":"https:\/\/kelensc.hu\/index.php\/wp-json\/wp\/v2\/users\/1375"}],"replies":[{"embeddable":true,"href":"https:\/\/kelensc.hu\/index.php\/wp-json\/wp\/v2\/comments?post=18384"}],"version-history":[{"count":1,"href":"https:\/\/kelensc.hu\/index.php\/wp-json\/wp\/v2\/posts\/18384\/revisions"}],"predecessor-version":[{"id":18386,"href":"https:\/\/kelensc.hu\/index.php\/wp-json\/wp\/v2\/posts\/18384\/revisions\/18386"}],"wp:featuredmedia":[{"embeddable":true,"href":"https:\/\/kelensc.hu\/index.php\/wp-json\/wp\/v2\/media\/18385"}],"wp:attachment":[{"href":"https:\/\/kelensc.hu\/index.php\/wp-json\/wp\/v2\/media?parent=18384"}],"wp:term":[{"taxonomy":"category","embeddable":true,"href":"https:\/\/kelensc.hu\/index.php\/wp-json\/wp\/v2\/categories?post=18384"},{"taxonomy":"post_tag","embeddable":true,"href":"https:\/\/kelensc.hu\/index.php\/wp-json\/wp\/v2\/tags?post=18384"}],"curies":[{"name":"wp","href":"https:\/\/api.w.org\/{rel}","templated":true}]}}