{"id":18353,"date":"2021-08-12T13:33:40","date_gmt":"2021-08-12T12:33:40","guid":{"rendered":"https:\/\/kelensc.hu\/?p=18353"},"modified":"2021-08-12T13:33:40","modified_gmt":"2021-08-12T12:33:40","slug":"gyozelemmel-debutalt-a-kelen-sporttelep","status":"publish","type":"post","link":"https:\/\/kelensc.hu\/index.php\/gyozelemmel-debutalt-a-kelen-sporttelep\/","title":{"rendered":"Gy\u0151zelemmel deb\u00fct\u00e1lt a Kelen sporttelep!"},"content":{"rendered":"<h3>L\u00e1tv\u00e1nyos m\u00e9rk\u0151z\u00e9sen, 5-1-re nyert hazai p\u00e1ly\u00e1n feln\u0151tt f\u00e9rfi csapatunk a bajnoks\u00e1g 2. fordul\u00f3j\u00e1ban, ezzel az NBIII-as meccshelysz\u00ednk\u00e9nt el\u0151sz\u00f6r szerepl\u0151 Hunyadi M\u00e1ty\u00e1s \u00fati sporttelep gy\u0151zelemmel deb\u00fct\u00e1lt a sorozatban.<\/h3>\n<p>&nbsp;<\/p>\n<figure id=\"attachment_18369\" aria-describedby=\"caption-attachment-18369\" style=\"width: 1194px\" class=\"wp-caption alignnone\"><img decoding=\"async\" loading=\"lazy\" class=\"wp-image-18369 size-full\" src=\"https:\/\/kelensc.hu\/wp-content\/uploads\/2021\/08\/kapu.jpg\" alt=\"\" width=\"1194\" height=\"649\" srcset=\"https:\/\/kelensc.hu\/wp-content\/uploads\/2021\/08\/kapu.jpg 1194w, https:\/\/kelensc.hu\/wp-content\/uploads\/2021\/08\/kapu-640x348.jpg 640w, https:\/\/kelensc.hu\/wp-content\/uploads\/2021\/08\/kapu-768x417.jpg 768w, https:\/\/kelensc.hu\/wp-content\/uploads\/2021\/08\/kapu-320x174.jpg 320w, https:\/\/kelensc.hu\/wp-content\/uploads\/2021\/08\/kapu-382x208.jpg 382w, https:\/\/kelensc.hu\/wp-content\/uploads\/2021\/08\/kapu-641x348.jpg 641w\" sizes=\"(max-width: 1194px) 100vw, 1194px\" \/><figcaption id=\"caption-attachment-18369\" class=\"wp-caption-text\">Az \u00e9szaknyugati kapuba n\u00e9gy g\u00f3l is esett a Kelen p\u00e1lya els\u0151 NBIII-as m\u00e9rk\u0151z\u00e9s\u00e9n<\/figcaption><\/figure>\n<p><strong>K\u00e9t fordul\u00f3 ut\u00e1n nyilv\u00e1n korai ebb\u0151l a szemsz\u00f6gb\u0151l n\u00e9zni a helyzetet, de ami t\u00e9ny, az t\u00e9ny: az NBIII. Nyugati csoportj\u00e1nak listavezet\u0151je a Kelen SC! Az And\u00e1rshida elleni, nagyar\u00e1ny\u00fa gy\u0151zelmet k\u00f6vet\u0151en ugyanis a legjobb g\u00f3lk\u00fcl\u00f6nbs\u00e9ggel rendelkez\u0151 csapatk\u00e9nt a tabella els\u0151 hely\u00e9r\u0151l v\u00e1rhatja a 3. fordul\u00f3t.<\/strong><\/p>\n<p>Harmati Tam\u00e1s\u00e9k remek\u00fcl kezdt\u00e9k a szezont, hiszen a Balatonf\u00fcred elleni nyit\u00f3fordul\u00f3ban, \u00e9s a MOL Magyar Kupa 1. fordul\u00f3j\u00e1ban is idegenben tudtak gy\u0151zni, \u00edgy magabiztosan l\u00e9phettek p\u00e1ly\u00e1ra szerda d\u00e9lut\u00e1n a Kelen p\u00e1ly\u00e1ra \u00e9rkez\u0151 Andr\u00e1shida ellen is a bajnoks\u00e1g 2. fordul\u00f3j\u00e1ban.<\/p>\n<p>A Zala megyei I. oszt\u00e1ly tavalyi bajnoka ellen m\u00e1r hamar, a m\u00e9rk\u0151z\u00e9s 5. percben vezet\u00e9st szerzett klubunk, m\u00e9ghozz\u00e1 a Kelenhez ny\u00e1ron \u00e9rkez\u0151, tavalyi BLSZ I-es g\u00f3lkir\u00e1ly, Borb\u00e9ly Bence r\u00e9v\u00e9n, aki kiharcolta mag\u00e1nak, hogy ziccerbe ker\u00fclj\u00f6n, majd higgadtan \u00e9rt\u00e9kes\u00edtette is a lehet\u0151s\u00e9get. A sz\u00e9ls\u0151 g\u00f3lj\u00e1ra a szint\u00e9n ny\u00e1ron \u00e9rkezett Babinszky Bence dupl\u00e1zott r\u00e1 a 14. percben, \u00e1m n\u00e9gy perccel k\u00e9s\u0151bb sz\u00e9p\u00edtettek a vend\u00e9gek Szab\u00f3 Martin tal\u00e1lat\u00e1val, \u00edgy az eredm\u00e9nyt tekintve nem tudott igaz\u00e1n ell\u00e9pni a Kelen.<\/p>\n<p>A domin\u00e1nsan futballoz\u00f3 z\u00f6ld mezesek igyekeztek sorra kialak\u00edtani a helyzeteket, azonban az And\u00e1rshida v\u00e9delme &#8211; ha el is cs\u00faszott &#8211; nagyot k\u00fczdve mindig k\u00e9szen \u00e1llt a blokkol\u00e1sra, \u00edgy vagy a mieink durrantott\u00e1k mell\u00e9 a kisebb-nagyobb ziccereket, vagy a vend\u00e9g csapat v\u00e9delme fojtotta el a tov\u00e1bbi g\u00f3lszerz\u00e9si lehet\u0151s\u00e9geket. Az eredm\u00e9ny ennek f\u00e9ny\u00e9ben nem is v\u00e1ltozott m\u00e1r a f\u00e9lid\u0151t jelz\u0151 s\u00edpsz\u00f3ig, \u00edgy 2-1-es hazai vezet\u00e9sn\u00e9l vonulhattak pihen\u0151re a csapatok.<\/p>\n<figure id=\"attachment_18357\" aria-describedby=\"caption-attachment-18357\" style=\"width: 1590px\" class=\"wp-caption alignnone\"><img decoding=\"async\" loading=\"lazy\" class=\"wp-image-18357 size-full\" src=\"https:\/\/kelensc.hu\/wp-content\/uploads\/2021\/08\/tabella.jpg\" alt=\"\" width=\"1590\" height=\"842\" srcset=\"https:\/\/kelensc.hu\/wp-content\/uploads\/2021\/08\/tabella.jpg 1590w, https:\/\/kelensc.hu\/wp-content\/uploads\/2021\/08\/tabella-640x339.jpg 640w, https:\/\/kelensc.hu\/wp-content\/uploads\/2021\/08\/tabella-1280x678.jpg 1280w, https:\/\/kelensc.hu\/wp-content\/uploads\/2021\/08\/tabella-768x407.jpg 768w, https:\/\/kelensc.hu\/wp-content\/uploads\/2021\/08\/tabella-1536x813.jpg 1536w, https:\/\/kelensc.hu\/wp-content\/uploads\/2021\/08\/tabella-320x169.jpg 320w, https:\/\/kelensc.hu\/wp-content\/uploads\/2021\/08\/tabella-382x202.jpg 382w, https:\/\/kelensc.hu\/wp-content\/uploads\/2021\/08\/tabella-641x339.jpg 641w\" sizes=\"(max-width: 1590px) 100vw, 1590px\" \/><figcaption id=\"caption-attachment-18357\" class=\"wp-caption-text\">Most ak\u00e1r k\u00edv\u00e1nhatn\u00e1nk is egy, az ut\u00f3bbi \u00e9vekben t\u00f6bb sport\u00e1gban is haszn\u00e1latos z\u00e1r\u00f3tabell\u00e1t, de a Kelen els\u0151 h\u00e1rom idei meccse ut\u00e1n azt \u00e9rezni szurkol\u00f3k\u00e9nt, hogy ezt a csapatot sokat szeretn\u00e9nk l\u00e1tni j\u00e1tszani &#8211; no \u00e9s term\u00e9szetesen a k\u00f6z\u00f6ss\u00e9gi eg\u00e9szs\u00e9g is sz\u00edv\u00fcgy\u00fcnk<\/figcaption><\/figure>\n<p>A m\u00e1sodik j\u00e1t\u00e9kr\u00e9szben azt\u00e1n \u00fajra nekiesett ellenfel\u00e9nek a Kelen, \u00e9s 5 perc j\u00e1t\u00e9k ut\u00e1n So\u00f3s D\u00e1vid g\u00f3lj\u00e1val megintcsak k\u00e9tg\u00f3losra n\u0151tt a differencia. Igen \u00e1m, de a vend\u00e9geknek ism\u00e9t megadatott a lehet\u0151s\u00e9g a gyors felz\u00e1rk\u00f3z\u00e1sra: k\u00e9t perccel k\u00e9s\u0151bb ugyanis Zima \u00c1d\u00e1m &#8211; ugyan v\u00e9lem\u00e9nyes szitu\u00e1ci\u00f3ban, de a j\u00e1t\u00e9kvezet\u0151 \u00edt\u00e9lete szerint &#8211; buktatta a tizenhatoson bel\u00fcl az Andr\u00e1shida t\u00e1mad\u00f3j\u00e1t, a b\u00edr\u00f3 pedig a b\u00fcntet\u0151pontra mutatott. Kisebb k\u00f6zj\u00e1t\u00e9k ut\u00e1n ugyanakkor a 150 f\u0151nyi Kelen szurkol\u00f3t\u00e1bor hangos sz\u00f3val is megt\u00e1mogatott igyekezete eredm\u00e9nyt hozott, hiszen Zima \u00c1d\u00e1m r\u00f6gt\u00f6n jav\u00edtotta a hib\u00e1t, \u00e9s brav\u00faros vet\u0151d\u00e9ssel kifogta a b\u00fcntet\u0151t, egy\u00fattal el is d\u00f6nt\u00f6tte a m\u00e9rk\u0151z\u00e9s sors\u00e1t. A meccs v\u00e9g\u00e9ig m\u00e9g egy kapuf\u00e1ja volt a vend\u00e9geknek, egy\u00e9b lehet\u0151s\u00e9get azonban nem tudtak kialak\u00edtani, \u00edgy a 77. percben m\u00e1sodik g\u00f3lj\u00e1t szerz\u0151 Babinszky Bence, majd a hosszabb\u00edt\u00e1sban betal\u00e1l\u00f3 tin\u00e9dzser, a 17 esztend\u0151s Balogh Tam\u00e1s g\u00f3lja m\u00e1r a kegyelemd\u00f6f\u00e9s volt a vend\u00e9gek sz\u00e1m\u00e1ra.<\/p>\n<p><strong>A magabiztos gy\u0151zelem ellen\u00e9re Harmati Tam\u00e1s szerint van mit tanulni a szerdai m\u00e9rk\u0151z\u00e9sb\u0151l.<\/strong><\/p>\n<blockquote><p><em>&#8211; Nagyon \u00f6r\u00fcl\u00fcnk, hogy a hazai k\u00f6z\u00f6ns\u00e9g el\u0151tti bemutatkoz\u00e1sunk is j\u00f3l siker\u00fclt, ez extra motiv\u00e1ci\u00f3t jelentett a j\u00e1t\u00e9kosaimnak. A m\u00e9rk\u0151z\u00e9st domin\u00e1nsan \u00e9s hat\u00e9konyan kezdt\u00fck, azt\u00e1n kicsit t\u00fals\u00e1gosan megnyugodott mindenki \u00e9s kellett egy kis id\u0151, m\u00edg visszatal\u00e1ltunk a j\u00e1t\u00e9kunk ritmus\u00e1hoz, de v\u00e9g\u00fcl magabiztos gy\u0151zelmet szerezt\u00fcnk. A nagyobb ar\u00e1ny\u00fa k\u00fcl\u00f6nbs\u00e9g ellen\u00e9re van mit tanulnunk ebb\u0151l a 90 percb\u0151l, de \u00f6sszess\u00e9g\u00e9ben j\u00e1r a gratul\u00e1ci\u00f3 minden j\u00e1t\u00e9kosomnak, a szurkol\u00f3inknak pedig k\u00f6sz\u00f6nj\u00fck sz\u00e9pen a t\u00e1mogat\u00e1st!<\/em><\/p><\/blockquote>\n<p><strong>A tabell\u00e1t k\u00e9t fordul\u00f3 ut\u00e1n 6 ponttal \u00e9s plusz 5-\u00f6s g\u00f3lk\u00fcl\u00f6nbs\u00e9ggel vezet\u0151 Kelen legk\u00f6zelebb a Kaposv\u00e1r vend\u00e9gek\u00e9nt l\u00e9p p\u00e1ly\u00e1ra vas\u00e1rnap este 19:00 \u00f3rakor.<\/strong><\/p>\n<p><strong>Gratul\u00e1lunk, sz\u00e9p volt fi\u00fak!<\/strong><\/p>\n<h3>Hajr\u00e1 Kelen!<\/h3>\n","protected":false},"excerpt":{"rendered":"<p>L\u00e1tv\u00e1nyos m\u00e9rk\u0151z\u00e9sen, 5-1-re nyert hazai p\u00e1ly\u00e1n feln\u0151tt f\u00e9rfi csapatunk a bajnoks\u00e1g 2. fordul\u00f3j\u00e1ban, ezzel az NBIII-as meccshelysz\u00ednk\u00e9nt el\u0151sz\u00f6r szerepl\u0151 Hunyadi M\u00e1ty\u00e1s \u00fati sporttelep gy\u0151zelemmel deb\u00fct\u00e1lt a sorozatban. &nbsp; K\u00e9t fordul\u00f3 ut\u00e1n nyilv\u00e1n korai ebb\u0151l a szemsz\u00f6gb\u0151l n\u00e9zni a helyzetet, de ami t\u00e9ny, az t\u00e9ny: az NBIII. Nyugati csoportj\u00e1nak listavezet\u0151je a Kelen SC! Az And\u00e1rshida elleni,&#8230;<\/p>\n","protected":false},"author":1375,"featured_media":18369,"comment_status":"closed","ping_status":"closed","sticky":false,"template":"","format":"standard","meta":{"inline_featured_image":false,"_exactmetrics_skip_tracking":false,"_exactmetrics_sitenote_active":false,"_exactmetrics_sitenote_note":"","_exactmetrics_sitenote_category":0,"footnotes":""},"categories":[11],"tags":[],"_links":{"self":[{"href":"https:\/\/kelensc.hu\/index.php\/wp-json\/wp\/v2\/posts\/18353"}],"collection":[{"href":"https:\/\/kelensc.hu\/index.php\/wp-json\/wp\/v2\/posts"}],"about":[{"href":"https:\/\/kelensc.hu\/index.php\/wp-json\/wp\/v2\/types\/post"}],"author":[{"embeddable":true,"href":"https:\/\/kelensc.hu\/index.php\/wp-json\/wp\/v2\/users\/1375"}],"replies":[{"embeddable":true,"href":"https:\/\/kelensc.hu\/index.php\/wp-json\/wp\/v2\/comments?post=18353"}],"version-history":[{"count":3,"href":"https:\/\/kelensc.hu\/index.php\/wp-json\/wp\/v2\/posts\/18353\/revisions"}],"predecessor-version":[{"id":18372,"href":"https:\/\/kelensc.hu\/index.php\/wp-json\/wp\/v2\/posts\/18353\/revisions\/18372"}],"wp:featuredmedia":[{"embeddable":true,"href":"https:\/\/kelensc.hu\/index.php\/wp-json\/wp\/v2\/media\/18369"}],"wp:attachment":[{"href":"https:\/\/kelensc.hu\/index.php\/wp-json\/wp\/v2\/media?parent=18353"}],"wp:term":[{"taxonomy":"category","embeddable":true,"href":"https:\/\/kelensc.hu\/index.php\/wp-json\/wp\/v2\/categories?post=18353"},{"taxonomy":"post_tag","embeddable":true,"href":"https:\/\/kelensc.hu\/index.php\/wp-json\/wp\/v2\/tags?post=18353"}],"curies":[{"name":"wp","href":"https:\/\/api.w.org\/{rel}","templated":true}]}}