{"id":18071,"date":"2021-04-12T11:17:15","date_gmt":"2021-04-12T10:17:15","guid":{"rendered":"https:\/\/kelensc.hu\/?p=18071"},"modified":"2021-04-12T11:17:15","modified_gmt":"2021-04-12T10:17:15","slug":"gyozelem-budafokon","status":"publish","type":"post","link":"https:\/\/kelensc.hu\/index.php\/gyozelem-budafokon\/","title":{"rendered":"Gy\u0151zelem Budafokon"},"content":{"rendered":"<h3>H\u00e1tr\u00e1nyb\u00f3l ford\u00edtott \u00e9s nyert a feln\u0151tt Kelen, amely megdolgozott a Budafok II. ellen szerzett gy\u0151zelem\u00e9rt.<\/h3>\n<figure id=\"attachment_17162\" aria-describedby=\"caption-attachment-17162\" style=\"width: 1366px\" class=\"wp-caption alignnone\"><img decoding=\"async\" loading=\"lazy\" class=\"wp-image-17162 size-full\" src=\"https:\/\/kelensc.hu\/wp-content\/uploads\/2020\/08\/Tim\u00e1ri.jpg\" alt=\"\" width=\"1366\" height=\"768\" srcset=\"https:\/\/kelensc.hu\/wp-content\/uploads\/2020\/08\/Tim\u00e1ri.jpg 1366w, https:\/\/kelensc.hu\/wp-content\/uploads\/2020\/08\/Tim\u00e1ri-640x360.jpg 640w, https:\/\/kelensc.hu\/wp-content\/uploads\/2020\/08\/Tim\u00e1ri-1280x720.jpg 1280w, https:\/\/kelensc.hu\/wp-content\/uploads\/2020\/08\/Tim\u00e1ri-768x432.jpg 768w, https:\/\/kelensc.hu\/wp-content\/uploads\/2020\/08\/Tim\u00e1ri-320x180.jpg 320w, https:\/\/kelensc.hu\/wp-content\/uploads\/2020\/08\/Tim\u00e1ri-382x215.jpg 382w, https:\/\/kelensc.hu\/wp-content\/uploads\/2020\/08\/Tim\u00e1ri-641x360.jpg 641w\" sizes=\"(max-width: 1366px) 100vw, 1366px\" \/><figcaption id=\"caption-attachment-17162\" class=\"wp-caption-text\">A ny\u00e1ron visszat\u00e9rt Tim\u00e1ri Norman \u00e9lvezi edz\u0151je bizalm\u00e1t \u00e9s meg is h\u00e1l\u00e1lja, a Budafok ellen is betal\u00e1l\u00f3 j\u00e1t\u00e9kos eddig \u00e9pp ugyanannyi g\u00f3lt r\u00fagott a szezonban, mint amennyi meccsen p\u00e1ly\u00e1ra l\u00e9pett<\/figcaption><\/figure>\n<p style=\"font-weight: 400;\"><strong>BMTE II. \u2013 Kelen SC 1:2 (1:0) &#8211; BLSZ I. 23. fordul\u00f3<br \/>\n<\/strong><u>2021.04.10., szombat 11:00, BMTE Sporttelep<\/u><strong><br \/>\n<\/strong><\/p>\n<p style=\"font-weight: 400;\"><strong>G.:<\/strong>\u00a0Tim\u00e1ri N. (51\u2019), So\u00f3s D. (76\u2019)<\/p>\n<p style=\"font-weight: 400;\"><strong>S.:<\/strong>\u00a0Ayrton (49\u2019), Egyed B. (81\u2019)<\/p>\n<p style=\"font-weight: 400;\"><strong>\u00d6ssze\u00e1ll\u00edt\u00e1s:<\/strong>\u00a0Zima \u00c1. \u2013 Wild T., Egyed B., M\u00f3dly M. \u2013 Ko\u00f3s B. (Gy\u00f6rgy K. 90\u2019), Ayrton (R\u0151thy M. 54\u2019), Pint\u00e9r B., K\u00e1d\u00e1r M. (Balogh B. 81\u2019) \u2013 Tim\u00e1ri N., So\u00f3s D. (Balogh T. 93\u2019), Erdei A.<\/p>\n<p style=\"font-weight: 400;\"><strong>Csere:<\/strong>\u00a0Monori M., Tak\u00e1cs B., Balogh B., Balogh T., R\u0151thy M., Gy\u00f6rgy K.<\/p>\n<p><strong>Egy h\u00e9t sz\u00fcnetet k\u00f6vet\u0151en a szomsz\u00e9dos ker\u00fclet csapat\u00e1hoz, Budafokra l\u00e1togatott szombaton Harmati Tam\u00e1s egy\u00fcttese, amely a gy\u0151zelem\u00e9rt ment a Promontor utc\u00e1ba, \u00e9s ugyan csak nagy munka \u00e1r\u00e1n, de sikerrel vette az akad\u00e1lyt.<\/strong><\/p>\n<p>Hars\u00e1nyi D\u00e1niel ugyanis a 26. percben vezet\u00e9st szerzett a hazaiaknak, akik az els\u0151 f\u00e9lid\u0151ben kollekt\u00edven is megnehez\u00edtett\u00e9k a Kelen dolg\u00e1t, \u00edgy egyg\u00f3los h\u00e1tr\u00e1nyban ment sz\u00fcnetre a Harmati-csapat. A m\u00e1sodik j\u00e1t\u00e9kr\u00e9szben azt\u00e1n mag\u00e1ra tal\u00e1lt az egy\u00fcttes, f\u00f6l\u00e9nyben j\u00e1tszott \u00e9s m\u00e1r a j\u00e1t\u00e9kr\u00e9sz 6. perc\u00e9ben kiegyenl\u00edtett Tim\u00e1ri Norman r\u00e9v\u00e9n. A hazaiak t\u00f6bb cserej\u00e1t\u00e9kos p\u00e1ly\u00e1ra k\u00fcld\u00e9s\u00e9vel igyekeztek felvenni a ritmust, \u00e9s v\u00e9gig harcra k\u00e9nyszer\u00edteni a Kelent, v\u00e9g\u00fcl a 76. percben So\u00f3s D\u00e1vid g\u00f3lja eld\u00f6nt\u00f6tte a tal\u00e1lkoz\u00f3t.<\/p>\n<p><strong>Harmati Tam\u00e1s<\/strong> szerint nagyon fontos h\u00e1rom pontot szerzett csapata.<\/p>\n<blockquote>\n<p style=\"font-weight: 400;\"><em><b>&#8211; <\/b><span style=\"font-weight: 400;\">Nagyon \u00f6r\u00fcl\u00fcnk az \u00fajabb megszerzett h\u00e1rom pontnak, nem adt\u00e1k k\u00f6nnyen a hazaiak, nem volt k\u00f6nny\u0171 m\u00e9rk\u0151z\u00e9s. Az el\u0151z\u0151 fordul\u00f3ban sajnos elmaradt a meccs\u00fcnk, \u00edgy egy kicsit kiest\u00fcnk a ritmusunkb\u00f3l. Ez f\u0151leg az els\u0151 f\u00e9lidei j\u00e1t\u00e9kunkon volt \u00e9rezhet\u0151. A m\u00e1sodik f\u00e9lid\u0151ben a f\u00f6l\u00e9ny\u00fcnk m\u00e1r g\u00f3lokban is megmutatkozott, \u00edgy siker\u00fclt megford\u00edtanunk a m\u00e9rk\u0151z\u00e9st egy igen j\u00f3 hozz\u00e1\u00e1ll\u00e1s\u00fa \u00e9s nagyon szervezett BMTE II. ellen. Ez a 90 perc igaz\u00e1n j\u00f3 csapat\u00e9p\u00edt\u0151 volt, j\u00f3 \u00e9rz\u00e9s volt l\u00e1tni, hallani, hogy mennyire egy\u00fctt van a csapat! Gratul\u00e1lok minden j\u00e1t\u00e9kosomnak a gy\u0151zelemhez!<\/span><\/em><\/p>\n<\/blockquote>\n<h3 style=\"font-weight: 400;\"><strong>Hajr\u00e1 Kelen!<\/strong><\/h3>\n<p><em>Fot\u00f3: Kanizsay Zolt\u00e1n<\/em><\/p>\n","protected":false},"excerpt":{"rendered":"<p>H\u00e1tr\u00e1nyb\u00f3l ford\u00edtott \u00e9s nyert a feln\u0151tt Kelen, amely megdolgozott a Budafok II. ellen szerzett gy\u0151zelem\u00e9rt. BMTE II. \u2013 Kelen SC 1:2 (1:0) &#8211; BLSZ I. 23. fordul\u00f3 2021.04.10., szombat 11:00, BMTE Sporttelep G.:\u00a0Tim\u00e1ri N. (51\u2019), So\u00f3s D. (76\u2019) S.:\u00a0Ayrton (49\u2019), Egyed B. (81\u2019) \u00d6ssze\u00e1ll\u00edt\u00e1s:\u00a0Zima \u00c1. \u2013 Wild T., Egyed B., M\u00f3dly M. \u2013 Ko\u00f3s B&#8230;.<\/p>\n","protected":false},"author":1375,"featured_media":17162,"comment_status":"closed","ping_status":"closed","sticky":false,"template":"","format":"standard","meta":{"inline_featured_image":false,"_exactmetrics_skip_tracking":false,"_exactmetrics_sitenote_active":false,"_exactmetrics_sitenote_note":"","_exactmetrics_sitenote_category":0,"footnotes":""},"categories":[1],"tags":[],"_links":{"self":[{"href":"https:\/\/kelensc.hu\/index.php\/wp-json\/wp\/v2\/posts\/18071"}],"collection":[{"href":"https:\/\/kelensc.hu\/index.php\/wp-json\/wp\/v2\/posts"}],"about":[{"href":"https:\/\/kelensc.hu\/index.php\/wp-json\/wp\/v2\/types\/post"}],"author":[{"embeddable":true,"href":"https:\/\/kelensc.hu\/index.php\/wp-json\/wp\/v2\/users\/1375"}],"replies":[{"embeddable":true,"href":"https:\/\/kelensc.hu\/index.php\/wp-json\/wp\/v2\/comments?post=18071"}],"version-history":[{"count":1,"href":"https:\/\/kelensc.hu\/index.php\/wp-json\/wp\/v2\/posts\/18071\/revisions"}],"predecessor-version":[{"id":18072,"href":"https:\/\/kelensc.hu\/index.php\/wp-json\/wp\/v2\/posts\/18071\/revisions\/18072"}],"wp:featuredmedia":[{"embeddable":true,"href":"https:\/\/kelensc.hu\/index.php\/wp-json\/wp\/v2\/media\/17162"}],"wp:attachment":[{"href":"https:\/\/kelensc.hu\/index.php\/wp-json\/wp\/v2\/media?parent=18071"}],"wp:term":[{"taxonomy":"category","embeddable":true,"href":"https:\/\/kelensc.hu\/index.php\/wp-json\/wp\/v2\/categories?post=18071"},{"taxonomy":"post_tag","embeddable":true,"href":"https:\/\/kelensc.hu\/index.php\/wp-json\/wp\/v2\/tags?post=18071"}],"curies":[{"name":"wp","href":"https:\/\/api.w.org\/{rel}","templated":true}]}}