{"id":17809,"date":"2021-02-22T13:21:52","date_gmt":"2021-02-22T12:21:52","guid":{"rendered":"https:\/\/kelensc.hu\/?p=17809"},"modified":"2021-02-22T16:00:29","modified_gmt":"2021-02-22T15:00:29","slug":"kelen-sc-a-tehetsegek-kozpontja","status":"publish","type":"post","link":"https:\/\/kelensc.hu\/index.php\/kelen-sc-a-tehetsegek-kozpontja\/","title":{"rendered":"Kelen SC: A tehets\u00e9gek k\u00f6zpontja"},"content":{"rendered":"<h3>\u00dagy tartj\u00e1k, egy frapp\u00e1ns c\u00edmmel b\u00e1rmilyen cikket el lehet adni. Mert ha az kiv\u00edvja az \u00e9rdekl\u0151d\u00e9st, az olvas\u00f3 m\u00e1ris elmer\u00fcl az \u00edr\u00e1sban. Sz\u00e1zb\u00f3l egy olyan eset akad, amikor felesleges azon t\u00f6prengeni, milyen c\u00edmmel lehet felkelteni a k\u00edv\u00e1ncsis\u00e1got \u2013 nos, a mostani eset a sz\u00e1zadik.<img decoding=\"async\" loading=\"lazy\" class=\"alignnone size-full wp-image-17812\" src=\"https:\/\/kelensc.hu\/wp-content\/uploads\/2021\/02\/kelen_tk.png\" alt=\"\" width=\"1920\" height=\"1024\" srcset=\"https:\/\/kelensc.hu\/wp-content\/uploads\/2021\/02\/kelen_tk.png 1920w, https:\/\/kelensc.hu\/wp-content\/uploads\/2021\/02\/kelen_tk-640x341.png 640w, https:\/\/kelensc.hu\/wp-content\/uploads\/2021\/02\/kelen_tk-1280x683.png 1280w, https:\/\/kelensc.hu\/wp-content\/uploads\/2021\/02\/kelen_tk-768x410.png 768w, https:\/\/kelensc.hu\/wp-content\/uploads\/2021\/02\/kelen_tk-1536x819.png 1536w, https:\/\/kelensc.hu\/wp-content\/uploads\/2021\/02\/kelen_tk-320x171.png 320w, https:\/\/kelensc.hu\/wp-content\/uploads\/2021\/02\/kelen_tk-382x204.png 382w, https:\/\/kelensc.hu\/wp-content\/uploads\/2021\/02\/kelen_tk-641x342.png 641w\" sizes=\"(max-width: 1920px) 100vw, 1920px\" \/><\/h3>\n<p>&nbsp;<\/p>\n<p><strong>Minden hangzatos sz\u00f3n\u00e1l t\u00f6bbet mond ugyanis az a t\u00e9ny, hogy a Magyar Labdar\u00fag\u00f3-sz\u00f6vets\u00e9g eln\u00f6ks\u00e9ge az audit\u00e1l\u00e1st v\u00e9gz\u0151 belga tan\u00e1csad\u00f3 c\u00e9g, a Double Pass felm\u00e9r\u00e9se alapj\u00e1n \u2013 j\u00f3v\u00e1hagyta a Tehets\u00e9gk\u00f6zponti sportszervezetek besorol\u00e1s\u00e1t, \u00e9s a 27 kiv\u00e1lasztott klub k\u00f6z\u00f6tt helyet kapott a Kelen Sport Club is!<\/strong><\/p>\n<p>Csak hogy \u00e9rz\u00e9keltess\u00fck, mit jelent ez: egyes\u00fclet\u00fcnk ezzel a magyar futball B-, avagy m\u00e1sodik szintj\u00e9re ker\u00fclt, k\u00f6zvetlen\u00fcl a t\u00edz kiemelt akad\u00e9mia al\u00e1. M\u00e1sk\u00e9pp fogalmazva: ut\u00e1np\u00f3tl\u00e1sk\u00e9pz\u00e9s ter\u00e9n az orsz\u00e1g (!) legjobb 37 klubja k\u00f6z\u00e9 sorolt\u00e1k a Kelent SC-t! M\u00e1sok mellett olyan neves \u00e9lvonalbeli \u00e9s m\u00e1sodoszt\u00e1ly\u00fa egyes\u00fcletek t\u00e1rsas\u00e1g\u00e1ban, mint a Feh\u00e9rv\u00e1r, a Paks, a Zalaegerszeg, a B\u00e9k\u00e9scsaba, a P\u00e9cs, a Szeged, a Ny\u00edregyh\u00e1za \u00e9s a Kaposv\u00e1r.<\/p>\n<p>Van h\u00e1t mire \u2013 \u00e9s kikre \u2013 b\u00fcszk\u00e9nek lenn\u00fcnk!<\/p>\n<p><strong><em>\u201eHadd kezdjem ott, hogy n\u00e9gy \u00e9s f\u00e9l \u00e9ve m\u00e9g region\u00e1lis k\u00f6zpontk\u00e9nt tartoztunk a Ferencv\u00e1ros al\u00e1 <\/em><\/strong>\u2013 mondta egyes\u00fclet\u00fcnk eln\u00f6ke, a Hollandi\u00e1ban sz\u00fcletett Andreas van den Aker. \u2013 <strong><em>Amit akkor felv\u00e1zoltak nek\u00fcnk, tetszett, magam is elgondolkodtam azon: mi\u00e9rt ne lehetne l\u00e9trehozni Magyarorsz\u00e1gon egy kis Ajaxot? Vagyis \u00fagy foglakozni az ut\u00e1np\u00f3tl\u00e1s-nevel\u00e9ssel, hogy a tehets\u00e9geknek kiemelt k\u00e9pz\u00e9st biztos\u00edtunk. Roppantm\u00f3d motiv\u00e1lt, hogy ehhez eln\u00f6kk\u00e9nt hozz\u00e1tegyem a magam\u00e9t. Mivel ehhez egyed\u00fcl kev\u00e9s voltam, felk\u00e9rtem Csernik Korn\u00e9lt szakmai igazgat\u00f3nak, \u0151 azonban nem tudta v\u00e1llalni. Hozz\u00e1teszem, az \u0151 vezet\u00e9s\u00e9vel m\u00e1r addig is sokat l\u00e9pt\u00fcnk el\u0151re, lerakta azokat az alapokat, amelyekre a k\u00e9s\u0151bbiekben lehetett \u00e9p\u00edteni, ezt ez\u00faton is k\u00f6sz\u00f6n\u00f6m neki. A k\u00f6vetkez\u0151 \u00e9vben \u00d6hler L\u00e1szl\u00f3 fel\u00fcgyelte a szakmai munk\u00e1t, \u0151 is sokat seg\u00edtett nekem. K\u00e9s\u0151bb Bozsik centrum lett a Kelen, de bevallom, volt n\u00e9mi hi\u00e1ny\u00e9rzetem, t\u00f6bbre v\u00e1gytam. Ennek \u00e9rdek\u00e9ben szerettem volna a klubhoz cs\u00e1b\u00edtani egy szakmai igazgat\u00f3t, aki teljes munkaid\u0151ben dolgozik a Kelen\u00e9rt, \u00e9s aki jelent\u0151s tapasztalattal rendelkezik az ut\u00e1np\u00f3tl\u00e1sk\u00e9pz\u00e9s ter\u00e9n. Nagy horderej\u0171 d\u00f6nt\u00e9sr\u0151l l\u00e9v\u00e9n sz\u00f3, ebben a k\u00e9rd\u00e9sben nem akartam egyed\u00fcl hat\u00e1rozni, szerencs\u00e9re az eln\u00f6ks\u00e9g k\u00f6r\u00e9ben meghallgat\u00e1sra tal\u00e1lt a javaslatom. Boldog voltam akkor, amikor 2017 nyar\u00e1n a kor\u00e1bban a Pusk\u00e1s Akad\u00e9mi\u00e1n\u00e1l \u00e9s a Vasas Kubala Akad\u00e9mi\u00e1n\u00e1l is hossz\u00fa \u00e9vekig edz\u0151sk\u00f6d\u0151 Harmati Tam\u00e1s szem\u00e9ly\u00e9ben csatlakozott hozz\u00e1nk egy olyan ember, egy olyan szakember, akivel azonos elveket vallunk a futballr\u00f3l, \u00e9s akivel nagyon szeretek egy\u00fctt dolgozni. Eml\u00e9kszem, h\u00e1zon bel\u00fcl volt, aki megk\u00e9rd\u0151jelezte: vajon ez j\u00f3 lesz a Kelennek? Nos, amit mindv\u00e9gig \u00e9reztem, ma m\u00e1r nyugodt sz\u00edvvel jelenthetem ki: nagyon j\u00f3 lett! Tomi megl\u00e1tta, meg\u00e9rezte, mit jelent a Kelen, \u00e9s a k\u00f6rnyezete is megl\u00e1tta, meg\u00e9rezte, mit jelent \u0151 a Kelennek.\u201d<\/em><\/strong><\/p>\n<p>H\u00e1rom \u00e9s f\u00e9l \u00e9vvel Harmati Tam\u00e1s \u00e9rkez\u00e9se ut\u00e1n m\u00e1r arr\u00f3l besz\u00e9lhet\u00fcnk, hogy mik\u00f6zben feln\u0151tt szinten is nagyszer\u0171 eredm\u00e9nyeket \u00e9rt el, Tehets\u00e9gk\u00f6zpontt\u00e1 n\u0151tte ki mag\u00e1t a Kelen SC! Hogy ez a mit jelent.<\/p>\n<p><strong><em>\u201eNekem azt is, hogy bebizonyosodott: ha az ember tisztess\u00e9ggel dolgozik, azt Magyarorsz\u00e1gon is \u00e9szreveszik, s\u0151t \u00e9rt\u00e9kelik<\/em><\/strong> \u2013 adta meg a v\u00e1laszt Andreas. \u2013 <strong><em>A korm\u00e1ny lehet\u0151s\u00e9get adott arra a sportegyes\u00fcleteknek, hogy a maguk m\u00f3dj\u00e1n el\u0151rel\u00e9pjenek, mindv\u00e9gig t\u00f6rekedt\u00fcnk arra, hogy ezzel az es\u00e9llyel \u00e9lj\u00fcnk, ne pedig vissza\u00e9lj\u00fcnk. Messzir\u0151l indultunk, de az els\u0151 pillanatt\u00f3l fogva b\u00edztam abban, hogy k\u00fcls\u0151 nyom\u00e1s n\u00e9lk\u00fcl, kiz\u00e1r\u00f3lag a p\u00e1ly\u00e1n el\u00e9rt eredm\u00e9nyek alapj\u00e1n eljuthatunk oda, ahol most tartunk. Mindez persze nem jelenti azt, hogy h\u00e1trad\u0151l\u00fcnk, \u00e9pp ellenkez\u0151leg: ahogyan eddig is azon dolgoztunk, hogy min\u00e9l feljebb tudjunk l\u00e9pni, mostant\u00f3l m\u00e9g ink\u00e1bb az vez\u00e9rel minket, hogy a lehet\u0151 legjobbat \u00e9s legt\u00f6bbet hozzuk ki a lehet\u0151s\u00e9geinkb\u0151l. A klubfiloz\u00f3fi\u00e1nk szemernyit sem v\u00e1ltozik, eddig is az volt a c\u00e9lunk, hogy min\u00e9l t\u00f6bb gyerek j\u00f6jj\u00f6n hozz\u00e1nk focizni, \u00e9s a j\u00f6v\u0151ben is ez lesz! K\u00f6r\u00fcl kell n\u00e9zn\u00fcnk a k\u00f6rny\u00e9ken, hol vannak m\u00e9g tehets\u00e9gek, \u0151ket is meg kell gy\u0151zn\u00fcnk arr\u00f3l, hogy n\u00e1lunk j\u00f3 helyen vannak. Az\u00e9rt is kell megtenn\u00fcnk mindent, hogy \u0151k, no \u00e9s a m\u00e1r az eddig is n\u00e1lunk pall\u00e9roz\u00f3d\u00f3 gyerekek tov\u00e1bb fejl\u0151dhessenek. Hosszasan sorolhatn\u00e1m most, hogy milyen terveink vannak, de tal\u00e1n nem baj, ha e hely\u00fctt r\u00f6vidre fogom: szeretn\u00e9nk egy scoutot, azaz megfigyel\u0151t a szakmai st\u00e1bunkban l\u00e1tni, szeretn\u00e9nk m\u00e9g szorosabbra f\u0171zni a kapcsolatot a k\u00f6rny\u00e9kbeli iskol\u00e1kkal, s\u0151t, szeretn\u00e9nk el\u00e9rni, hogy heti egy testnevel\u00e9s \u00f3ra a futball jegy\u00e9ben teljen, \u00e9s szeretn\u00e9nk, hogy a Kelenen is meghonosodjon az egy\u00e9ni k\u00e9pz\u00e9s. Sz\u00f3val, sok mindent szeretn\u00e9nk, \u00e9s \u00edg\u00e9rhetem: nem csup\u00e1n v\u00e1gyunk arra, hogy m\u00e9g feljebb l\u00e9pj\u00fcnk, tesz\u00fcnk is \u00e9rte.\u201d<\/em><\/strong><\/p>\n<p>&nbsp;<\/p>\n<p>&nbsp;<\/p>\n<figure id=\"attachment_13687\" aria-describedby=\"caption-attachment-13687\" style=\"width: 1124px\" class=\"wp-caption alignnone\"><img decoding=\"async\" loading=\"lazy\" class=\"wp-image-13687 size-full\" src=\"https:\/\/kelensc.hu\/wp-content\/uploads\/2019\/10\/DSC0010.jpg\" alt=\"\" width=\"1124\" height=\"633\" srcset=\"https:\/\/kelensc.hu\/wp-content\/uploads\/2019\/10\/DSC0010.jpg 1124w, https:\/\/kelensc.hu\/wp-content\/uploads\/2019\/10\/DSC0010-382x215.jpg 382w, https:\/\/kelensc.hu\/wp-content\/uploads\/2019\/10\/DSC0010-641x361.jpg 641w, https:\/\/kelensc.hu\/wp-content\/uploads\/2019\/10\/DSC0010-300x169.jpg 300w, https:\/\/kelensc.hu\/wp-content\/uploads\/2019\/10\/DSC0010-768x433.jpg 768w, https:\/\/kelensc.hu\/wp-content\/uploads\/2019\/10\/DSC0010-1024x577.jpg 1024w, https:\/\/kelensc.hu\/wp-content\/uploads\/2019\/10\/DSC0010-100x56.jpg 100w, https:\/\/kelensc.hu\/wp-content\/uploads\/2019\/10\/DSC0010-50x28.jpg 50w, https:\/\/kelensc.hu\/wp-content\/uploads\/2019\/10\/DSC0010-25x14.jpg 25w\" sizes=\"(max-width: 1124px) 100vw, 1124px\" \/><figcaption id=\"caption-attachment-13687\" class=\"wp-caption-text\">A feln\u0151tt \u00e9s ut\u00e1np\u00f3tl\u00e1s vezet\u0151edz\u0151k\u00e9nt is tev\u00e9kenyked\u0151 Harmati Tam\u00e1s j\u00f3 alapokra \u00e9p\u00edthetett, az \u00faj k\u00e9pz\u00e9si rendszer p\u00e1ly\u00e1n el\u00e9rt eredm\u00e9nyei pedig hozz\u00e1 seg\u00edtett\u00e9k klubunkat, hogy azon k\u00edv\u00fcl is szintet l\u00e9phessen<\/figcaption><\/figure>\n<p>Hogy milyen akad\u00e1lyokat kellett sikerrel venni a Tehets\u00e9gk\u00f6zpontt\u00e1 v\u00e1l\u00e1s \u00fatj\u00e1n ahhoz, hogy a Kelen beker\u00fclj\u00f6n a 27 kiv\u00e1lasztott k\u00f6z\u00e9, annak r\u00e9szleteiben ezen a ponton nem mer\u00fcln\u00e9nk el, de annyit felt\u00e9tlen\u00fcl r\u00f6gz\u00edts\u00fcnk: a Double Pass rendk\u00edv\u00fcl alapos felm\u00e9r\u00e9s v\u00e9g\u00e9n tette meg javaslat\u00e1t az MLSZ-nek.<\/p>\n<p><strong><em>\u201eHogy Tehets\u00e9gk\u00f6zpontnak vallhatjuk magunkat, nemcsak az utols\u00f3 h\u00f3napok munk\u00e1j\u00e1nak volt k\u00f6sz\u00f6nthet\u0151<\/em><\/strong> \u2013 \u00e1rulja el Harmati Tam\u00e1s szakmai igazgat\u00f3, egyben a Budapest-bajnoks\u00e1g els\u0151 oszt\u00e1ly\u00e1t vezet\u0151 f\u00e9rfi csapat vezet\u0151edz\u0151je. \u2013 <strong><em>Ez a folyamat m\u00e1r j\u00f3val hamarabb elindult. A kezdetekt\u0151l fogva egy kialak\u00edtott protokollt k\u00f6vetve haladtunk, a menet k\u00f6zben hozott szakmai \u00e9s emberi d\u00f6nt\u00e9sek ment\u00e9n a klubunk tudott m\u0171k\u00f6dni \u00e9s fejl\u0151dni. \u00d6r\u00f6mteli, hogy ezt nem csup\u00e1n mi l\u00e1tjuk \u00edgy, az elm\u00falt id\u0151szakban egyre t\u00f6bb egyes\u00fclet \u00e9s sz\u00f6vets\u00e9g figyelm\u00e9t siker\u00fclt felh\u00edvnunk magunkra. Az edz\u0151inket ugyan\u00fagy elkezdt\u00e9k keresni nevesebb klubok, mint a j\u00e1t\u00e9kosainkat, egy ideje minden \u00e1tigazol\u00e1si id\u0151szak \u00fagy telik el, hogy \u00f6t-hat tehets\u00e9get visznek el t\u0151l\u00fcnk \u00e9lvonalbeli csapatok. Mindek\u00f6zben azt is \u00e9rz\u00e9kelt\u00fck, hogy vonz\u00f3v\u00e1 v\u00e1lt a Kelen, hozz\u00e1nk is nagyon sz\u00edvesen j\u00f6nnek edz\u0151k \u00e9s j\u00e1t\u00e9kosok. Fokr\u00f3l fokra haladva, az elveinket k\u00f6vetve jutottunk el od\u00e1ig, a Magyar Labdar\u00fag\u00f3-sz\u00f6vets\u00e9g d\u00f6nt\u00e9s\u00e9t l\u00e1tva meg\u00e1llap\u00edthatjuk: mostanra komoly szintre l\u00e9pt\u00fcnk. B\u00fcszk\u00e9k vagyunk arra, hogy m\u00e1sok is \u00fagy \u00e9rt\u00e9kelik, szakmailag teljesen rendben van az, ami a Kelenn\u00e9l zajlik. Sz\u00e1mos szakemberrel tal\u00e1lkoztam mostans\u00e1g, aki maxim\u00e1lisan tiszt\u00e1ban van azzal, milyen munka folyik n\u00e1lunk, hovatov\u00e1bb nemcsak tiszt\u00e1ban van vele, j\u00f3 v\u00e9lem\u00e9nnyel is van r\u00f3la. Hogy mi v\u00e1r r\u00e1nk a folytat\u00e1sban? Noha a pontos r\u00e9szleteket m\u00e9g nem ismerj\u00fck, annyi bizonyos, hogy m\u00f3dfelett szigor\u00fa k\u00f6vetelm\u00e9nyeknek kell megfeleln\u00fcnk. Sebaj, \u00f6r\u00f6mmel \u00e1llunk a kih\u00edv\u00e1s el\u00e9be! Tudjuk, hogy miben vagyunk er\u0151sek, amik\u00e9nt azt is tudjuk, miben kell javulnunk. Mindv\u00e9gig az \u0151szinte kommunik\u00e1ci\u00f3 h\u00edvei voltunk, az audit\u00e1l\u00e1s sor\u00e1n sem rejtett\u00fck v\u00e9ka al\u00e1, hogy milyen ter\u00fcleteken szeretn\u00e9nk fejl\u0151dni. A szerepk\u00f6r\u00f6k m\u00e9g jobban letisztulhatnak, az edz\u0151ink el\u0151tt is t\u00f6bb lehet\u0151s\u00e9g ny\u00edlik a tanul\u00e1sra, az el\u0151rel\u00e9p\u00e9sre. Van egy \u00e9vek \u00f3ta j\u00f3l m\u0171k\u00f6d\u0151 strukt\u00far\u00e1nk, de m\u00e9g ezt is pr\u00f3b\u00e1ljuk fejleszteni. Rettent\u0151en \u00f6r\u00fcl\u00fcnk az MLSZ d\u00f6nt\u00e9s\u00e9nek, de m\u00e1r azon t\u00f6rj\u00fck a fej\u00fcnket, hogyan l\u00e9pj\u00fcnk el\u0151re.\u201d<\/em><\/strong><\/p>\n<p>Ma m\u00e1r nem titok: ugyan a k\u00fclvil\u00e1g ebb\u0151l nem sokat \u00e9szlelt, miel\u0151tt megsz\u00fcletett volna a hat\u00e1rozat, nyugtalanul m\u00faltak a napok az emeleti irod\u00e1ban. Ha az eln\u00f6k \u00e9s a szakmai igazgat\u00f3 nem is mondja ki, m\u00e1s megteheti: egyes\u00fclet\u00fcnk sz\u00e1m\u00e1ra majdhogynem \u00e9let-hal\u00e1l k\u00e9rd\u00e9se volt, hogy Tehets\u00e9gk\u00f6zpontt\u00e1 min\u0151s\u00edtik-e.<\/p>\n<p><strong><em>\u201eLassan telt az id\u0151 a d\u00f6nt\u00e9s el\u0151tt\u2026<\/em><\/strong> \u2013 avat be minket a h\u00e1tt\u00e9rbe Harmati Tam\u00e1s. \u2013 <strong><em>B\u00edztunk, nan\u00e1, hogy b\u00edztunk abban, hogy amit az \u00e9vek sor\u00e1n letett\u00fcnk az asztalra, m\u00e1sok is \u00e9rt\u00e9kelik, de biztosak m\u00e9g akkor sem lehett\u00fcnk benne, ha l\u00e9pten-nyomon \u00e9rezt\u00fck, m\u00e1sok is megbecs\u00fclik a munk\u00e1nkat. A legfontosabb k\u00e9rd\u00e9s az volt: amit mi j\u00f3nak gondolunk, azt a d\u00f6nt\u00e9shoz\u00f3k is j\u00f3nak gondolj\u00e1k-e? Tiszta lelkiismerettel v\u00e1rtuk a d\u00f6nt\u00e9st, hiszen ami t\u0151l\u00fcnk telt megtett\u00fck, de k\u00e1r lenne tagadni, hatalmas k\u0151 esett le a sz\u00edv\u00fcnkr\u0151l, amikor \u00e9rtes\u00fclt\u00fcnk arr\u00f3l, hogy a Kelen SC a Tehets\u00e9gk\u00f6zpontok egyike lett. Hosszasan sorolhatn\u00e1m, kiknek k\u00f6sz\u00f6nhet\u0151 ez, de maradjunk annyiban, hogy ez a teljes Kelen-csal\u00e1d sikere! Amennyire \u00f6r\u00fcl\u00f6k, annyira b\u00fcszke vagyok arra, amit egy\u00fctt el\u00e9rt\u00fcnk. Egy pillanatra meg\u00e1llunk, kicsit \u00fcnnepel\u00fcnk, azt\u00e1n folytatjuk a munk\u00e1t. Tervez\u00fcnk \u00e9s szervez\u00fcnk, hogy a lehet\u0151 legjobb szolg\u00e1ltat\u00e1st ny\u00fajthassuk azoknak, akik eddig is vel\u00fcnk voltak, illetve azoknak, akik a j\u00f6v\u0151ben minket v\u00e1lasztanak. S ha egy szem\u00e9lyes megjegyz\u00e9st megengednek a v\u00e9g\u00e9re: az MLSZ d\u00f6nt\u00e9se az\u00e9rt is tett boldogg\u00e1, mert arr\u00f3l tan\u00faskodik, hogy azok a szakmai d\u00f6nt\u00e9sek, amiket az elm\u00falt h\u00e1rom \u00e9s f\u00e9l \u00e9vben hoztunk, helyesek voltak, egy\u00fattal a klubunk jav\u00e1ra v\u00e1ltak. Elindultunk egy \u00faton, \u00e9s mivel \u00fagy t\u0171nik, hogy j\u00f3 ir\u00e1nyban haladunk, m\u00e9g nagyobb lend\u00fclettel \u00e9s lelkesed\u00e9ssel megy\u00fcnk rajta tov\u00e1bb.\u201d<\/em><\/strong><\/p>\n<figure id=\"attachment_12617\" aria-describedby=\"caption-attachment-12617\" style=\"width: 1084px\" class=\"wp-caption alignnone\"><img decoding=\"async\" loading=\"lazy\" class=\"wp-image-12617 size-full\" src=\"https:\/\/kelensc.hu\/wp-content\/uploads\/2019\/06\/DSC0299.jpg\" alt=\"\" width=\"1084\" height=\"608\" srcset=\"https:\/\/kelensc.hu\/wp-content\/uploads\/2019\/06\/DSC0299.jpg 1084w, https:\/\/kelensc.hu\/wp-content\/uploads\/2019\/06\/DSC0299-382x214.jpg 382w, https:\/\/kelensc.hu\/wp-content\/uploads\/2019\/06\/DSC0299-641x360.jpg 641w, https:\/\/kelensc.hu\/wp-content\/uploads\/2019\/06\/DSC0299-300x168.jpg 300w, https:\/\/kelensc.hu\/wp-content\/uploads\/2019\/06\/DSC0299-768x431.jpg 768w, https:\/\/kelensc.hu\/wp-content\/uploads\/2019\/06\/DSC0299-1024x574.jpg 1024w, https:\/\/kelensc.hu\/wp-content\/uploads\/2019\/06\/DSC0299-100x56.jpg 100w, https:\/\/kelensc.hu\/wp-content\/uploads\/2019\/06\/DSC0299-50x28.jpg 50w, https:\/\/kelensc.hu\/wp-content\/uploads\/2019\/06\/DSC0299-25x14.jpg 25w\" sizes=\"(max-width: 1084px) 100vw, 1084px\" \/><figcaption id=\"caption-attachment-12617\" class=\"wp-caption-text\">Egy ideje sajnos nem j\u00f6hetnek meccsre a Kelen-csal\u00e1d tagjai, de t\u00e1mogat\u00e1suk \u00edgy is napi szinten \u00e9rz\u00e9kelhet\u0151, \u00edgy \u0151k is let\u00e9tem\u00e9nyesei a klub leg\u00fajabb siker\u00e9nek<\/figcaption><\/figure>\n<p>Az utols\u00f3 sz\u00f3 legyen a bizonyos \u00fat nulladik kilom\u00e9terk\u00f6v\u00e9n\u00e9l is jelenl\u00e9v\u0151 Andreas van den Aker\u00e9:<\/p>\n<p><strong><em>\u201eElmondtuk m\u00e1r t\u00f6bbsz\u00f6r is, de az \u00fcnnepi alkalomra val\u00f3 tekintettel m\u00e9g egyszer elmondhatjuk: nagyon b\u00fcszk\u00e9k vagyunk! Nem magunkra, hanem mindenkire, aki k\u00f6z\u00e9nk tartozik. Amit v\u00e9ghez vitt\u00fcnk, nem egy-k\u00e9t ember sikere, az eg\u00e9sz klub\u00e9. Aki b\u00e1rmilyen form\u00e1ban is seg\u00edtett benn\u00fcnket, ak\u00e1r szponzor\u00e1ci\u00f3, ak\u00e1r TAO-t\u00e1mogat\u00e1s r\u00e9v\u00e9n, ak\u00e1r m\u00e1s \u00faton-m\u00f3don, h\u00e1l\u00e1san k\u00f6sz\u00f6n\u00f6m. Mint ahogy k\u00f6sz\u00f6n\u00f6m minden koll\u00e9g\u00e1nak, minden focist\u00e1nak, minden sz\u00fcl\u0151nek \u00e9s nagysz\u00fcl\u0151nek, egysz\u00f3val mindenkinek, hogy vel\u00fcnk voltak \u00e9s vannak. B\u00e1rmennyire is igyekszem, nem tudom szavakba \u00f6nteni, mit \u00e9reztem akkor, amikor megkaptam a h\u00edrt, hogy az egyik legnagyobb \u00e1lmunk teljes\u00fclt. Egyvalamit azonban biztosan tudok: ez csak egy\u00fctt siker\u00fclhetett!\u201d<\/em><\/strong><\/p>\n<figure id=\"attachment_12607\" aria-describedby=\"caption-attachment-12607\" style=\"width: 2048px\" class=\"wp-caption alignnone\"><img decoding=\"async\" loading=\"lazy\" class=\"wp-image-12607 size-full\" src=\"https:\/\/kelensc.hu\/wp-content\/uploads\/2019\/06\/Andreas.jpg\" alt=\"\" width=\"2048\" height=\"1151\" srcset=\"https:\/\/kelensc.hu\/wp-content\/uploads\/2019\/06\/Andreas.jpg 2048w, https:\/\/kelensc.hu\/wp-content\/uploads\/2019\/06\/Andreas-382x215.jpg 382w, https:\/\/kelensc.hu\/wp-content\/uploads\/2019\/06\/Andreas-641x360.jpg 641w, https:\/\/kelensc.hu\/wp-content\/uploads\/2019\/06\/Andreas-300x169.jpg 300w, https:\/\/kelensc.hu\/wp-content\/uploads\/2019\/06\/Andreas-768x432.jpg 768w, https:\/\/kelensc.hu\/wp-content\/uploads\/2019\/06\/Andreas-1024x576.jpg 1024w, https:\/\/kelensc.hu\/wp-content\/uploads\/2019\/06\/Andreas-100x56.jpg 100w, https:\/\/kelensc.hu\/wp-content\/uploads\/2019\/06\/Andreas-50x28.jpg 50w, https:\/\/kelensc.hu\/wp-content\/uploads\/2019\/06\/Andreas-25x14.jpg 25w\" sizes=\"(max-width: 2048px) 100vw, 2048px\" \/><figcaption id=\"caption-attachment-12607\" class=\"wp-caption-text\">A sikerre t\u00f6r\u0151 munka nagyk\u00f6vete, Andreas van den Aker<\/figcaption><\/figure>\n<p><strong>\u00cdzlelgess\u00fck csak: Kelen SC, a tehets\u00e9gek k\u00f6zpontja.<\/strong><\/p>\n<p><strong>J\u00f3l hangzik, nemde?<\/strong><\/p>\n<p><strong>Meg is van a c\u00edm\u2026<\/strong><\/p>\n<p><em>Fot\u00f3k: Kanizsay Zolt\u00e1n<\/em><\/p>\n","protected":false},"excerpt":{"rendered":"<p>\u00dagy tartj\u00e1k, egy frapp\u00e1ns c\u00edmmel b\u00e1rmilyen cikket el lehet adni. Mert ha az kiv\u00edvja az \u00e9rdekl\u0151d\u00e9st, az olvas\u00f3 m\u00e1ris elmer\u00fcl az \u00edr\u00e1sban. Sz\u00e1zb\u00f3l egy olyan eset akad, amikor felesleges azon t\u00f6prengeni, milyen c\u00edmmel lehet felkelteni a k\u00edv\u00e1ncsis\u00e1got \u2013 nos, a mostani eset a sz\u00e1zadik. &nbsp; Minden hangzatos sz\u00f3n\u00e1l t\u00f6bbet mond ugyanis az a t\u00e9ny, hogy&#8230;<\/p>\n","protected":false},"author":1375,"featured_media":16634,"comment_status":"closed","ping_status":"closed","sticky":false,"template":"","format":"standard","meta":{"inline_featured_image":false,"_exactmetrics_skip_tracking":false,"_exactmetrics_sitenote_active":false,"_exactmetrics_sitenote_note":"","_exactmetrics_sitenote_category":0,"footnotes":""},"categories":[1],"tags":[],"_links":{"self":[{"href":"https:\/\/kelensc.hu\/index.php\/wp-json\/wp\/v2\/posts\/17809"}],"collection":[{"href":"https:\/\/kelensc.hu\/index.php\/wp-json\/wp\/v2\/posts"}],"about":[{"href":"https:\/\/kelensc.hu\/index.php\/wp-json\/wp\/v2\/types\/post"}],"author":[{"embeddable":true,"href":"https:\/\/kelensc.hu\/index.php\/wp-json\/wp\/v2\/users\/1375"}],"replies":[{"embeddable":true,"href":"https:\/\/kelensc.hu\/index.php\/wp-json\/wp\/v2\/comments?post=17809"}],"version-history":[{"count":7,"href":"https:\/\/kelensc.hu\/index.php\/wp-json\/wp\/v2\/posts\/17809\/revisions"}],"predecessor-version":[{"id":17817,"href":"https:\/\/kelensc.hu\/index.php\/wp-json\/wp\/v2\/posts\/17809\/revisions\/17817"}],"wp:featuredmedia":[{"embeddable":true,"href":"https:\/\/kelensc.hu\/index.php\/wp-json\/wp\/v2\/media\/16634"}],"wp:attachment":[{"href":"https:\/\/kelensc.hu\/index.php\/wp-json\/wp\/v2\/media?parent=17809"}],"wp:term":[{"taxonomy":"category","embeddable":true,"href":"https:\/\/kelensc.hu\/index.php\/wp-json\/wp\/v2\/categories?post=17809"},{"taxonomy":"post_tag","embeddable":true,"href":"https:\/\/kelensc.hu\/index.php\/wp-json\/wp\/v2\/tags?post=17809"}],"curies":[{"name":"wp","href":"https:\/\/api.w.org\/{rel}","templated":true}]}}