{"id":17803,"date":"2021-02-22T10:42:00","date_gmt":"2021-02-22T09:42:00","guid":{"rendered":"https:\/\/kelensc.hu\/?p=17803"},"modified":"2021-02-22T10:42:00","modified_gmt":"2021-02-22T09:42:00","slug":"fontos-gyozelem","status":"publish","type":"post","link":"https:\/\/kelensc.hu\/index.php\/fontos-gyozelem\/","title":{"rendered":"Fontos gy\u0151zelem"},"content":{"rendered":"<h3>A d\u00f6ntetlennel z\u00e1rt \u0151szt k\u00f6vet\u0151en gy\u0151zelemmel indult a tavasz a feln\u0151tt Kelen sz\u00e1m\u00e1ra, amely Tim\u00e1ri Norman \u00e9s So\u00f3s D\u00e1vid g\u00f3ljaival nyert 2-0-ra a RAFC ellen.<\/h3>\n<figure id=\"attachment_17804\" aria-describedby=\"caption-attachment-17804\" style=\"width: 4051px\" class=\"wp-caption alignnone\"><img decoding=\"async\" loading=\"lazy\" class=\"wp-image-17804 size-full\" src=\"https:\/\/kelensc.hu\/wp-content\/uploads\/2021\/02\/DSC0098.jpg\" alt=\"\" width=\"4051\" height=\"2280\" srcset=\"https:\/\/kelensc.hu\/wp-content\/uploads\/2021\/02\/DSC0098.jpg 4051w, https:\/\/kelensc.hu\/wp-content\/uploads\/2021\/02\/DSC0098-640x360.jpg 640w, https:\/\/kelensc.hu\/wp-content\/uploads\/2021\/02\/DSC0098-1280x720.jpg 1280w, https:\/\/kelensc.hu\/wp-content\/uploads\/2021\/02\/DSC0098-768x432.jpg 768w, https:\/\/kelensc.hu\/wp-content\/uploads\/2021\/02\/DSC0098-1536x864.jpg 1536w, https:\/\/kelensc.hu\/wp-content\/uploads\/2021\/02\/DSC0098-2048x1153.jpg 2048w, https:\/\/kelensc.hu\/wp-content\/uploads\/2021\/02\/DSC0098-320x180.jpg 320w, https:\/\/kelensc.hu\/wp-content\/uploads\/2021\/02\/DSC0098-382x215.jpg 382w, https:\/\/kelensc.hu\/wp-content\/uploads\/2021\/02\/DSC0098-641x361.jpg 641w\" sizes=\"(max-width: 4051px) 100vw, 4051px\" \/><figcaption id=\"caption-attachment-17804\" class=\"wp-caption-text\">K\u00f6telez\u0151 jelleggel nyert a RAFC ellen a Tim\u00e1ri Norman vezette feln\u0151tt Kelen, amelynek ugyanakkor nem volt k\u00f6nny\u0171 dolga a m\u00e9rk\u0151z\u00e9sen<\/figcaption><\/figure>\n<p style=\"font-weight: 400;\"><strong>Kelen SC \u2013 RAFC 2:0 (2:0) &#8211; <em>BLSZ I. &#8211; 16. fordul\u00f3<br \/>\n<\/em><\/strong><u>2021.02.20., szombat 13:00, Sport 11<\/u><strong><em><br \/>\n<\/em><\/strong><\/p>\n<p style=\"font-weight: 400;\"><strong>G.:<\/strong>\u00a0Tim\u00e1ri N. (16\u2019), So\u00f3s D. (24\u2019)<\/p>\n<p style=\"font-weight: 400;\"><strong>S.:<\/strong>\u00a0&#8211;<\/p>\n<p style=\"font-weight: 400;\"><strong>P.:<\/strong>\u00a0Pint\u00e9r B. (90\u2019)<\/p>\n<p style=\"font-weight: 400;\"><strong>\u00d6ssze\u00e1ll\u00edt\u00e1s:<\/strong>\u00a0Zima \u00c1. \u2013 Megyesi T. (Szab\u00f3 B. 80\u2019), R\u0151thy M., M\u00f3dly M. \u2013 Wild T., Ayrton, Pint\u00e9r B., Tak\u00e1cs B. (K\u00e1d\u00e1r M. 46\u2019) \u2013 Tim\u00e1ri N. (Balogh B. 46\u2019), So\u00f3s D. (Gy\u00f6rgy K. 80\u2019), Erdei A. (Ko\u00f3s B. 39\u2019)<\/p>\n<p style=\"font-weight: 400;\"><strong>Cser\u00e9k:<\/strong>\u00a0Monori M., Egyed B., Gy\u00f6rgy K., Balogh B., K\u00e1d\u00e1r M., Ko\u00f3s B., Szab\u00f3 B.<\/p>\n<p><strong><a href=\"https:\/\/kelensc.hu\/index.php\/igazsagos-dontetlen-az-oszi-szezon-zarasakent\/\" target=\"_blank\" rel=\"noopener\">A REAC elleni igazs\u00e1gos d\u00f6ntetlen<\/a>t k\u00f6vet\u0151en a r\u00e1kosszentmih\u00e1lyi RAFC volt a feln\u0151tt Kelen csapat\u00e1nak vend\u00e9ge az els\u0151 tavaszi bajnoki fordul\u00f3ban, Harmati Tam\u00e1s\u00e9k pedig m\u00e1r az els\u0151 f\u00e9lid\u0151ben eld\u00f6nt\u00f6tt\u00e9k a m\u00e9rk\u0151z\u00e9st \u00e9s v\u00e9g\u00fcl k\u00e9t g\u00f3llal nyertek.<\/strong><\/p>\n<p>Fontos gy\u0151zelem volt ez, hiszen \u00edgy tov\u00e1bbra is megmaradt klubunk n\u00e9gypontos tiszta el\u0151nye a tabella els\u0151 hely\u00e9n, az Unione elleni rangad\u00f3n gy\u0151z\u0151 Csepel el\u0151tt. A g\u00f3ll\u00f6v\u0151list\u00e1t holtversenyben vezet\u0151 Tim\u00e1ri Norman ugyanakkor \u00e9rdekes m\u00f3don g\u00f3lja ellen\u00e9re is lecs\u00faszott a k\u00e9pzeletbeli dobog\u00f3 m\u00e1sodik hely\u00e9re, hiszen a P\u00e9nz\u00fcgy\u0151rben j\u00e1tsz\u00f3 Borb\u00e9ly Bence k\u00e9tszer is betal\u00e1lt a F\u0151v\u00e1rosi V\u00edzm\u0171vek ellen.<\/p>\n<p>A bajnoks\u00e1g m\u00e1sodik fel\u00e9re fordulva teh\u00e1t egyre kusz\u00e1bbak a sz\u00e1lak \u00e9s l\u00e1that\u00f3an \u00e9lesedik a verseny, az azonban tov\u00e1bbra is \u00f6nbizalmat adhat csapatunknak, hogy nem csak magabiztosan vezeti a bajnoks\u00e1got, de a legkevesebb kapott g\u00f3l mellett a legt\u00f6bbet szerezte (GK: +35), illetve hogy az ir\u00e1ny\u00edt\u00f3, <a href=\"https:\/\/kelensc.hu\/index.php\/remelem-az-nbiii-ban-lepek-ujra-palyara\/\" target=\"_blank\" rel=\"noopener\"><em>Kasza D\u00e1niel hi\u00e1ny\u00e1ban<\/em><\/a> is megvannak a csapat vez\u00e9regy\u00e9nis\u00e9gei, akik \u00fczembiztosan termelik a g\u00f3lokat.<\/p>\n<figure id=\"attachment_17805\" aria-describedby=\"caption-attachment-17805\" style=\"width: 1565px\" class=\"wp-caption alignnone\"><img decoding=\"async\" loading=\"lazy\" class=\"wp-image-17805 size-full\" src=\"https:\/\/kelensc.hu\/wp-content\/uploads\/2021\/02\/DSC0082.jpg\" alt=\"\" width=\"1565\" height=\"879\" srcset=\"https:\/\/kelensc.hu\/wp-content\/uploads\/2021\/02\/DSC0082.jpg 1565w, https:\/\/kelensc.hu\/wp-content\/uploads\/2021\/02\/DSC0082-640x359.jpg 640w, https:\/\/kelensc.hu\/wp-content\/uploads\/2021\/02\/DSC0082-1280x719.jpg 1280w, https:\/\/kelensc.hu\/wp-content\/uploads\/2021\/02\/DSC0082-768x431.jpg 768w, https:\/\/kelensc.hu\/wp-content\/uploads\/2021\/02\/DSC0082-1536x863.jpg 1536w, https:\/\/kelensc.hu\/wp-content\/uploads\/2021\/02\/DSC0082-320x180.jpg 320w, https:\/\/kelensc.hu\/wp-content\/uploads\/2021\/02\/DSC0082-382x215.jpg 382w, https:\/\/kelensc.hu\/wp-content\/uploads\/2021\/02\/DSC0082-641x360.jpg 641w\" sizes=\"(max-width: 1565px) 100vw, 1565px\" \/><figcaption id=\"caption-attachment-17805\" class=\"wp-caption-text\">\u00dajra betal\u00e1lt So\u00f3s D\u00e1vid is, aki imm\u00e1r nyolcadik alkalommal z\u00f6rgette meg az ellenfelek h\u00e1l\u00f3j\u00e1t a bajnoks\u00e1gban<\/figcaption><\/figure>\n<p><strong>A c\u00e9l teh\u00e1t tov\u00e1bbra is adott, a csapat ehhez m\u00e9rten hozza is az eredm\u00e9nyeket, azonban a feljut\u00e1sig vezet\u0151 \u00faton nem minden l\u00e9p\u00e9s egyszer\u0171, \u00edgy a mostani, gy\u0151zelemmel z\u00e1rult tal\u00e1lkoz\u00f3 sem volt \u00e9ppen s\u00e9tagalopp vezet\u0151edz\u0151nk, Harmati Tam\u00e1s szerint.\u00a0<\/strong><\/p>\n<blockquote>\n<p style=\"font-weight: 400;\"><em><b>&#8211; <\/b><span style=\"font-weight: 400;\">Komolyan k\u00e9sz\u00fclt\u00fcnk az els\u0151 tavaszi bajnoki m\u00e9rk\u0151z\u00e9s\u00fcnkre, magunk miatt is, de term\u00e9szetesen a RAFC miatt is, akik az utols\u00f3 fordul\u00f3kban t\u00f6bb csapatt\u00f3l is pontokat tudtak szerezni, r\u00e1ad\u00e1sul h\u00e1rom nappal kor\u00e1bban gy\u0151zelemmel fejezt\u00e9k be az \u0151szi szerepl\u00e9s\u00fcket. Ebben a koncentr\u00e1lt szellemis\u00e9gben l\u00e9pt\u00fcnk p\u00e1ly\u00e1ra \u00e9s viszonylag gyorsan siker\u00fclt is eld\u00f6nteni a m\u00e9rk\u0151z\u00e9st, \u00edgy pr\u00f3b\u00e1ltuk m\u00e1sra is felhaszn\u00e1lni ezt a kilencven percet. Az igazs\u00e1ghoz hozz\u00e1tartozik azonban, hogy nem minden c\u00e9lunkat tudtuk megval\u00f3s\u00edtani, \u00edgy nem lehetek teljesen el\u00e9gedett. A megszerzett h\u00e1rom pontnak azonban \u00f6r\u00fcl\u00fcnk, a hib\u00e1inkb\u00f3l pedig tanulni fogunk!<\/span><\/em><\/p>\n<\/blockquote>\n<h3 style=\"font-weight: 400;\"><strong>Hajr\u00e1 Kelen!<\/strong><\/h3>\n<p><em>Fot\u00f3k: Kanizsay Zolt\u00e1n<\/em><\/p>\n<p style=\"font-weight: 400;\">\n","protected":false},"excerpt":{"rendered":"<p>A d\u00f6ntetlennel z\u00e1rt \u0151szt k\u00f6vet\u0151en gy\u0151zelemmel indult a tavasz a feln\u0151tt Kelen sz\u00e1m\u00e1ra, amely Tim\u00e1ri Norman \u00e9s So\u00f3s D\u00e1vid g\u00f3ljaival nyert 2-0-ra a RAFC ellen. Kelen SC \u2013 RAFC 2:0 (2:0) &#8211; BLSZ I. &#8211; 16. fordul\u00f3 2021.02.20., szombat 13:00, Sport 11 G.:\u00a0Tim\u00e1ri N. (16\u2019), So\u00f3s D. (24\u2019) S.:\u00a0&#8211; P.:\u00a0Pint\u00e9r B. (90\u2019) \u00d6ssze\u00e1ll\u00edt\u00e1s:\u00a0Zima \u00c1. \u2013&#8230;<\/p>\n","protected":false},"author":1375,"featured_media":17804,"comment_status":"closed","ping_status":"closed","sticky":false,"template":"","format":"standard","meta":{"inline_featured_image":false,"_exactmetrics_skip_tracking":false,"_exactmetrics_sitenote_active":false,"_exactmetrics_sitenote_note":"","_exactmetrics_sitenote_category":0,"footnotes":""},"categories":[11],"tags":[],"_links":{"self":[{"href":"https:\/\/kelensc.hu\/index.php\/wp-json\/wp\/v2\/posts\/17803"}],"collection":[{"href":"https:\/\/kelensc.hu\/index.php\/wp-json\/wp\/v2\/posts"}],"about":[{"href":"https:\/\/kelensc.hu\/index.php\/wp-json\/wp\/v2\/types\/post"}],"author":[{"embeddable":true,"href":"https:\/\/kelensc.hu\/index.php\/wp-json\/wp\/v2\/users\/1375"}],"replies":[{"embeddable":true,"href":"https:\/\/kelensc.hu\/index.php\/wp-json\/wp\/v2\/comments?post=17803"}],"version-history":[{"count":2,"href":"https:\/\/kelensc.hu\/index.php\/wp-json\/wp\/v2\/posts\/17803\/revisions"}],"predecessor-version":[{"id":17807,"href":"https:\/\/kelensc.hu\/index.php\/wp-json\/wp\/v2\/posts\/17803\/revisions\/17807"}],"wp:featuredmedia":[{"embeddable":true,"href":"https:\/\/kelensc.hu\/index.php\/wp-json\/wp\/v2\/media\/17804"}],"wp:attachment":[{"href":"https:\/\/kelensc.hu\/index.php\/wp-json\/wp\/v2\/media?parent=17803"}],"wp:term":[{"taxonomy":"category","embeddable":true,"href":"https:\/\/kelensc.hu\/index.php\/wp-json\/wp\/v2\/categories?post=17803"},{"taxonomy":"post_tag","embeddable":true,"href":"https:\/\/kelensc.hu\/index.php\/wp-json\/wp\/v2\/tags?post=17803"}],"curies":[{"name":"wp","href":"https:\/\/api.w.org\/{rel}","templated":true}]}}