{"id":17798,"date":"2021-02-15T18:00:34","date_gmt":"2021-02-15T17:00:34","guid":{"rendered":"https:\/\/kelensc.hu\/?p=17798"},"modified":"2021-02-15T18:00:34","modified_gmt":"2021-02-15T17:00:34","slug":"tovabbjutas-tiz-emberrel-is","status":"publish","type":"post","link":"https:\/\/kelensc.hu\/index.php\/tovabbjutas-tiz-emberrel-is\/","title":{"rendered":"Tov\u00e1bbjut\u00e1s t\u00edz emberrel is"},"content":{"rendered":"<h3>A 76. perct\u0151l emberh\u00e1tr\u00e1nyban j\u00e1tszott, m\u00e9gis tov\u00e1bbjutott a Budapest Kup\u00e1ban a feln\u0151tt Kelen, amely a bajnoks\u00e1gban is versenyt\u00e1rs Testv\u00e9ris\u00e9g ellen egy hamis\u00edtatlan kupameccsen nyert 2-2-es d\u00f6ntetlen ut\u00e1n b\u00fcntet\u0151kkel.<\/h3>\n<figure id=\"attachment_17402\" aria-describedby=\"caption-attachment-17402\" style=\"width: 1091px\" class=\"wp-caption alignnone\"><img decoding=\"async\" loading=\"lazy\" class=\"wp-image-17402 size-full\" src=\"https:\/\/kelensc.hu\/wp-content\/uploads\/2020\/08\/DSC0227.jpg\" alt=\"\" width=\"1091\" height=\"614\" srcset=\"https:\/\/kelensc.hu\/wp-content\/uploads\/2020\/08\/DSC0227.jpg 1091w, https:\/\/kelensc.hu\/wp-content\/uploads\/2020\/08\/DSC0227-640x360.jpg 640w, https:\/\/kelensc.hu\/wp-content\/uploads\/2020\/08\/DSC0227-768x432.jpg 768w, https:\/\/kelensc.hu\/wp-content\/uploads\/2020\/08\/DSC0227-320x180.jpg 320w, https:\/\/kelensc.hu\/wp-content\/uploads\/2020\/08\/DSC0227-382x215.jpg 382w, https:\/\/kelensc.hu\/wp-content\/uploads\/2020\/08\/DSC0227-641x361.jpg 641w\" sizes=\"(max-width: 1091px) 100vw, 1091px\" \/><figcaption id=\"caption-attachment-17402\" class=\"wp-caption-text\">Az \u0151szi bajnokihoz hasonl\u00f3an a szombati kupameccsen is \u00e9rzelemd\u00fas m\u00e9rk\u0151z\u00e9st j\u00e1tszott egym\u00e1ssal a Kelen \u00e9s a Testv\u00e9ris\u00e9g<\/figcaption><\/figure>\n<p><strong>Kelen SC \u2013 Testv\u00e9ris\u00e9g SE 2:2 (0:0) &#8211; b\u00fcntet\u0151p\u00e1rbajt k\u00f6vet\u0151en 5:4 <\/strong><\/p>\n<p><strong>Budapest Kupa 3. fordul\u00f3<br \/>\n<\/strong><u>2021.02.13., szombat 17:00, Sport 11<\/u><\/p>\n<p><strong>G.:\u00a0<\/strong>Tim\u00e1ri N. (69\u2019, 84\u2019)<\/p>\n<p><strong>S.:<\/strong>\u00a0Pint\u00e9r B. (80\u2019), So\u00f3s D. (85\u2019)<\/p>\n<p><strong>P.:<\/strong>\u00a0Kertai D. (76\u2019)<\/p>\n<p><strong>\u00d6ssze\u00e1ll\u00edt\u00e1s:<\/strong>\u00a0Zima \u00c1. \u2013 Kertai D., Megyesi T. (Ko\u00f3s B. 65\u2019), Egyed B. \u2013 Wild T., Ayrton (Pint\u00e9r B. 55\u2019), R\u0151thy M., Tak\u00e1cs B. (K\u00e1d\u00e1r M. 65\u2019) \u2013 Tim\u00e1ri N., So\u00f3s D. (Balogh B. 87\u2019), Erdei A.<\/p>\n<p><strong>Cser\u00e9k:<\/strong>\u00a0Monori M., Ko\u00f3s B., M\u00f3dly M., K\u00e1d\u00e1r M., Szab\u00f3 B., Balogh B., Pint\u00e9r B.<\/p>\n<p><strong>K\u00e9t bajnoki k\u00f6z\u00f6tt a Budapest Kup\u00e1ban volt jelen\u00e9se szombaton a Harmati Tam\u00e1s vezette feln\u0151tt Kelennek, amely a budapesti els\u0151 oszt\u00e1lyban is vet\u00e9lyt\u00e1rs Testv\u00e9ris\u00e9g csapat\u00e1t l\u00e1tta vend\u00e9g\u00fcl a Sportt 11 Sport \u00e9s Szabadid\u0151k\u00f6zpontban. A k\u00e9t csapat igazi, v\u00e9gletekig ki\u00e9lezett kupameccset j\u00e1tszott egym\u00e1ssal, amelyen v\u00e9g\u00fcl a Kelen \u00f6r\u00fclhetett, hiszen a 2-2-es rendes j\u00e1t\u00e9kid\u0151t k\u00f6vet\u0151en eggyel jobb volt a sz\u00e9tl\u00f6v\u00e9s sor\u00e1n, ez pedig egy\u00fattal a tov\u00e1bbjut\u00e1st is jelentette.<\/strong><\/p>\n<p>Nem volt pedig egyszer\u0171 dolga Harmati Tam\u00e1s\u00e9knak, hiszen a 76. percben, 1-1-es \u00e1ll\u00e1sn\u00e1l ki\u00e1ll\u00edtott\u00e1k csapatunk bels\u0151 v\u00e9d\u0151j\u00e9t, Kertai D\u00e1nielt. Mi sem mutatja jobban ugyanakkor, hogy ebben a helyzetben is a tov\u00e1bbjut\u00e1s c\u00e9lj\u00e1val k\u00fczd\u00f6tt a Kelen, minthogy Tim\u00e1ri Norman m\u00e1sodik tal\u00e1lat\u00e1val emberh\u00e1tr\u00e1nyban is vezet\u00e9st szerzett csapatunk, amely el\u0151bb egyg\u00f3los h\u00e1tr\u00e1nyb\u00f3l \u00e1llt fel, majd ford\u00edtott t\u00edz emberrel. A v\u00e9g\u00fcl d\u00f6ntetlennel z\u00e1rul\u00f3 rendes j\u00e1t\u00e9kid\u0151 igazi \u00e9rzelmi hull\u00e1mvas\u00fat volt, k\u00fcl\u00f6n\u00f6sen a 65. percben cserek\u00e9nt \u00e9rkez\u0151 <strong>K\u00e1d\u00e1r M\u00e1t\u00e9nak<\/strong>, aki t\u00f6bb, mint egy \u00e9vet k\u00f6vet\u0151en l\u00e9pett \u00fajra p\u00e1ly\u00e1ra t\u00e9tmeccsen a Kelenben.<\/p>\n<blockquote>\n<p style=\"background: white;\"><em><span style=\"font-family: 'Arial',sans-serif; color: #222222;\">&#8211; Bevallom voltak nagyon neh\u00e9z id\u0151szakok az elm\u00falt egy \u00e9vben, mikor otthon fek\u00fcdtem a t\u00f6r\u00f6tt l\u00e1bammal \u00e9s csak az j\u00e1rt a fejemben, hogy nem csin\u00e1lhatom azt, amit a vil\u00e1gon a legjobban szeretek. Az \u00e9rzelmess\u00e9g persze pozit\u00edv ir\u00e1nyba is k\u00e9pes kilengeni: hihetetlen\u00fcl boldog vagyok most, hogy t\u00e9tmeccsen is p\u00e1ly\u00e1ra l\u00e9ptem v\u00e9gre, \u00e9s hogy a csapatmunka tev\u00e9keny tagja lehettem.\u00a0<\/span><\/em><\/p>\n<\/blockquote>\n<p>A l\u00e9nyeg\u00e9ben t\u00e9li igazol\u00e1snak, janu\u00e1ri er\u0151s\u00edt\u00e9snek is tekinthet\u0151 r\u00e9gi-\u00faj j\u00e1t\u00e9kosunk nem a j\u00f3l ismert arcok k\u00f6z\u00e9 t\u00e9rt vissza, hiszen legut\u00f3bbi p\u00e1ly\u00e1ra l\u00e9p\u00e9se \u00f3ta t\u00f6bb j\u00e1t\u00e9kos is \u00e9rkezett klubunkhoz.<\/p>\n<blockquote><p><em>&#8211; Val\u00f3ban sok \u00faj j\u00e1t\u00e9kos van a csapatban, de \u0151szint\u00e9n sz\u00f3lva nem agg\u00f3dtam amiatt hogy meg\u00e9rtj\u00fck-e majd egym\u00e1st a j\u00e1t\u00e9kban. Nem csak a p\u00e1ly\u00e1n, azon k\u00edv\u00fcl is remek sr\u00e1cokr\u00f3l van sz\u00f3, akikben megb\u00edzhatok \u00e9s ez nagyon fontos. Igazi gy\u0151ztes t\u00edpus mindenki, profi mentalit\u00e1ssal, \u00e9s az is tiszt\u00e1n l\u00e1tszik, hogy remek k\u00e9pess\u00e9g\u0171ek az \u00fajonnan \u00e9rkez\u0151k. \u00cdgy azt\u00e1n egy nagyon j\u00f3 alapunk van ahhoz, hogy visszajussunk az NBIII-ba, \u00e9s itt nem csak a j\u00e1t\u00e9kosokra gondolok, hanem a szakmai st\u00e1bra is, na meg arra a hangulatra, amiben \u00e9lm\u00e9ny a k\u00f6z\u00f6s munka.\u00a0<\/em><\/p><\/blockquote>\n<p>Ez ut\u00f3bbiban nagy szerepe van a vezet\u0151edz\u0151 <strong>Harmati Tam\u00e1snak<\/strong>, aki egy igaz\u00e1n komplex tal\u00e1lkoz\u00f3k\u00e9nt eml\u00e9kszik a h\u00e9tv\u00e9gi kupap\u00e1rharcra.<\/p>\n<blockquote><p><em>&#8211; Igazi kupameccs volt, ahol mindk\u00e9t csapat mindent beleadott. Nagyon \u00f6sszetett m\u00e9rk\u0151z\u00e9s volt, ahol megmutattuk, hogy milyen potenci\u00e1l van benn\u00fcnk, \u00e9s hogy a cserek\u00e9nt besz\u00e1ll\u00f3k is k\u00e9pesek \u00faj lend\u00fcletet adni a csapatnak, amikor arra van sz\u00fcks\u00e9g. Az is megmutatkozott azonban, hogy ha nem siker\u00fclnek j\u00f3l a befejez\u00e9seink a m\u00e9rk\u0151z\u00e9sek els\u0151 id\u0151szak\u00e1ban, azzal alaposan megnehez\u00edthetj\u00fck a dolgunkat. \u00d6r\u00fcl\u00fcnk a tov\u00e1bbjut\u00e1snak, amit r\u00e1ad\u00e1sul emberh\u00e1tr\u00e1nyban harcoltunk ki \u00e9s annak is, hogy m\u00e9g m\u00e1sra is fel tudtuk haszn\u00e1lni ezt a kilencven percet. Gratul\u00e1lok a csapatomnak!<\/em><\/p><\/blockquote>\n<h3>Hajr\u00e1 Kelen!<\/h3>\n<p><em>Fot\u00f3: Kanizsay Zolt\u00e1n<\/em><\/p>\n<p>&nbsp;<\/p>\n","protected":false},"excerpt":{"rendered":"<p>A 76. perct\u0151l emberh\u00e1tr\u00e1nyban j\u00e1tszott, m\u00e9gis tov\u00e1bbjutott a Budapest Kup\u00e1ban a feln\u0151tt Kelen, amely a bajnoks\u00e1gban is versenyt\u00e1rs Testv\u00e9ris\u00e9g ellen egy hamis\u00edtatlan kupameccsen nyert 2-2-es d\u00f6ntetlen ut\u00e1n b\u00fcntet\u0151kkel. Kelen SC \u2013 Testv\u00e9ris\u00e9g SE 2:2 (0:0) &#8211; b\u00fcntet\u0151p\u00e1rbajt k\u00f6vet\u0151en 5:4 Budapest Kupa 3. fordul\u00f3 2021.02.13., szombat 17:00, Sport 11 G.:\u00a0Tim\u00e1ri N. (69\u2019, 84\u2019) S.:\u00a0Pint\u00e9r B. (80\u2019),&#8230;<\/p>\n","protected":false},"author":1375,"featured_media":17402,"comment_status":"closed","ping_status":"closed","sticky":false,"template":"","format":"standard","meta":{"inline_featured_image":false,"_exactmetrics_skip_tracking":false,"_exactmetrics_sitenote_active":false,"_exactmetrics_sitenote_note":"","_exactmetrics_sitenote_category":0,"footnotes":""},"categories":[11],"tags":[],"_links":{"self":[{"href":"https:\/\/kelensc.hu\/index.php\/wp-json\/wp\/v2\/posts\/17798"}],"collection":[{"href":"https:\/\/kelensc.hu\/index.php\/wp-json\/wp\/v2\/posts"}],"about":[{"href":"https:\/\/kelensc.hu\/index.php\/wp-json\/wp\/v2\/types\/post"}],"author":[{"embeddable":true,"href":"https:\/\/kelensc.hu\/index.php\/wp-json\/wp\/v2\/users\/1375"}],"replies":[{"embeddable":true,"href":"https:\/\/kelensc.hu\/index.php\/wp-json\/wp\/v2\/comments?post=17798"}],"version-history":[{"count":2,"href":"https:\/\/kelensc.hu\/index.php\/wp-json\/wp\/v2\/posts\/17798\/revisions"}],"predecessor-version":[{"id":17800,"href":"https:\/\/kelensc.hu\/index.php\/wp-json\/wp\/v2\/posts\/17798\/revisions\/17800"}],"wp:featuredmedia":[{"embeddable":true,"href":"https:\/\/kelensc.hu\/index.php\/wp-json\/wp\/v2\/media\/17402"}],"wp:attachment":[{"href":"https:\/\/kelensc.hu\/index.php\/wp-json\/wp\/v2\/media?parent=17798"}],"wp:term":[{"taxonomy":"category","embeddable":true,"href":"https:\/\/kelensc.hu\/index.php\/wp-json\/wp\/v2\/categories?post=17798"},{"taxonomy":"post_tag","embeddable":true,"href":"https:\/\/kelensc.hu\/index.php\/wp-json\/wp\/v2\/tags?post=17798"}],"curies":[{"name":"wp","href":"https:\/\/api.w.org\/{rel}","templated":true}]}}