{"id":17769,"date":"2021-02-09T13:01:28","date_gmt":"2021-02-09T12:01:28","guid":{"rendered":"https:\/\/kelensc.hu\/?p=17769"},"modified":"2021-02-09T13:01:28","modified_gmt":"2021-02-09T12:01:28","slug":"a-kelen-nelkul-nem-tartanek-itt-szakmailag-tavozik-horvath-eszter","status":"publish","type":"post","link":"https:\/\/kelensc.hu\/index.php\/a-kelen-nelkul-nem-tartanek-itt-szakmailag-tavozik-horvath-eszter\/","title":{"rendered":"A Kelen n\u00e9lk\u00fcl nem tartan\u00e9k itt szakmailag \u2013 t\u00e1vozik Horv\u00e1th Eszter"},"content":{"rendered":"<h3><strong>Ak\u00e1rcsak ut\u00e1np\u00f3tl\u00e1skor\u00fa j\u00e1t\u00e9kosaink, edz\u0151ink, vagy \u00e9pp feln\u0151tt labdar\u00fag\u00f3ink, klubunk eg\u00e9szs\u00e9g\u00fcgyi st\u00e1bj\u00e1nak eddigi vezet\u0151je, Horv\u00e1th Eszter is olyan k\u00f6zegbe ker\u00fclt a Kelenn\u00e9l, ahol minden adott ahhoz, hogy szakmailag szintet l\u00e9phessen &#8211; INTERJ\u00da.<\/strong><\/h3>\n<figure id=\"attachment_17770\" aria-describedby=\"caption-attachment-17770\" style=\"width: 2048px\" class=\"wp-caption alignnone\"><img decoding=\"async\" loading=\"lazy\" class=\"wp-image-17770 size-full\" src=\"https:\/\/kelensc.hu\/wp-content\/uploads\/2021\/02\/30052380_1929586370685620_8901487359610165297_o.jpg\" alt=\"\" width=\"2048\" height=\"1536\" srcset=\"https:\/\/kelensc.hu\/wp-content\/uploads\/2021\/02\/30052380_1929586370685620_8901487359610165297_o.jpg 2048w, https:\/\/kelensc.hu\/wp-content\/uploads\/2021\/02\/30052380_1929586370685620_8901487359610165297_o-640x480.jpg 640w, https:\/\/kelensc.hu\/wp-content\/uploads\/2021\/02\/30052380_1929586370685620_8901487359610165297_o-1280x960.jpg 1280w, https:\/\/kelensc.hu\/wp-content\/uploads\/2021\/02\/30052380_1929586370685620_8901487359610165297_o-768x576.jpg 768w, https:\/\/kelensc.hu\/wp-content\/uploads\/2021\/02\/30052380_1929586370685620_8901487359610165297_o-1536x1152.jpg 1536w, https:\/\/kelensc.hu\/wp-content\/uploads\/2021\/02\/30052380_1929586370685620_8901487359610165297_o-320x240.jpg 320w, https:\/\/kelensc.hu\/wp-content\/uploads\/2021\/02\/30052380_1929586370685620_8901487359610165297_o-382x287.jpg 382w, https:\/\/kelensc.hu\/wp-content\/uploads\/2021\/02\/30052380_1929586370685620_8901487359610165297_o-641x481.jpg 641w\" sizes=\"(max-width: 2048px) 100vw, 2048px\" \/><figcaption id=\"caption-attachment-17770\" class=\"wp-caption-text\">Horv\u00e1th Eszti a j\u00f3 hangulat\u00fa Kelenes \u00e9vek egy korai fot\u00f3j\u00e1n, h\u00e1tt\u00e9rben a n\u0151i csapattal, akikkel k\u00e9s\u0151bb st\u00e1btagk\u00e9nt is feljutott az els\u0151 oszt\u00e1lyba a kor\u00e1bbi magyar bajnok kapus<\/figcaption><\/figure>\n<p><strong>B\u0151 h\u00e1rom \u00e9vet k\u00f6vet\u0151en t\u00e1vozik a Kelen eg\u00e9szs\u00e9g\u00fcgyi st\u00e1bj\u00e1nak vezet\u0151je, Horv\u00e1th Eszter, aki a kor\u00e1bbi n\u0151i sz\u00f6vets\u00e9gi kapit\u00e1ny, Mark\u00f3 Edina felk\u00e9r\u00e9s\u00e9re a szombathelyi Ill\u00e9s Akad\u00e9mia n\u0151i szekci\u00f3j\u00e1nak eg\u00e9szs\u00e9g\u00fcgyi r\u00e9szleg\u00e9t seg\u00edt fel\u00e9p\u00edteni \u00e9s m\u0171k\u00f6dtetni a j\u00f6v\u0151ben. A szakmai rangl\u00e9tr\u00e1n egyre feljebb k\u00fasz\u00f3 Esztivel besz\u00e9lt\u00fcnk a labdar\u00fag\u00f3\u00e9vek kapcsolatair\u00f3l, a fejl\u0151d\u00e9sorient\u00e1lt szakmais\u00e1gr\u00f3l \u00e9s arr\u00f3l is, hogy a sokr\u00e9t\u0171 munkak\u00f6r \u00f6sszess\u00e9g\u00e9ben el\u0151ny is lehet.<\/strong><\/p>\n<blockquote><p><em>&#8211; Mark\u00f3 Edina keresett meg, \u00e9s h\u00edvott Szombathelyre, akivel az el\u0151z\u0151 f\u00e9l \u00e9vben egy\u00fctt dolgoztunk a v\u00e1logatottn\u00e1l, k\u00f6z\u00f6sen utaztunk Sv\u00e9dorsz\u00e1gba \u00e9s Lettorsz\u00e1gba, \u00e9s fogadtuk itthon Izlandot<\/em> \u2013 <strong>kezdte Horv\u00e1th Eszti, aki tavaly \u00f3ta nem csak okleveles massz\u0151r, de gy\u00f3gytorn\u00e1sz diplom\u00e1t is szerzett, \u00e9s \u00faj \u00e1llom\u00e1shely\u00e9n is els\u0151sorban ebbe a munkak\u00f6rbe \u00e9rkezik.<\/strong> &#8211; <em>B\u0151 h\u00e1rom \u00e9ve \u00e9rkeztem a Kelenhez, ami alatt sz\u00e9p fejl\u0151d\u00e9si \u00edvet \u00edrt le a klub \u00e9s az eg\u00e9szs\u00e9g\u00fcgyi szekci\u00f3 is, mi p\u00e9ld\u00e1ul \u00f6sszesen ketten kezdt\u00fcnk Palot\u00e1s Andival, tavaly pedig m\u00e1r nyolc specialista alkotta az E\u00dc st\u00e1bot, \u00fagyhogy mindig h\u00e1l\u00e1s leszek a lehet\u0151s\u00e9g\u00e9rt, hogy itt kibontakozhattam.<\/em><\/p><\/blockquote>\n<p><strong>&#8211; Massz\u0151rk\u00e9nt \u00e9rkezt\u00e9l \u00e9s \u00fagy l\u00e9psz feljebb, hogy egy teljes eg\u00e9szs\u00e9g\u00fcgyi szekci\u00f3 vezet\u0151je volt\u00e1l, aki imm\u00e1r gy\u00f3gytorn\u00e1szk\u00e9nt is, a s\u00e9r\u00fcl\u00e9skezel\u00e9s teljes folyamat\u00e1ra r\u00e1l\u00e1t \u00e9s kompetens is benne \u2013 ez ut\u00f3bbi mennyit sz\u00e1m\u00edt a hat\u00e9konys\u00e1got tekintve?<\/strong><\/p>\n<blockquote><p><em>&#8211; K\u00e9t teljesen elt\u00e9r\u0151 munkak\u00f6r a massz\u0151r\u00e9 \u00e9s a gy\u00f3gytorn\u00e1sz\u00e9, mik\u00f6zben nagyon szorosan \u00e9p\u00fcl egyik a m\u00e1sikra, \u00e9s a s\u00e9r\u00fcl\u00e9skezel\u00e9s folyamat\u00e1ban is egym\u00e1st k\u00f6vetik, \u00fagyhogy nagy kih\u00edv\u00e1s ekkora ter\u00fcleten hat\u00e9konynak lenni &#8211; m\u00e9gis \u00fagy \u00e9rzem, el\u0151nnyel indulok azokkal szemben, akik csak az egyik, vagy csak a m\u00e1sik ter\u00fclet szakemberei. A p\u00e1r hetes lehet\u0151s\u00e9g, hogy valakit elind\u00edts a gy\u00f3gyul\u00e1s \u00fatj\u00e1n most m\u00e1r ak\u00e1r t\u00f6bb h\u00f3napra ny\u00fal\u00f3 felel\u0151ss\u00e9get is jelenthet, ami alatt viszont teljesen v\u00e9gigvihet\u0151 a rehabilit\u00e1ci\u00f3, r\u00e1ad\u00e1sul g\u00f6rd\u00fcl\u00e9kenyebben, mert minden r\u00e9szletet ismerve viszem v\u00e9gig a folyamatot. A s\u00e9r\u00fcl\u00e9skezel\u00e9s els\u0151 pillanat\u00e1t\u00f3l kezdve figyelhetem, hogy milyen reakci\u00f3k \u00e9rkeznek a k\u00fcl\u00f6nb\u00f6z\u0151 m\u00f3dszerekre, \u00e9s azt\u00e1n nem \u00e1tadnom kell ezt a tud\u00e1st a lehet\u0151 legjobban, hanem egyszer\u0171en csak felhaszn\u00e1lnom. Persze ha megfelel\u0151 a kommunik\u00e1ci\u00f3 \u00e9s szoros az egy\u00fcttm\u0171k\u00f6d\u00e9s a munkat\u00e1rsakkal, akkor ezt t\u00f6bb szem\u00e9ly is v\u00e9gezheti g\u00f6rd\u00fcl\u00e9kenyen, szerencs\u00e9re a Kelen eg\u00e9szs\u00e9g\u00fcgyi st\u00e1bj\u00e1ban ez alapvet\u0151en j\u00f3l m\u0171k\u00f6d\u00f6tt. <\/em><\/p><\/blockquote>\n<figure id=\"attachment_17772\" aria-describedby=\"caption-attachment-17772\" style=\"width: 4610px\" class=\"wp-caption alignnone\"><img decoding=\"async\" loading=\"lazy\" class=\"wp-image-17772 size-full\" src=\"https:\/\/kelensc.hu\/wp-content\/uploads\/2021\/02\/IMG_3453.jpg\" alt=\"\" width=\"4610\" height=\"1872\" srcset=\"https:\/\/kelensc.hu\/wp-content\/uploads\/2021\/02\/IMG_3453.jpg 4610w, https:\/\/kelensc.hu\/wp-content\/uploads\/2021\/02\/IMG_3453-640x260.jpg 640w, https:\/\/kelensc.hu\/wp-content\/uploads\/2021\/02\/IMG_3453-1280x520.jpg 1280w, https:\/\/kelensc.hu\/wp-content\/uploads\/2021\/02\/IMG_3453-768x312.jpg 768w, https:\/\/kelensc.hu\/wp-content\/uploads\/2021\/02\/IMG_3453-1536x624.jpg 1536w, https:\/\/kelensc.hu\/wp-content\/uploads\/2021\/02\/IMG_3453-2048x832.jpg 2048w, https:\/\/kelensc.hu\/wp-content\/uploads\/2021\/02\/IMG_3453-320x130.jpg 320w, https:\/\/kelensc.hu\/wp-content\/uploads\/2021\/02\/IMG_3453-382x155.jpg 382w, https:\/\/kelensc.hu\/wp-content\/uploads\/2021\/02\/IMG_3453-641x260.jpg 641w\" sizes=\"(max-width: 4610px) 100vw, 4610px\" \/><figcaption id=\"caption-attachment-17772\" class=\"wp-caption-text\">Nem csak a n\u0151i szekci\u00f3val \u00e9rt el sikereket st\u00e1btagk\u00e9nt Horv\u00e1th Eszter, aki feln\u0151tt f\u00e9rfi csapatunkkal 2019-ben feljutott az NBIII-ba \u00e9s Budapest Kupa gy\u0151ztes is lett<\/figcaption><\/figure>\n<p>Ebben a g\u00f6rd\u00fcl\u00e9kenys\u00e9gben Eszti szakmai partnere <strong>Borb\u00e9ly Zita<\/strong> volt gy\u00f3gytorn\u00e1szk\u00e9nt, aki szint\u00e9n t\u00e1vozik a Kelent\u0151l, \u00e9s aki Esztihez hasonl\u00f3an a szakmai teljesk\u00f6r\u0171s\u00e9gre t\u00f6rekszik.<\/p>\n<blockquote><p><em><strong>&#8211; A p\u00e1ly\u00e1m elej\u00e9n j\u00e1rok \u00e9s m\u00e9g a tapasztalatszerz\u00e9s id\u0151szak\u00e1ban, amiben nagy seg\u00edts\u00e9gemre volt a Kelen, hiszen rengeteg szakmai kih\u00edv\u00e1ssal tal\u00e1lkoztam. Ugyanakkor nem k\u00e9nyelmesedhetek el, \u00fajabb \u00e9s \u00fajabb helyzetekben szeretn\u00e9k helyt\u00e1llni, sz\u00e9lesk\u00f6r\u0171 ismeretekkel gazdagodni, \u00e9s a szakter\u00fcletem legk\u00fcl\u00f6nb\u00f6z\u0151bb feladatait megoldani. \u00dagy hiszem, hogy ezen az \u00faton j\u00e1rva lehetek majd a p\u00e1ciensek sz\u00e1m\u00e1ra legjobb t\u00e1rs a gy\u00f3gyul\u00e1sban. Az viszont biztos, hogy az itt megtapasztalt k\u00f6z\u00f6ss\u00e9gi mechanizmusok \u00e9s \u00e9rt\u00e9kek, \u00e9s az eg\u00e9szen speci\u00e1lis feladatok nagy seg\u00edts\u00e9gemre lesznek a p\u00e1ly\u00e1mon, ez\u00e9rt pedig mindig h\u00e1l\u00e1s leszek. Szuper k\u00f6z\u00f6ss\u00e9g ez, amit sose fogok elfelejteni.<\/strong> <\/em><\/p><\/blockquote>\n<figure id=\"attachment_17773\" aria-describedby=\"caption-attachment-17773\" style=\"width: 4288px\" class=\"wp-caption alignnone\"><img decoding=\"async\" loading=\"lazy\" class=\"wp-image-17773 size-full\" src=\"https:\/\/kelensc.hu\/wp-content\/uploads\/2021\/02\/Borbely-Zita.jpg\" alt=\"\" width=\"4288\" height=\"2848\" srcset=\"https:\/\/kelensc.hu\/wp-content\/uploads\/2021\/02\/Borbely-Zita.jpg 4288w, https:\/\/kelensc.hu\/wp-content\/uploads\/2021\/02\/Borbely-Zita-640x425.jpg 640w, https:\/\/kelensc.hu\/wp-content\/uploads\/2021\/02\/Borbely-Zita-1280x850.jpg 1280w, https:\/\/kelensc.hu\/wp-content\/uploads\/2021\/02\/Borbely-Zita-768x510.jpg 768w, https:\/\/kelensc.hu\/wp-content\/uploads\/2021\/02\/Borbely-Zita-1536x1020.jpg 1536w, https:\/\/kelensc.hu\/wp-content\/uploads\/2021\/02\/Borbely-Zita-2048x1360.jpg 2048w, https:\/\/kelensc.hu\/wp-content\/uploads\/2021\/02\/Borbely-Zita-320x213.jpg 320w, https:\/\/kelensc.hu\/wp-content\/uploads\/2021\/02\/Borbely-Zita-382x254.jpg 382w, https:\/\/kelensc.hu\/wp-content\/uploads\/2021\/02\/Borbely-Zita-641x426.jpg 641w\" sizes=\"(max-width: 4288px) 100vw, 4288px\" \/><figcaption id=\"caption-attachment-17773\" class=\"wp-caption-text\">Borb\u00e9ly Zita szakmailag \u00e9s k\u00f6z\u00f6ss\u00e9gileg is izgalmas \u00e9lm\u00e9nyekkel t\u00e1vozik<\/figcaption><\/figure>\n<p>Ad\u00f3dik azonban a k\u00e9rd\u00e9s, hogy ez a munkak\u00f6ri sokr\u00e9t\u0171s\u00e9g, amire Zita t\u00f6rekszik, \u00e9s ami Horv\u00e1th Eszti napi szint\u0171 k\u00fcldet\u00e9se volt, vajon seg\u00edti, vagy h\u00e1tr\u00e1ltatja a speci\u00e1lis tud\u00e1s kibontakoz\u00e1s\u00e1t?<\/p>\n<blockquote><p><em>&#8211; Nem egyszer\u0171 feladat, ez biztos, de \u00fagy \u00e9rzem, hogy nagyon j\u00f3 alap lesz minden tov\u00e1bbi munk\u00e1mhoz, hiszen nem csak a szakmai, hanem a szervez\u00e9si r\u00e9sz\u00e9be is el\u00e9g akt\u00edvan cs\u00f6ppentem bele, a beszerz\u00e9st\u0151l kezdve a munkarend kialak\u00edt\u00e1s\u00e1n \u00e1t a s\u00e9r\u00fcl\u00e9skezel\u00e9si folyamatprotokoll megalkot\u00e1s\u00e1ig &#8211; <\/em><strong>folytatta Horv\u00e1th Eszter.<\/strong><em> &#8211; Ez lehet persze h\u00e1tr\u00e1ny is, de \u00e9n valahogy mindig is az el\u0151ny oldal\u00e1r\u00f3l k\u00f6zel\u00edtettem meg. K\u00fcl\u00f6n \u00e9lm\u00e9ny volt, hogy mennyi mindent megtudok \u00edgy tapasztalni, amiket azt\u00e1n a karrierem k\u00e9s\u0151bbi szakasz\u00e1ban is eg\u00e9szen biztosan az el\u0151ny\u00f6mre tudok majd form\u00e1lni. Aki fejl\u0151dni akar, annak a Kelen t\u00f6k\u00e9letes hely.<\/em><\/p><\/blockquote>\n<p>Eszti sem st\u00e1bvezet\u0151k\u00e9nt kezdte a szakm\u00e1t s\u0151t, nem is a Kelenben, hiszen 2014-ben m\u00e9g kor\u00e1bbi MTK-s edz\u0151je, Turt\u00f3czki S\u00e1ndor h\u00edvta a n\u0151i U19-es v\u00e1logatotthoz a kor\u00e1bbi kapust.<\/p>\n<blockquote><p><em>&#8211; Addigra m\u00e1r nem j\u00e1tszottam, viszont megszereztem a massz\u0151ri k\u00e9pes\u00edt\u00e9st, Sanyi b\u00e1 pedig ismert engem \u00e9s elh\u00edvott a v\u00e1logatotthoz. Az U19-esek mellett azt\u00e1n a kisebb koroszt\u00e1lyokhoz is beseg\u00edtettem, v\u00e9g\u00fcl tavaly a nagy v\u00e1logatotthoz ker\u00fcltem. Ek\u00f6zben f\u00e9l\u00faton \u00e9rkezett a Kelenes lehet\u0151s\u00e9g, 2017-ben, ahol szint\u00e9n massz\u0151rk\u00e9nt kezdtem, viszont egy olyan k\u00f6zegben, ahol nem csak elv\u00e1r\u00e1s volt a fejl\u0151d\u00e9s, de adott is volt hozz\u00e1 minden. Andreas van den Aker fel\u00e9 l\u00e9nyeg\u00e9ben b\u00e1rmivel fordulhattam, ha arr\u00f3l volt sz\u00f3, hogy jobb legyen valami a Kelenen bel\u00fcl. De nem csak seg\u00edtette \u00e9s fel\u00fcgyelte a munk\u00e1nkat, hanem hagyott is minket \u00f6n\u00e1ll\u00f3an dolgozni, ami nagy seg\u00edts\u00e9g ahhoz, hogy val\u00f3ban mag\u00e1ra vegye az ember a felel\u0151ss\u00e9get. <\/em><\/p><\/blockquote>\n<p><strong>&#8211; Mekkora volt a te felel\u0151ss\u00e9ged a st\u00e1b kialak\u00edt\u00e1s\u00e1ban?<\/strong><\/p>\n<blockquote><p><em>&#8211; Be kell valljam, hogy a Kelen eg\u00e9szs\u00e9g\u00fcgyi st\u00e1bj\u00e1ban mindenkit ismertem m\u00e1r kor\u00e1bbr\u00f3l, de nem ez volt a v\u00e1logat\u00e1si elv, hiszen sok mindenkit ismerek. Papp Eszter doktorn\u0151 m\u00e1r azel\u0151tt seg\u00edtett a Kelenes j\u00e1t\u00e9kosok kezel\u00e9s\u00e9ben, hogy hivatalos lett volna a klub \u00e9s k\u00f6zte az egy\u00fcttm\u0171k\u00f6d\u00e9s az \u00fajak pedig mind \u00fagy \u00e9rkeztek, hogy szakter\u00fclet\u00fck tehets\u00e9ges k\u00e9pvisel\u0151i, akik a hivat\u00e1studatuk miatt csatlakozhattak hozz\u00e1nk, \u00e9s akik \u00e9pp emiatt szerett\u00e9k is ezt a lehet\u0151s\u00e9get, mert val\u00f3ban fejl\u0151dhetnek. L\u00e9nyeg a l\u00e9nyeg, ha Andreas nem ilyen nyitott szellemis\u00e9g\u0171, aki mindig sz\u00e1n id\u0151t arra, hogy le\u00fclj\u00fcnk, \u00e9s meghallgassa a fejleszt\u00e9si koncepci\u00f3t, akkor mindebb\u0151l semmi nem val\u00f3sult volna meg. <\/em><\/p><\/blockquote>\n<p><strong>&#8211; A Kelen n\u00e9lk\u00fcl is itt tartan\u00e1l most, hogy a kor\u00e1bbi n\u0151i sz\u00f6vets\u00e9gi kapit\u00e1ny cs\u00e1b\u00edt el az orsz\u00e1g egyik kiemelt akad\u00e9mi\u00e1j\u00e1hoz?<\/strong><\/p>\n<blockquote><p><em>&#8211; Ha azt n\u00e9zem, hogy labdar\u00fag\u00f3k\u00e9nt milyen kapcsolatokra tettem szert, akkor ak\u00e1r lehetne igen is a v\u00e1laszom, ami viszont biztos, hogy szakmailag egy\u00e1ltal\u00e1n nem tartan\u00e9k itt, ha nincs a Kelen. <\/em><\/p><\/blockquote>\n<figure id=\"attachment_17775\" aria-describedby=\"caption-attachment-17775\" style=\"width: 1800px\" class=\"wp-caption alignnone\"><img decoding=\"async\" loading=\"lazy\" class=\"wp-image-17775 size-full\" src=\"https:\/\/kelensc.hu\/wp-content\/uploads\/2021\/02\/1072624_626779927339894_1601169119_o.jpg\" alt=\"\" width=\"1800\" height=\"1200\" srcset=\"https:\/\/kelensc.hu\/wp-content\/uploads\/2021\/02\/1072624_626779927339894_1601169119_o.jpg 1800w, https:\/\/kelensc.hu\/wp-content\/uploads\/2021\/02\/1072624_626779927339894_1601169119_o-640x427.jpg 640w, https:\/\/kelensc.hu\/wp-content\/uploads\/2021\/02\/1072624_626779927339894_1601169119_o-1280x853.jpg 1280w, https:\/\/kelensc.hu\/wp-content\/uploads\/2021\/02\/1072624_626779927339894_1601169119_o-768x512.jpg 768w, https:\/\/kelensc.hu\/wp-content\/uploads\/2021\/02\/1072624_626779927339894_1601169119_o-1536x1024.jpg 1536w, https:\/\/kelensc.hu\/wp-content\/uploads\/2021\/02\/1072624_626779927339894_1601169119_o-320x213.jpg 320w, https:\/\/kelensc.hu\/wp-content\/uploads\/2021\/02\/1072624_626779927339894_1601169119_o-382x255.jpg 382w, https:\/\/kelensc.hu\/wp-content\/uploads\/2021\/02\/1072624_626779927339894_1601169119_o-641x427.jpg 641w\" sizes=\"(max-width: 1800px) 100vw, 1800px\" \/><figcaption id=\"caption-attachment-17775\" class=\"wp-caption-text\">Az NBI-es MTK kapusak\u00e9nt a sport\u00e9letben ma is ismer\u0151s arcok oldal\u00e1n nyert magyar bajnoki c\u00edmet Horv\u00e1th Eszter<\/figcaption><\/figure>\n<blockquote><p><em>&#8211; A szakmaiak mellett pedig a szem\u00e9lyes kapcsolatok is sokat sz\u00e1m\u00edtottak, a Kelenhez is \u00fagy \u00e9rkeztem, hogy m\u00e1r sokakat ismertem a focib\u00f3l \u00e9s \u00edgy egy pillanatra sem volt idegen az \u00faj k\u00f6zeg. Azt\u00e1n t\u00f6bb munkat\u00e1rssal bar\u00e1ti kapcsolat is kialakult, Major Csongor szem\u00e9ly\u00e9ben p\u00e9ld\u00e1ul az egyik legjobb szakembert ismertem meg, aki ek\u00f6zben emberk\u00e9nt is remek, Borb\u00e9ly Zita pedig olyan rugalmass\u00e1got mutatott munkav\u00e9gz\u00e9s k\u00f6zben, amit szinte nem is v\u00e1rtam el &#8211; profi volt \u00e9s csapatj\u00e1t\u00e9kos. Nem is gondolom \u00fagy, hogy az eff\u00e9le kapcsolatok megszakadn\u00e1nak csak az\u00e9rt, mert egy m\u00e1sik v\u00e1rosba megyek dolgozni. \u00dagyhogy rengeteget kaptam a Kelent\u0151l, rem\u00e9lem adni is tudtam valamennyit.<\/em><\/p><\/blockquote>\n<p><strong>&#8211; Efel\u0151l k\u00e9ts\u00e9g\u00fcnk nem lehet, hiszen az \u00faj igazol\u00e1saink szerint orsz\u00e1gos szinten is t\u00e9nyez\u0151nek sz\u00e1m\u00edt a Kelen eg\u00e9szs\u00e9g\u00fcgyi szekci\u00f3ja\u2026<\/strong><\/p>\n<blockquote><p><em>&#8211; Ez \u00edgy is van, \u00e9n p\u00e9ld\u00e1ul a szakdolgozatomat is annak szenteltem, hogy felm\u00e9rtem, hogy hogyan alakul az eg\u00e9szs\u00e9g\u00fcgyi ell\u00e1t\u00e1sa a magyar labdar\u00fag\u00f3 kluboknak, mindezt f\u00e9rfiakn\u00e1l az els\u0151 h\u00e1rom oszt\u00e1lyban, m\u00edg a n\u0151kn\u00e9l az \u00e9lvonalban. A kutat\u00e1s alapj\u00e1n kijelenthet\u0151, hogy az itteni st\u00e1b a f\u00e9rfi NBII-es csapatok ell\u00e1totts\u00e1g\u00e1nak szintj\u00e9n van, ha \u00fagy tekint\u00fcnk a szakember\u00e1llom\u00e1nyra, mint aki csak a feln\u0151tt csapatokkal dolgozik. Persze a Kelenn\u00e9l k\u00f6zel 800 sportol\u00f3\u00e9rt van felel\u0151s\u00e9ggel ez a szekci\u00f3, m\u00e9gis, orsz\u00e1gos szinten csak a kiemelt akad\u00e9mi\u00e1k vannak jobban ell\u00e1tva. Az viszont biztos, hogy a Kelenhez hasonl\u00f3 eg\u00e9szs\u00e9g\u00fcgyi fejl\u0151d\u00e9st\u00f6rt\u00e9netek miatt manaps\u00e1g sokkal jobb fiatal sportol\u00f3nak lenni, mint j\u00f3 p\u00e1r \u00e9ve, amikor sokkal t\u00f6bb minden \u00e1llhatott egy karrier, vagy \u00e9pp a j\u00e1t\u00e9k\u00e9lm\u00e9ny \u00fatj\u00e1ba. \u00c9s pont az \u00e9n p\u00e9ld\u00e1m mond ennek ellent, de alapvet\u0151en nem hiszem, hogy n\u0151i szinten innen az eg\u00e9szs\u00e9g\u00fcgyi st\u00e1bb\u00f3l b\u00e1rki tal\u00e1lna jobb helyet, mint a Kelen. \u00dagyhogy \u00e9lm\u00e9ny volt, amit k\u00f6sz\u00f6n\u00f6k, \u00e9s ha m\u00e1shol nem, a p\u00e1lya sz\u00e9l\u00e9n \u00fagyis tal\u00e1lkozunk m\u00e9g.<\/em><\/p><\/blockquote>\n<p><strong>Mi is k\u00f6sz\u00f6nj\u00fck Eszti \u00e9s Zita, ak\u00e1r egyes\u00e9vel is sokan lenn\u00e9nk azok, aki szem\u00e9lyesen nektek h\u00e1l\u00e1sak a fel\u00e9p\u00fcl\u00e9s\u00fck\u00e9rt. B\u00e1rhova is sodor titeket az \u00e9let, sok sikert k\u00edv\u00e1nunk!<\/strong><\/p>\n<p>&nbsp;<\/p>\n<p><img decoding=\"async\" loading=\"lazy\" class=\"alignnone size-full wp-image-17782\" src=\"https:\/\/kelensc.hu\/wp-content\/uploads\/2021\/02\/Eszti-1.jpg\" alt=\"\" width=\"1978\" height=\"2209\" srcset=\"https:\/\/kelensc.hu\/wp-content\/uploads\/2021\/02\/Eszti-1.jpg 1978w, https:\/\/kelensc.hu\/wp-content\/uploads\/2021\/02\/Eszti-1-640x715.jpg 640w, https:\/\/kelensc.hu\/wp-content\/uploads\/2021\/02\/Eszti-1-1280x1429.jpg 1280w, https:\/\/kelensc.hu\/wp-content\/uploads\/2021\/02\/Eszti-1-768x858.jpg 768w, https:\/\/kelensc.hu\/wp-content\/uploads\/2021\/02\/Eszti-1-1375x1536.jpg 1375w, https:\/\/kelensc.hu\/wp-content\/uploads\/2021\/02\/Eszti-1-1834x2048.jpg 1834w, https:\/\/kelensc.hu\/wp-content\/uploads\/2021\/02\/Eszti-1-320x357.jpg 320w, https:\/\/kelensc.hu\/wp-content\/uploads\/2021\/02\/Eszti-1-382x427.jpg 382w, https:\/\/kelensc.hu\/wp-content\/uploads\/2021\/02\/Eszti-1-641x716.jpg 641w\" sizes=\"(max-width: 1978px) 100vw, 1978px\" \/><\/p>\n<p>A b\u00facs\u00fa mellett ugyanakkor fontos az is, hogy k\u00e9t t\u00e1voz\u00f3nk hely\u00e9re hasonl\u00f3 mentalit\u00e1s\u00fa szakemberek \u00e9rkeznek, \u00edgy klubunk eg\u00e9szs\u00e9g\u00fcgyi ell\u00e1totts\u00e1ga tov\u00e1bbra is kiemelked\u0151 maradhat. Eszti \u00e9s Zita hely\u00e9re r\u00e1ad\u00e1sul n\u00e9gy \u00faj szakember is \u00e9rkezik \u2013 a m\u00e1r eddig is beseg\u00edt\u0151 <strong>\u00c1cs Krisztina<\/strong>, massz\u0151r mellett <strong>Kel\u00e9nyi Szabolcs<\/strong> is csatlakozik a st\u00e1bhoz, aki a f\u00e9rfi els\u0151 csapat massz\u0151re lesz, m\u00edg <strong>Szab\u00f3 Daniella<\/strong> gy\u00f3gytorn\u00e1szk\u00e9nt \u00e9rkezik a Kelenbe. Mellett\u00fck egy f\u0151vel b\u0151v\u00fcl az orvosi st\u00e1b is, <strong>dr.<\/strong> <strong>Szil\u00e1gyi Tam\u00e1s <\/strong>a f\u00e9rfi I. csapat szakmai konzulense lesz. A szekci\u00f3 \u00faj vezet\u0151je pedig innent\u0151l <strong>Derzs\u00e9nyi Dorina<\/strong>, akinek seg\u00edts\u00e9g\u00e9vel \u00faj specialist\u00e1inkat is bemutatjuk majd itt, honlapunkon.<\/p>\n<h3><strong>K\u00f6sz\u00f6n\u00fcnk m\u00e9g egyszer mindent, \u00e9s Hajr\u00e1 Kelen!<\/strong><\/h3>\n<p>&nbsp;<\/p>\n","protected":false},"excerpt":{"rendered":"<p>Ak\u00e1rcsak ut\u00e1np\u00f3tl\u00e1skor\u00fa j\u00e1t\u00e9kosaink, edz\u0151ink, vagy \u00e9pp feln\u0151tt labdar\u00fag\u00f3ink, klubunk eg\u00e9szs\u00e9g\u00fcgyi st\u00e1bj\u00e1nak eddigi vezet\u0151je, Horv\u00e1th Eszter is olyan k\u00f6zegbe ker\u00fclt a Kelenn\u00e9l, ahol minden adott ahhoz, hogy szakmailag szintet l\u00e9phessen &#8211; INTERJ\u00da. B\u0151 h\u00e1rom \u00e9vet k\u00f6vet\u0151en t\u00e1vozik a Kelen eg\u00e9szs\u00e9g\u00fcgyi st\u00e1bj\u00e1nak vezet\u0151je, Horv\u00e1th Eszter, aki a kor\u00e1bbi n\u0151i sz\u00f6vets\u00e9gi kapit\u00e1ny, Mark\u00f3 Edina felk\u00e9r\u00e9s\u00e9re a szombathelyi Ill\u00e9s&#8230;<\/p>\n","protected":false},"author":1375,"featured_media":17770,"comment_status":"closed","ping_status":"closed","sticky":false,"template":"","format":"standard","meta":{"inline_featured_image":false,"_exactmetrics_skip_tracking":false,"_exactmetrics_sitenote_active":false,"_exactmetrics_sitenote_note":"","_exactmetrics_sitenote_category":0,"footnotes":""},"categories":[1],"tags":[],"_links":{"self":[{"href":"https:\/\/kelensc.hu\/index.php\/wp-json\/wp\/v2\/posts\/17769"}],"collection":[{"href":"https:\/\/kelensc.hu\/index.php\/wp-json\/wp\/v2\/posts"}],"about":[{"href":"https:\/\/kelensc.hu\/index.php\/wp-json\/wp\/v2\/types\/post"}],"author":[{"embeddable":true,"href":"https:\/\/kelensc.hu\/index.php\/wp-json\/wp\/v2\/users\/1375"}],"replies":[{"embeddable":true,"href":"https:\/\/kelensc.hu\/index.php\/wp-json\/wp\/v2\/comments?post=17769"}],"version-history":[{"count":7,"href":"https:\/\/kelensc.hu\/index.php\/wp-json\/wp\/v2\/posts\/17769\/revisions"}],"predecessor-version":[{"id":17783,"href":"https:\/\/kelensc.hu\/index.php\/wp-json\/wp\/v2\/posts\/17769\/revisions\/17783"}],"wp:featuredmedia":[{"embeddable":true,"href":"https:\/\/kelensc.hu\/index.php\/wp-json\/wp\/v2\/media\/17770"}],"wp:attachment":[{"href":"https:\/\/kelensc.hu\/index.php\/wp-json\/wp\/v2\/media?parent=17769"}],"wp:term":[{"taxonomy":"category","embeddable":true,"href":"https:\/\/kelensc.hu\/index.php\/wp-json\/wp\/v2\/categories?post=17769"},{"taxonomy":"post_tag","embeddable":true,"href":"https:\/\/kelensc.hu\/index.php\/wp-json\/wp\/v2\/tags?post=17769"}],"curies":[{"name":"wp","href":"https:\/\/api.w.org\/{rel}","templated":true}]}}