{"id":14275,"date":"2020-01-09T17:03:34","date_gmt":"2020-01-09T17:03:34","guid":{"rendered":"http:\/\/kelensc.hu\/?p=14275"},"modified":"2020-01-09T17:03:34","modified_gmt":"2020-01-09T17:03:34","slug":"biztos-helyen-a-labda","status":"publish","type":"post","link":"https:\/\/kelensc.hu\/index.php\/biztos-helyen-a-labda\/","title":{"rendered":"Biztos helyen a labda"},"content":{"rendered":"<h4><strong>Al\u00e1\u00edrt csapatunkhoz a technik\u00e1s \u00e9s labdabiztos j\u00e1t\u00e9k\u00e1r\u00f3l ismert Erdei Andr\u00e1s, aki nyert m\u00e1r NBIII-as bajnoks\u00e1got, \u00e9s az NBII-ben is k\u00f6t\u00f6tt m\u00e1r csom\u00f3t a v\u00e9d\u0151k l\u00e1b\u00e1ra.<\/strong><\/h4>\n<p><a href=\"http:\/\/kelensc.hu\/wp-content\/uploads\/2020\/01\/69880218_2523818220995323_2173777463555915776_o.jpg\"><img decoding=\"async\" loading=\"lazy\" class=\"alignnone size-full wp-image-14276\" src=\"http:\/\/kelensc.hu\/wp-content\/uploads\/2020\/01\/69880218_2523818220995323_2173777463555915776_o.jpg\" alt=\"\" width=\"960\" height=\"551\" srcset=\"https:\/\/kelensc.hu\/wp-content\/uploads\/2020\/01\/69880218_2523818220995323_2173777463555915776_o.jpg 960w, https:\/\/kelensc.hu\/wp-content\/uploads\/2020\/01\/69880218_2523818220995323_2173777463555915776_o-382x219.jpg 382w, https:\/\/kelensc.hu\/wp-content\/uploads\/2020\/01\/69880218_2523818220995323_2173777463555915776_o-641x368.jpg 641w, https:\/\/kelensc.hu\/wp-content\/uploads\/2020\/01\/69880218_2523818220995323_2173777463555915776_o-300x172.jpg 300w, https:\/\/kelensc.hu\/wp-content\/uploads\/2020\/01\/69880218_2523818220995323_2173777463555915776_o-768x441.jpg 768w, https:\/\/kelensc.hu\/wp-content\/uploads\/2020\/01\/69880218_2523818220995323_2173777463555915776_o-100x57.jpg 100w, https:\/\/kelensc.hu\/wp-content\/uploads\/2020\/01\/69880218_2523818220995323_2173777463555915776_o-50x29.jpg 50w, https:\/\/kelensc.hu\/wp-content\/uploads\/2020\/01\/69880218_2523818220995323_2173777463555915776_o-25x14.jpg 25w\" sizes=\"(max-width: 960px) 100vw, 960px\" \/><\/a><\/p>\n<blockquote><p><strong><em>&#8222;Andris k\u00e9pess\u00e9geivel m\u00e1r a Pusk\u00e1s Akad\u00e9mi\u00e1n is tiszt\u00e1ban voltam, azt\u00e1n a Kecskem\u00e9t elleni hazai bajnokin \u00fajra tapasztaltam testk\u00f6zelb\u0151l, mit is tud &#8211; mindent elmond a teljes\u00edtm\u00e9ny\u00e9r\u0151l, hogy a mez\u0151ny legjobbja volt Csepelen. Nagyon technik\u00e1s j\u00e1t\u00e9kos, aki j\u00f3l hozza helyzetbe a t\u00e1rsait, k\u00e9pes ak\u00e1r t\u00f6bb embert is levenni az ellenf\u00e9l t\u00e9rfel\u00e9n lend\u00fcletes j\u00e1t\u00e9k\u00e1val. Emellett nagyon tud vigy\u00e1zni a labd\u00e1ra, j\u00f3l fedezi azt, \u00edgy kev\u00e9sszer adja el a j\u00e1t\u00e9kszert. Fontos szerepl\u0151 lehet tavasszal!&#8221;<\/em><\/strong><\/p><\/blockquote>\n<p><strong>Harmati Tam\u00e1sn\u00e1l<\/strong> jobban mi sem tudn\u00e1nk bemutatni leg\u00fajabb, \u00e9s imm\u00e1r negyedik t\u00e9li igazol\u00e1sunkat, a Kecskem\u00e9tr\u0151l \u00e9rkez\u0151 Erdei Andr\u00e1st. A 22 \u00e9ves t\u00e1mad\u00f3 k\u00f6z\u00e9pp\u00e1ly\u00e1s <a href=\"http:\/\/kelensc.hu\/index.php\/vissza-magyarorszagra-a-kelen-jatekosa-lett-zima-adam\/\" target=\"_blank\" rel=\"noopener noreferrer\">Zima \u00c1d\u00e1mhoz<\/a> \u00e9s <a href=\"http:\/\/kelensc.hu\/index.php\/szeretnek-vezeregyenisegge-valni\/\" target=\"_blank\" rel=\"noopener noreferrer\">Pint\u00e9r Benc\u00e9hez<\/a> hasonl\u00f3an a Pusk\u00e1s Akad\u00e9mia neveltje, \u0151k h\u00e1rman Harmati Tam\u00e1s keze alatt csapatt\u00e1rsak is voltak kor\u00e1bban. Andr\u00e1s k\u00e9s\u0151bb Piny\u0151vel k\u00f6z\u00f6sen megmutathatta mag\u00e1t az NBII-es Cs\u00e1kv\u00e1rn\u00e1l is, azt\u00e1n a tavalyi szezonban m\u00e1r a Szeged csapat\u00e1n\u00e1l lett alapember, \u00e9s meg is nyerte a pontvad\u00e1szatot a Tisza-partiakkal. A j\u00f3 ked\u00e9ly\u0171 Erdei Andr\u00e1ssal t\u00f6bbek k\u00f6zt a bajnoks\u00e1g er\u0151viszonyair\u00f3l, az \u00fajra \u00f6ssze\u00e1ll\u00f3 gyerekkori tengelyr\u0151l, \u00e9s a fiatal labdar\u00fag\u00f3k c\u00e9ltudatos \u00fatj\u00e1r\u00f3l is besz\u00e9lgett\u00fcnk.<\/p>\n<p><strong>Id\u00e9n m\u00e1r a harmadik labdar\u00fag\u00f3 vagy, aki kor\u00e1bbi Pusk\u00e1s Akad\u00e9mi\u00e1s j\u00e1t\u00e9kosk\u00e9nt \u00e9rkezik hozz\u00e1nk, r\u00e1ad\u00e1sul Pint\u00e9r Benc\u00e9vel \u00e9s Zima \u00c1d\u00e1mmal egy csapatban is j\u00e1tszottatok, volt k\u00f6ztetek egym\u00e1sra hat\u00e1s a d\u00f6nt\u00e9sed el\u0151tt?<\/strong><\/p>\n<p><em>&#8211; Zima \u00c1d\u00e1m keresett engem el\u0151sz\u00f6r, \u0151 mes\u00e9lt a klubr\u00f3l \u00e9s rajta kereszt\u00fcl jutott el a telefonsz\u00e1mom Harmati Tomi b\u00e1ig. Nagyon \u00f6r\u00fcl\u00f6k, hogy v\u00e9g\u00fcl t\u00e9nyleg j\u00f6tt a megkeres\u00e9s, mert nem csak \u00c1dival, de Piny\u0151vel is sokat j\u00e1tszottunk egy\u00fctt, Benc\u00e9vel r\u00e1ad\u00e1sul a Cs\u00e1kv\u00e1rn\u00e1l is. Sokat sz\u00e1m\u00edtottak \u0151k ahhoz, hogy ideigazoljak, mert a p\u00e1ly\u00e1n k\u00edv\u00fcl is j\u00f3 kapcsolatot \u00e1polunk, \u00e9s persze Tomi b\u00e1 h\u00edv\u00f3 szava is j\u00f3l esett.<\/em><\/p>\n<p><strong>Kapus, v\u00e9dekez\u0151 k\u00f6z\u00e9pp\u00e1ly\u00e1s, t\u00e1mad\u00f3 k\u00f6z\u00e9pp\u00e1ly\u00e1s \u2013 \u00fajra \u00f6ssze\u00e1llhat egy m\u00e1r kor\u00e1bban j\u00f3l m\u0171k\u00f6d\u0151 tengely?<\/strong><\/p>\n<p><em>&#8211; Biztos, hogy megl\u00e1tszik majd a p\u00e1ly\u00e1n is, hogy j\u00f3l ismerj\u00fck egym\u00e1st, ezt a r\u00e9szt v\u00e1rom is nagyon, de persze meg kell majd k\u00fczden\u00fcnk nek\u00fcnk is a csapatba ker\u00fcl\u00e9s\u00e9rt. El\u00e9g felszabad\u00edt\u00f3 egy\u00e9bk\u00e9nt ez a szitu\u00e1ci\u00f3, hogy a gyerekkori t\u00e1rsakkal j\u00e1tszhatok egy\u00fctt \u00fajra.<\/em><\/p>\n<p><strong>\u00c9s egy fiatalkori edz\u0151d keze alatt \u2013 Harmati Tam\u00e1s technik\u00e1s, labdabiztos j\u00e1t\u00e9kosk\u00e9nt \u00edrt le t\u00e9ged, te hogy jellemezn\u00e9d magad, mely k\u00e9pess\u00e9geiddel tudod majd seg\u00edteni a Kelent?<\/strong><\/p>\n<p><em>&#8211; J\u00f3l l\u00e1tja Tomi b\u00e1, \u00e9s j\u00f3l is esnek a szavai. A labd\u00e1s gyorsas\u00e1gom ak\u00e1r \u00e1tlag felettinek is mondhat\u00f3, \u00e9s rendre j\u00f3l oldom meg az egy az egy elleni szitu\u00e1ci\u00f3kat, amik sokat \u00e9rhetnek az NBIII-ban, de egy\u00e9bk\u00e9nt is akkor \u00e9rzem igaz\u00e1n elememben magam, akkor vagyok a leghasznosabb, ha sokat van n\u00e1lam a j\u00e1t\u00e9kszer. Ehhez nagyon j\u00f3l passzol p\u00e9ld\u00e1ul Pint\u00e9r Bence j\u00e1t\u00e9ka, aki ek\u00f6zben egy igazi harcos \u00e9s mindent megtesz a labda megszerz\u00e9s\u00e9\u00e9rt. Mindig is nagyon szerettem vele egy\u00fctt j\u00e1tszani, mert a k\u00e9pess\u00e9geink remek\u00fcl kieg\u00e9sz\u00edtik egym\u00e1st.<\/em><\/p>\n<figure id=\"attachment_14277\" aria-describedby=\"caption-attachment-14277\" style=\"width: 1920px\" class=\"wp-caption alignnone\"><a href=\"http:\/\/kelensc.hu\/wp-content\/uploads\/2020\/01\/2020-01-09_05-19-28.jpg\"><img decoding=\"async\" loading=\"lazy\" class=\"wp-image-14277 size-full\" src=\"http:\/\/kelensc.hu\/wp-content\/uploads\/2020\/01\/2020-01-09_05-19-28.jpg\" alt=\"\" width=\"1920\" height=\"1280\" srcset=\"https:\/\/kelensc.hu\/wp-content\/uploads\/2020\/01\/2020-01-09_05-19-28.jpg 1920w, https:\/\/kelensc.hu\/wp-content\/uploads\/2020\/01\/2020-01-09_05-19-28-382x255.jpg 382w, https:\/\/kelensc.hu\/wp-content\/uploads\/2020\/01\/2020-01-09_05-19-28-641x427.jpg 641w, https:\/\/kelensc.hu\/wp-content\/uploads\/2020\/01\/2020-01-09_05-19-28-300x200.jpg 300w, https:\/\/kelensc.hu\/wp-content\/uploads\/2020\/01\/2020-01-09_05-19-28-768x512.jpg 768w, https:\/\/kelensc.hu\/wp-content\/uploads\/2020\/01\/2020-01-09_05-19-28-1024x683.jpg 1024w, https:\/\/kelensc.hu\/wp-content\/uploads\/2020\/01\/2020-01-09_05-19-28-100x67.jpg 100w, https:\/\/kelensc.hu\/wp-content\/uploads\/2020\/01\/2020-01-09_05-19-28-50x33.jpg 50w, https:\/\/kelensc.hu\/wp-content\/uploads\/2020\/01\/2020-01-09_05-19-28-25x17.jpg 25w, https:\/\/kelensc.hu\/wp-content\/uploads\/2020\/01\/2020-01-09_05-19-28-272x182.jpg 272w\" sizes=\"(max-width: 1920px) 100vw, 1920px\" \/><\/a><figcaption id=\"caption-attachment-14277\" class=\"wp-caption-text\">Persze, ha arr\u00f3l van sz\u00f3, Andr\u00e1s sem megy a szomsz\u00e9dba egy kis kem\u00e9nys\u00e9g\u00e9rt<\/figcaption><\/figure>\n<p><strong>Erre, ahogy eml\u00edtetted nem csak az ut\u00e1np\u00f3tl\u00e1s \u00e9veidben, de Cs\u00e1kv\u00e1ron is lehet\u0151s\u00e9ged volt k\u00f6lcs\u00f6nj\u00e1t\u00e9kosk\u00e9nt. Az akad\u00e9mia ut\u00e1ni karrierkezd\u00e9s sor\u00e1n azt\u00e1n a Szegeddel feljutottatok az NBII-be, m\u00e9gis v\u00e1ltott\u00e1l, most f\u00e9l \u00e9vet k\u00f6vet\u0151en pedig \u00fajra, mi miatt igazolsz rendre \u00faj helyre?<\/strong><\/p>\n<p><em>&#8211; A Pusk\u00e1s Akad\u00e9mi\u00e1n\u00e1l t\u00f6lt\u00f6tt id\u0151szakot nagyon szerettem, de \u0151szint\u00e9n sz\u00f3lva belek\u00e9nyelmesedtem, \u00e9s tal\u00e1n \u00e9pp emiatt nem l\u00e1ttam magam el\u0151tt azt a lehet\u0151s\u00e9get, hogy feljebb jussak. Magasabb szinten akartam focizni, ahol viszont m\u00e1r nem f\u00e9r bele a k\u00e9nyelmess\u00e9g, ez\u00e9rt v\u00e1ltanom kellett. Szegeden impon\u00e1l\u00f3 tervvel \u00e1lltak el\u00e9m, meg is nyert\u00fck a bajnoks\u00e1got, amely sor\u00e1n csak egy meccsen nem l\u00e9ptem p\u00e1ly\u00e1ra, mondhatni alapembernek sz\u00e1m\u00edtottam. \u00c9rkezett is a szerz\u0151d\u00e9shosszabb\u00edt\u00e1si aj\u00e1nlat, aminek ugyanakkor nem tudtunk megegyezni a r\u00e9szleteiben, ett\u0151l azt\u00e1n a j\u00e1t\u00e9kperceim is vesz\u00e9lybe ker\u00fcltek, ez\u00e9rt igazoltam Kecskem\u00e9tre. J\u00f3l indult minden ott is, g\u00f3lpasszokkal h\u00e1l\u00e1ltam meg a bizalmat, azt\u00e1n viszont be kell valljam, hogy \u00f6sszek\u00fcl\u00f6nb\u00f6zt\u00fcnk az edz\u0151vel, \u00edgy pedig se a csapat sz\u00e1m\u00e1ra, se nekem nem volt j\u00f3 a szitu\u00e1ci\u00f3. Valamennyire \u00fatkeres\u00e9s is ez nekem, viszont nem szenvedek t\u0151le, mert a c\u00e9lom adott.<\/em><\/p>\n<p><strong>Sz\u00f3 esett a g\u00f3lpasszokr\u00f3l \u00e9s az olykor \u00e1tlag feletti k\u00e9pess\u00e9geidr\u0151l, a g\u00f3lok viszont nem nagyon j\u00f6ttek eddig a feln\u0151tt mez\u0151nyben annak ellen\u00e9re sem, hogy k\u00f6zvetlen\u00fcl a t\u00e1mad\u00f3k m\u00f6g\u00f6tt j\u00e1tszol \u2013 mi lehet szerinted ennek az oka?<\/strong><\/p>\n<p><em>&#8211; \u00c9rdekes ez, mert nekem is hi\u00e1nyoznak valamelyest a g\u00f3lok, de \u00e9n valahogy mindig ink\u00e1bb kiszolg\u00e1l\u00f3nak tartottam magam. Alapvet\u0151en magabiztosan j\u00e1tszom, a g\u00f3ll\u00f6v\u00e9s m\u00e9gis egy m\u00e1sfajta \u00f6nbizalmi \u00e1llapot, amihez szerencse is kell. Nagyon sokat sz\u00e1m\u00edtanak a t\u00e1rsak \u00e9s az edz\u0151 szem\u00e9lye is, akik nagyban befoly\u00e1solj\u00e1k, hogy mit hiszel el magadr\u00f3l, na meg persze a j\u00e1t\u00e9krendszer is, hogy odaker\u00fclj a kapu el\u00e9. Persze, ha sorra adom a g\u00f3lpasszokat, akkor nem fog ez megzavarni engem, mert \u00fagyis a csapat sikeress\u00e9ge a c\u00e9l. De el tudom k\u00e9pzelni, hogy pont a Kelenn\u00e9l szakad \u00e1t a g\u00e1t, \u00e9s itt j\u00f6nnek meg a g\u00f3lok. \u00cdgy belegondolva tudn\u00e1m \u00e9lvezni azt is.<\/em><\/p>\n<figure id=\"attachment_14278\" aria-describedby=\"caption-attachment-14278\" style=\"width: 959px\" class=\"wp-caption alignnone\"><a href=\"http:\/\/kelensc.hu\/wp-content\/uploads\/2020\/01\/70411495_2523818410995304_3168646551081844736_o.jpg\"><img decoding=\"async\" loading=\"lazy\" class=\"wp-image-14278 size-full\" src=\"http:\/\/kelensc.hu\/wp-content\/uploads\/2020\/01\/70411495_2523818410995304_3168646551081844736_o.jpg\" alt=\"\" width=\"959\" height=\"514\" srcset=\"https:\/\/kelensc.hu\/wp-content\/uploads\/2020\/01\/70411495_2523818410995304_3168646551081844736_o.jpg 959w, https:\/\/kelensc.hu\/wp-content\/uploads\/2020\/01\/70411495_2523818410995304_3168646551081844736_o-382x205.jpg 382w, https:\/\/kelensc.hu\/wp-content\/uploads\/2020\/01\/70411495_2523818410995304_3168646551081844736_o-641x344.jpg 641w, https:\/\/kelensc.hu\/wp-content\/uploads\/2020\/01\/70411495_2523818410995304_3168646551081844736_o-300x161.jpg 300w, https:\/\/kelensc.hu\/wp-content\/uploads\/2020\/01\/70411495_2523818410995304_3168646551081844736_o-768x412.jpg 768w, https:\/\/kelensc.hu\/wp-content\/uploads\/2020\/01\/70411495_2523818410995304_3168646551081844736_o-100x54.jpg 100w, https:\/\/kelensc.hu\/wp-content\/uploads\/2020\/01\/70411495_2523818410995304_3168646551081844736_o-50x27.jpg 50w, https:\/\/kelensc.hu\/wp-content\/uploads\/2020\/01\/70411495_2523818410995304_3168646551081844736_o-25x13.jpg 25w\" sizes=\"(max-width: 959px) 100vw, 959px\" \/><\/a><figcaption id=\"caption-attachment-14278\" class=\"wp-caption-text\">Idei egyetlen bajnoki g\u00f3lja ut\u00e1n nagy volt az \u00f6r\u00f6m, megmutatkoz\u00f3 \u00e9rzelmeit alapul v\u00e9ve nem is kicsit \u00e9lvezn\u00e9 Andr\u00e1s, ha kiny\u00edlna a g\u00f3lzs\u00e1k<\/figcaption><\/figure>\n<p><strong>Vissza az \u00fatkeres\u00e9shez \u2013 m\u00e9g ak\u00e1r profit\u00e1lhatunk is a szerte\u00e1gaz\u00f3 \u00e9lm\u00e9nyeidb\u0151l, hiszen \u00e1llom\u00e1said k\u00f6z\u00fcl a Szeged \u00e9s a Kecskem\u00e9t j\u00e1t\u00e9kosak\u00e9nt is az NBIII. K\u00f6z\u00e9p-csoportj\u00e1ban focizt\u00e1l, \u00e9s van r\u00e1l\u00e1t\u00e1sod az er\u0151viszonyokra. Milyennek l\u00e1tod ezek alapj\u00e1n a bajnoks\u00e1got, mennyi es\u00e9lye van bent maradni a Kelennek?<\/strong><\/p>\n<p><em>&#8211; M\u00e1r az \u0151szi meccs ut\u00e1n is meglep\u0151nek tartottam azt, ahol a Kelen \u00e1ll a tabell\u00e1n, mert el\u00e9g szervezetten j\u00e1tszottak ellen\u00fcnk, mik\u00f6zben t\u00f6bb olyan csapat is van a bajnoks\u00e1gban, amely sokkal szervezetlenebb\u00fcl j\u00e1tszik, m\u00e9gis el\u0151kel\u0151bb helyen \u00e1ll. Viszont az ott tapasztaltakb\u00f3l kiindulva, az \u00faj igazol\u00e1sokkal meger\u0151s\u00edtve, \u00e9s arra \u00e9p\u00edtve, ahogy most m\u00e1r a gyakorlatban is megtapasztalhattam, hogy milyen munk\u00e1t v\u00e9gez a csapat Harmati Tam\u00e1s ir\u00e1ny\u00edt\u00e1s\u00e1val, nem lehet probl\u00e9ma abb\u00f3l, hogy bent maradjunk. \u00c9n legal\u00e1bbis \u00edgy \u00e1llok hozz\u00e1, \u00e9s nem csak a felsz\u00ednen, de m\u00e9lyen bel\u00fcl is \u00edgy gondolom. <\/em><\/p>\n<p><strong>Legyen igaza Andr\u00e1snak!<\/strong> A 2020-as \u00e9v h\u00edrei alapj\u00e1n pedig nem csak felki\u00e1ltva mondhatj\u00e1k ezt a Kelen szurkol\u00f3k, hanem jogos rem\u00e9nnyel is, hiszen <a href=\"http:\/\/kelensc.hu\/index.php\/golvago-cegledrol-alairt-lukacs-richard\/\" target=\"_blank\" rel=\"noopener noreferrer\">Luk\u00e1cs Rich\u00e1rd<\/a>, <a href=\"http:\/\/kelensc.hu\/index.php\/vissza-magyarorszagra-a-kelen-jatekosa-lett-zima-adam\/\" target=\"_blank\" rel=\"noopener noreferrer\">Zima \u00c1d\u00e1m<\/a>, <a href=\"http:\/\/kelensc.hu\/index.php\/szeretnek-vezeregyenisegge-valni\/\" target=\"_blank\" rel=\"noopener noreferrer\">Pint\u00e9r Bence<\/a> \u00e9s Erdei Andr\u00e1s r\u00e9v\u00e9n min\u0151s\u00e9gi j\u00e1t\u00e9kosokkal b\u0151v\u00fclt Harmati Tam\u00e1s kerete, amely m\u00e1rcius 8-\u00e1n az Iv\u00e1ncsa elleni hazai m\u00e9rk\u0151z\u00e9ssel kezdi meg tavaszi bajnoki menetel\u00e9s\u00e9t.<\/p>\n<h4><strong>\u00dcdv n\u00e1lunk Andr\u00e1s!<\/strong><\/h4>\n","protected":false},"excerpt":{"rendered":"<p>Al\u00e1\u00edrt csapatunkhoz a technik\u00e1s \u00e9s labdabiztos j\u00e1t\u00e9k\u00e1r\u00f3l ismert Erdei Andr\u00e1s, aki nyert m\u00e1r NBIII-as bajnoks\u00e1got, \u00e9s az NBII-ben is k\u00f6t\u00f6tt m\u00e1r csom\u00f3t a v\u00e9d\u0151k l\u00e1b\u00e1ra. &#8222;Andris k\u00e9pess\u00e9geivel m\u00e1r a Pusk\u00e1s Akad\u00e9mi\u00e1n is tiszt\u00e1ban voltam, azt\u00e1n a Kecskem\u00e9t elleni hazai bajnokin \u00fajra tapasztaltam testk\u00f6zelb\u0151l, mit is tud &#8211; mindent elmond a teljes\u00edtm\u00e9ny\u00e9r\u0151l, hogy a mez\u0151ny legjobbja&#8230;<\/p>\n","protected":false},"author":1375,"featured_media":14276,"comment_status":"open","ping_status":"open","sticky":false,"template":"","format":"standard","meta":{"inline_featured_image":false,"_exactmetrics_skip_tracking":false,"_exactmetrics_sitenote_active":false,"_exactmetrics_sitenote_note":"","_exactmetrics_sitenote_category":0,"footnotes":""},"categories":[11],"tags":[],"_links":{"self":[{"href":"https:\/\/kelensc.hu\/index.php\/wp-json\/wp\/v2\/posts\/14275"}],"collection":[{"href":"https:\/\/kelensc.hu\/index.php\/wp-json\/wp\/v2\/posts"}],"about":[{"href":"https:\/\/kelensc.hu\/index.php\/wp-json\/wp\/v2\/types\/post"}],"author":[{"embeddable":true,"href":"https:\/\/kelensc.hu\/index.php\/wp-json\/wp\/v2\/users\/1375"}],"replies":[{"embeddable":true,"href":"https:\/\/kelensc.hu\/index.php\/wp-json\/wp\/v2\/comments?post=14275"}],"version-history":[{"count":5,"href":"https:\/\/kelensc.hu\/index.php\/wp-json\/wp\/v2\/posts\/14275\/revisions"}],"predecessor-version":[{"id":14283,"href":"https:\/\/kelensc.hu\/index.php\/wp-json\/wp\/v2\/posts\/14275\/revisions\/14283"}],"wp:featuredmedia":[{"embeddable":true,"href":"https:\/\/kelensc.hu\/index.php\/wp-json\/wp\/v2\/media\/14276"}],"wp:attachment":[{"href":"https:\/\/kelensc.hu\/index.php\/wp-json\/wp\/v2\/media?parent=14275"}],"wp:term":[{"taxonomy":"category","embeddable":true,"href":"https:\/\/kelensc.hu\/index.php\/wp-json\/wp\/v2\/categories?post=14275"},{"taxonomy":"post_tag","embeddable":true,"href":"https:\/\/kelensc.hu\/index.php\/wp-json\/wp\/v2\/tags?post=14275"}],"curies":[{"name":"wp","href":"https:\/\/api.w.org\/{rel}","templated":true}]}}