{"id":13144,"date":"2019-09-08T18:32:56","date_gmt":"2019-09-08T18:32:56","guid":{"rendered":"http:\/\/kelensc.hu\/?p=13144"},"modified":"2019-09-08T18:44:53","modified_gmt":"2019-09-08T18:44:53","slug":"jelena-kelen-sc-42","status":"publish","type":"post","link":"https:\/\/kelensc.hu\/index.php\/jelena-kelen-sc-42\/","title":{"rendered":"Jelena \u2013 Kelen SC 4:2"},"content":{"rendered":"<p style=\"font-weight: 400;\"><u>2019.09.08., vas\u00e1rnap 16:00, Koz\u00e1rmislenyi Stadion, 250 n\u00e9z\u0151<\/u><\/p>\n<p style=\"font-weight: 400;\"><strong><em>MLSZ NBIII. K\u00f6z\u00e9p csoport 6.<\/em><\/strong><strong><em>fordul\u00f3<\/em><\/strong><\/p>\n<p style=\"font-weight: 400;\"><strong>HR-Rent Koz\u00e1rmisleny \u2013 Kelen SC 4:2 (2:2)<\/strong><\/p>\n<p style=\"font-weight: 400;\"><strong>G.:<\/strong>\u00a0Jelena R. (18\u2019, 23\u2019, 76\u2019 b\u00fcntet\u0151b\u0151l, 87\u2019) ill., Balogh B.(13\u2019), Ko\u00f3s B.(32\u2019)<\/p>\n<p style=\"font-weight: 400;\"><strong>S.:<\/strong>\u00a0F\u00fcredi Sz. (45\u2019), Jelena R.(72\u2019) ill., M\u00f3dly M.(48\u2019), Ha\u00e1la K.(76\u2019)<\/p>\n<p style=\"font-weight: 400;\"><strong>P.:<\/strong>\u00a0&#8211; ill., &#8211;<\/p>\n<p style=\"font-weight: 400;\"><strong>\u00d6ssze\u00e1ll\u00edt\u00e1s:<\/strong>\u00a0Ha\u00e1la K. \u2013 M\u00f3dly M. (Zsibor\u00e1s Z. 58\u2019), K\u00f6nczey M., Megyesi T., Dank\u00f3 M. \u2013 R\u0151thy M. \u2013 Ko\u00f3s B. (Szab\u00f3 B. 65\u2019), Kiss. (Kun B. 69\u2019), Kasza D., K\u00e1d\u00e1r M. \u2013 Balogh B.<\/p>\n<p style=\"font-weight: 400;\"><strong>Cser\u00e9k:<\/strong>\u00a0Balogh P., Kun B., Nagy Zs., Zsibor\u00e1s Z., Bak\u00f3 K., Szab\u00f3 B., Horv\u00e1th D.<\/p>\n<p><a href=\"http:\/\/kelensc.hu\/wp-content\/uploads\/2019\/09\/20190908_202007.jpg\"><img decoding=\"async\" loading=\"lazy\" class=\"alignnone size-full wp-image-13145\" src=\"http:\/\/kelensc.hu\/wp-content\/uploads\/2019\/09\/20190908_202007.jpg\" alt=\"\" width=\"1246\" height=\"714\" srcset=\"https:\/\/kelensc.hu\/wp-content\/uploads\/2019\/09\/20190908_202007.jpg 1246w, https:\/\/kelensc.hu\/wp-content\/uploads\/2019\/09\/20190908_202007-382x219.jpg 382w, https:\/\/kelensc.hu\/wp-content\/uploads\/2019\/09\/20190908_202007-641x367.jpg 641w, https:\/\/kelensc.hu\/wp-content\/uploads\/2019\/09\/20190908_202007-300x172.jpg 300w, https:\/\/kelensc.hu\/wp-content\/uploads\/2019\/09\/20190908_202007-768x440.jpg 768w, https:\/\/kelensc.hu\/wp-content\/uploads\/2019\/09\/20190908_202007-1024x587.jpg 1024w, https:\/\/kelensc.hu\/wp-content\/uploads\/2019\/09\/20190908_202007-100x57.jpg 100w, https:\/\/kelensc.hu\/wp-content\/uploads\/2019\/09\/20190908_202007-50x29.jpg 50w, https:\/\/kelensc.hu\/wp-content\/uploads\/2019\/09\/20190908_202007-25x14.jpg 25w\" sizes=\"(max-width: 1246px) 100vw, 1246px\" \/><\/a><\/p>\n<p style=\"font-weight: 400;\"><strong>Edz\u0151i \u00e9rt\u00e9kel\u00e9s:<\/strong><\/p>\n<p style=\"font-weight: 400;\">A m\u00e9rk\u0151z\u00e9sen egy j\u00e1t\u00e9kos jelentette az igazi k\u00fcl\u00f6nbs\u00e9get, Jelena Rich\u00e1rd, aki 4 g\u00f3lt szerezett \u00e9s ezzel otthon tartotta a 3 pontot. A csapatom k\u00fcl\u00f6n\u00f6sen az els\u0151 f\u00e9lid\u0151 els\u0151 fel\u00e9ben kifejezetten j\u00f3l j\u00e1tszott \u00e9s siker\u00fclt is megszerezni a vezet\u00e9st.<\/p>\n<p><a href=\"http:\/\/kelensc.hu\/wp-content\/uploads\/2019\/09\/20190908_202056.jpg\"><img decoding=\"async\" loading=\"lazy\" class=\"alignnone size-full wp-image-13146\" src=\"http:\/\/kelensc.hu\/wp-content\/uploads\/2019\/09\/20190908_202056.jpg\" alt=\"\" width=\"1279\" height=\"720\" srcset=\"https:\/\/kelensc.hu\/wp-content\/uploads\/2019\/09\/20190908_202056.jpg 1279w, https:\/\/kelensc.hu\/wp-content\/uploads\/2019\/09\/20190908_202056-382x215.jpg 382w, https:\/\/kelensc.hu\/wp-content\/uploads\/2019\/09\/20190908_202056-641x361.jpg 641w, https:\/\/kelensc.hu\/wp-content\/uploads\/2019\/09\/20190908_202056-300x169.jpg 300w, https:\/\/kelensc.hu\/wp-content\/uploads\/2019\/09\/20190908_202056-768x432.jpg 768w, https:\/\/kelensc.hu\/wp-content\/uploads\/2019\/09\/20190908_202056-1024x576.jpg 1024w, https:\/\/kelensc.hu\/wp-content\/uploads\/2019\/09\/20190908_202056-100x56.jpg 100w, https:\/\/kelensc.hu\/wp-content\/uploads\/2019\/09\/20190908_202056-50x28.jpg 50w, https:\/\/kelensc.hu\/wp-content\/uploads\/2019\/09\/20190908_202056-25x14.jpg 25w\" sizes=\"(max-width: 1279px) 100vw, 1279px\" \/><\/a><\/p>\n<p style=\"font-weight: 400;\">Ezt azonban nagyon k\u00f6nnyen vissza is adtuk, de volt tart\u00e1sa a csapatnak \u00e9s egy sz\u00e9p g\u00f3llal visszaj\u00f6tt\u00fcnk a m\u00e9rk\u0151z\u00e9sbe.<\/p>\n<p><a href=\"http:\/\/kelensc.hu\/wp-content\/uploads\/2019\/09\/20190908_202127.jpg\"><img decoding=\"async\" loading=\"lazy\" class=\"alignnone size-full wp-image-13147\" src=\"http:\/\/kelensc.hu\/wp-content\/uploads\/2019\/09\/20190908_202127.jpg\" alt=\"\" width=\"1190\" height=\"635\" srcset=\"https:\/\/kelensc.hu\/wp-content\/uploads\/2019\/09\/20190908_202127.jpg 1190w, https:\/\/kelensc.hu\/wp-content\/uploads\/2019\/09\/20190908_202127-382x204.jpg 382w, https:\/\/kelensc.hu\/wp-content\/uploads\/2019\/09\/20190908_202127-641x342.jpg 641w, https:\/\/kelensc.hu\/wp-content\/uploads\/2019\/09\/20190908_202127-300x160.jpg 300w, https:\/\/kelensc.hu\/wp-content\/uploads\/2019\/09\/20190908_202127-768x410.jpg 768w, https:\/\/kelensc.hu\/wp-content\/uploads\/2019\/09\/20190908_202127-1024x546.jpg 1024w, https:\/\/kelensc.hu\/wp-content\/uploads\/2019\/09\/20190908_202127-100x53.jpg 100w, https:\/\/kelensc.hu\/wp-content\/uploads\/2019\/09\/20190908_202127-50x27.jpg 50w, https:\/\/kelensc.hu\/wp-content\/uploads\/2019\/09\/20190908_202127-25x13.jpg 25w\" sizes=\"(max-width: 1190px) 100vw, 1190px\" \/><\/a><\/p>\n<p style=\"font-weight: 400;\">A m\u00e1sodik f\u00e9lid\u0151ben azt\u00e1n nem tudtuk tartani azt a szintet, amit az els\u0151 j\u00e1t\u00e9kr\u00e9szben k\u00e9pviselt\u00fcnk. Meg kell tanulnunk ezen v\u00e1ltoztatni \u00e9s akkor j\u00f6nnek majd a pontok is. A j\u00e1t\u00e9kosok hozz\u00e1\u00e1ll\u00e1s\u00e1val ez\u00fattal is el\u00e9gedettek lehet\u00fcnk.<\/p>\n<p style=\"font-weight: 400;\">Hajr\u00e1 Kelen SC!<\/p>\n","protected":false},"excerpt":{"rendered":"<p>2019.09.08., vas\u00e1rnap 16:00, Koz\u00e1rmislenyi Stadion, 250 n\u00e9z\u0151 MLSZ NBIII. K\u00f6z\u00e9p csoport 6.fordul\u00f3 HR-Rent Koz\u00e1rmisleny \u2013 Kelen SC 4:2 (2:2) G.:\u00a0Jelena R. (18\u2019, 23\u2019, 76\u2019 b\u00fcntet\u0151b\u0151l, 87\u2019) ill., Balogh B.(13\u2019), Ko\u00f3s B.(32\u2019) S.:\u00a0F\u00fcredi Sz. (45\u2019), Jelena R.(72\u2019) ill., M\u00f3dly M.(48\u2019), Ha\u00e1la K.(76\u2019) P.:\u00a0&#8211; ill., &#8211; \u00d6ssze\u00e1ll\u00edt\u00e1s:\u00a0Ha\u00e1la K. \u2013 M\u00f3dly M. (Zsibor\u00e1s Z. 58\u2019), K\u00f6nczey M., Megyesi&#8230;<\/p>\n","protected":false},"author":13,"featured_media":13146,"comment_status":"open","ping_status":"open","sticky":false,"template":"","format":"standard","meta":{"inline_featured_image":false,"_exactmetrics_skip_tracking":false,"_exactmetrics_sitenote_active":false,"_exactmetrics_sitenote_note":"","_exactmetrics_sitenote_category":0,"footnotes":""},"categories":[11],"tags":[],"_links":{"self":[{"href":"https:\/\/kelensc.hu\/index.php\/wp-json\/wp\/v2\/posts\/13144"}],"collection":[{"href":"https:\/\/kelensc.hu\/index.php\/wp-json\/wp\/v2\/posts"}],"about":[{"href":"https:\/\/kelensc.hu\/index.php\/wp-json\/wp\/v2\/types\/post"}],"author":[{"embeddable":true,"href":"https:\/\/kelensc.hu\/index.php\/wp-json\/wp\/v2\/users\/13"}],"replies":[{"embeddable":true,"href":"https:\/\/kelensc.hu\/index.php\/wp-json\/wp\/v2\/comments?post=13144"}],"version-history":[{"count":2,"href":"https:\/\/kelensc.hu\/index.php\/wp-json\/wp\/v2\/posts\/13144\/revisions"}],"predecessor-version":[{"id":13150,"href":"https:\/\/kelensc.hu\/index.php\/wp-json\/wp\/v2\/posts\/13144\/revisions\/13150"}],"wp:featuredmedia":[{"embeddable":true,"href":"https:\/\/kelensc.hu\/index.php\/wp-json\/wp\/v2\/media\/13146"}],"wp:attachment":[{"href":"https:\/\/kelensc.hu\/index.php\/wp-json\/wp\/v2\/media?parent=13144"}],"wp:term":[{"taxonomy":"category","embeddable":true,"href":"https:\/\/kelensc.hu\/index.php\/wp-json\/wp\/v2\/categories?post=13144"},{"taxonomy":"post_tag","embeddable":true,"href":"https:\/\/kelensc.hu\/index.php\/wp-json\/wp\/v2\/tags?post=13144"}],"curies":[{"name":"wp","href":"https:\/\/api.w.org\/{rel}","templated":true}]}}