{"id":13118,"date":"2019-09-05T17:49:56","date_gmt":"2019-09-05T17:49:56","guid":{"rendered":"http:\/\/kelensc.hu\/?p=13118"},"modified":"2019-09-05T17:50:36","modified_gmt":"2019-09-05T17:50:36","slug":"nehez-ut-a-mienk-de-jarhato","status":"publish","type":"post","link":"https:\/\/kelensc.hu\/index.php\/nehez-ut-a-mienk-de-jarhato\/","title":{"rendered":"Neh\u00e9z \u00fat a mi\u00e9nk, de j\u00e1rhat\u00f3!"},"content":{"rendered":"<h4><span style=\"color: #000000;\">Neh\u00e9z \u00fat a mi\u00e9nk, de j\u00e1rhat\u00f3!<\/span><\/h4>\n<p><span style=\"color: #000000;\">Mik\u00f6zben \u201eLepi\u201d a gyepet ny\u00edrja odakint, idebent Mil\u00e1n a h\u00e9tv\u00e9gi meccsr\u0151l k\u00e9sz\u00fclt felv\u00e9telb\u0151l v\u00e1gja ki a legfontosabb k\u00e9psorokat, Em\u00edlia a napi teend\u0151kre k\u00e9sz\u00fcl g\u0151zer\u0151vel, Tam\u00e1s egyik telefont int\u00e9zi a m\u00e1sik ut\u00e1n, Andreas pedig \u00e9ppen beesik egy megbesz\u00e9l\u00e9sr\u0151l. Mondhatni, egy a h\u00e9tk\u00f6znapi d\u00e9lel\u0151tt\u00f6k k\u00f6z\u00fcl. A hangulat is olyan, amilyen lenni szokott (l\u00e1sd m\u00e9g: felh\u0151tlen), m\u00e9g akkor sem fordul komorabbra, amikor sz\u00f3ba ker\u00fcl a f\u00e9rfi csapat NB III-as rajtja.<\/span><\/p>\n<p><a href=\"http:\/\/kelensc.hu\/wp-content\/uploads\/2019\/09\/F5.jpg\"><img decoding=\"async\" loading=\"lazy\" class=\"alignnone size-full wp-image-13123\" src=\"http:\/\/kelensc.hu\/wp-content\/uploads\/2019\/09\/F5.jpg\" alt=\"\" width=\"960\" height=\"540\" srcset=\"https:\/\/kelensc.hu\/wp-content\/uploads\/2019\/09\/F5.jpg 960w, https:\/\/kelensc.hu\/wp-content\/uploads\/2019\/09\/F5-382x215.jpg 382w, https:\/\/kelensc.hu\/wp-content\/uploads\/2019\/09\/F5-641x361.jpg 641w, https:\/\/kelensc.hu\/wp-content\/uploads\/2019\/09\/F5-300x169.jpg 300w, https:\/\/kelensc.hu\/wp-content\/uploads\/2019\/09\/F5-768x432.jpg 768w, https:\/\/kelensc.hu\/wp-content\/uploads\/2019\/09\/F5-100x56.jpg 100w, https:\/\/kelensc.hu\/wp-content\/uploads\/2019\/09\/F5-50x28.jpg 50w, https:\/\/kelensc.hu\/wp-content\/uploads\/2019\/09\/F5-25x14.jpg 25w\" sizes=\"(max-width: 960px) 100vw, 960px\" \/><\/a><\/p>\n<p><span style=\"color: #000000;\"><strong><em>\u201eTal\u00e1n az a legfontosabb, hogy tiszt\u00e1zzuk, mi a c\u00e9l az els\u0151 csapatn\u00e1l<\/em><\/strong> \u2013 v\u00e1g bele Andreas van den Aker, egyes\u00fclet\u00fcnk eln\u00f6ke. \u2013 <strong><em>K\u00e9t \u00e9ve, vagyis ami\u00f3ta Harmati Tam\u00e1s lett a szakmai igazgat\u00f3, azt az elvet valljuk, hogy a lehet\u0151 legt\u00f6bb seg\u00edts\u00e9get kell megadnunk a tehets\u00e9geknek \u2013 legyen sz\u00f3 saj\u00e1t nevel\u00e9s\u0171, vagy m\u00e1shonnan hozz\u00e1nk igazol\u00f3 fiatalokr\u00f3l. Tavasszal eme ir\u00e1nyvonal ment\u00e9n haladva \u00edrtunk t\u00f6rt\u00e9nelmet a Budapest Kupa, a Budapest-bajnoks\u00e1g \u00e9s az oszt\u00e1lyoz\u00f3 megnyer\u00e9s\u00e9vel, \u00e9s az NB III-ban sem akarunk let\u00e9rni err\u0151l az \u00fatr\u00f3l. M\u00e9g akkor sem, ha \u00f6t meccs alatt egy pontot szerezt\u00fcnk. Feltett sz\u00e1nd\u00e9kunk, hogy ezut\u00e1n is megadjuk a lehet\u0151s\u00e9get a fiataloknak, egyebek mellett az\u00e9rt, mert nap, mint nap l\u00e1tjuk, mennyi munk\u00e1t tesznek bele. Min\u0151s\u00e9gi szakmai k\u00e9pz\u00e9sben r\u00e9szes\u00fclnek, j\u00e1t\u00e9klehet\u0151s\u00e9get kapnak a feln\u0151ttek k\u00f6z\u00f6tt, \u0151k ezt a hozz\u00e1\u00e1ll\u00e1sukkal viszonozz\u00e1k. Ebb\u0151l kifoly\u00f3lag egy rossz szavunk sem lehet r\u00e1juk. Mi nem akarunk csak az\u00e9rt fizetni valakinek, hogy n\u00e1lunk j\u00e1tsszon, nem v\u00e1gyunk \u00bbzsoldosokra\u00ab. Van egy szerethet\u0151 csapatunk, a j\u00e1t\u00e9kosok k\u00f6t\u0151dnek a Kelenhez, k\u00f6t\u0151dnek egym\u00e1shoz. L\u00e1ttuk az els\u0151 \u00f6t meccset, nyilv\u00e1nval\u00f3, van k\u00fcl\u00f6nbs\u00e9g a Budapest-bajnoks\u00e1g \u00e9s az NB III k\u00f6z\u00f6tt, de azt gondolom, egyre ink\u00e1bb felvessz\u00fck a keszty\u0171t, h\u00e9tr\u0151l h\u00e9tre k\u00f6zelebb ker\u00fcl\u00fcnk azokhoz az ellenfelekhez, amelyek \u00e9vek \u00f3ta a harmadik vonal stabil tagjainak sz\u00e1m\u00edtanak. Nem t\u00falzok, ha azt mondom, a legut\u00f3bbi meccsen, a Szeksz\u00e1rd ellen a gy\u0151zelem is benne volt m\u00e1r a pakliban. A lef\u00faj\u00e1st k\u00f6vet\u0151en hallottam, milyen fiatal egy\u00fcttes a Szeksz\u00e1rd. Nos, kisz\u00e1moltam, az \u00e1tlag\u00e9letkora huszon\u00f6t \u00e9v volt. A mi\u00e9nk huszonegy\u2026\u201d<\/em><\/strong><\/span><\/p>\n<p><a href=\"http:\/\/kelensc.hu\/wp-content\/uploads\/2019\/09\/F4.jpg\"><img decoding=\"async\" loading=\"lazy\" class=\"alignnone size-full wp-image-13122\" src=\"http:\/\/kelensc.hu\/wp-content\/uploads\/2019\/09\/F4.jpg\" alt=\"\" width=\"960\" height=\"539\" srcset=\"https:\/\/kelensc.hu\/wp-content\/uploads\/2019\/09\/F4.jpg 960w, https:\/\/kelensc.hu\/wp-content\/uploads\/2019\/09\/F4-382x214.jpg 382w, https:\/\/kelensc.hu\/wp-content\/uploads\/2019\/09\/F4-641x360.jpg 641w, https:\/\/kelensc.hu\/wp-content\/uploads\/2019\/09\/F4-300x168.jpg 300w, https:\/\/kelensc.hu\/wp-content\/uploads\/2019\/09\/F4-768x431.jpg 768w, https:\/\/kelensc.hu\/wp-content\/uploads\/2019\/09\/F4-100x56.jpg 100w, https:\/\/kelensc.hu\/wp-content\/uploads\/2019\/09\/F4-50x28.jpg 50w, https:\/\/kelensc.hu\/wp-content\/uploads\/2019\/09\/F4-25x14.jpg 25w\" sizes=\"(max-width: 960px) 100vw, 960px\" \/><\/a><\/p>\n<p><span style=\"color: #000000;\">Rem\u00e9lhet\u0151leg a huszonegy m\u00e1r ezen a vas\u00e1rnapon, Koz\u00e1rmislenyben nyer\u0151 lesz. Egy biztos, a szakmai st\u00e1b, valamint a csapat mindent megtesz az\u00e9rt, hogy mihamarabb megsz\u00fclessen az els\u0151 gy\u0151zelem.<\/span><\/p>\n<p><span style=\"color: #000000;\"><strong><em>\u201eHallottunk m\u00e1r v\u00e9szj\u00f3sl\u00f3 hangokat, mondv\u00e1n, \u00faristen, \u00f6t m\u00e9rk\u0151z\u00e9sen csak egy pontot gy\u0171jt\u00f6tt\u00fcnk, h\u00fa, de nagy lehet a csal\u00f3d\u00e1s<\/em><\/strong> \u2013 veszi \u00e1t a sz\u00f3t Harmati Tam\u00e1s. \u2013 <strong><em>N\u00e9melyek azt hiszik, kr\u00edzis\u00e1llapot van. Nyugodt sz\u00edvvel kijelenthetem, hogy egy\u00e1ltal\u00e1n nincs. Akkor lenne, ha a ny\u00e1ron bev\u00e1s\u00e1roltunk volna dr\u00e1ga futballist\u00e1kb\u00f3l, ha az \u00f6lt\u00f6z\u0151ben sz\u00e9th\u00faz\u00e1st tapasztaln\u00e9k. Ehhez k\u00e9pest nem v\u00e1s\u00e1roltunk be, \u00e9s az \u00f6lt\u00f6z\u0151ben minden van, csak sz\u00e9th\u00faz\u00e1s nincs. A kialakult helyzetet nem trag\u00e9diak\u00e9nt \u00e9lj\u00fck meg, ellenkez\u0151leg, a hangulat gyakorlatilag ugyanolyan, mint a tavaszi menetel\u00e9s idej\u00e9n volt. Az els\u0151dleges c\u00e9l tov\u00e1bbra is az, hogy a j\u00e1t\u00e9kosok fejl\u0151d\u00e9s\u00e9t seg\u00edts\u00fck. Tiszt\u00e1ban voltunk azzal, hogy az NB III-ban nem lesz\u00fcnk azonnal eredm\u00e9nyesek, hogy nem a bajnoks\u00e1g els\u0151 harmad\u00e1ban szerezz\u00fck meg a bennmarad\u00e1shoz sz\u00fcks\u00e9ges pontokat. M\u00e1r csak az\u00e9rt is b\u00edzom abban, hogy l\u00e9p\u00e9sr\u0151l l\u00e9p\u00e9sre haladunk el\u0151re, mert az erre utal\u00f3 jeleket \u00fajra \u00e9s \u00fajra fel lehet fedezni.\u00a0 Tudni \u00e9rdemes, a csapatunkban k\u00e9tf\u00e9le j\u00e1t\u00e9kost\u00edpus van. Az egyik a tehets\u00e9ges fiatal, akinek amennyire t\u0151l\u00fcnk telik, t\u00e1mogatjuk a kibontakoz\u00e1s\u00e1t \u2013 a ny\u00e1ron ez\u00e9rt is szavaztunk ink\u00e1bb a szakmai st\u00e1b b\u0151v\u00edt\u00e9s\u00e9re, mintsem a m\u00e1r eml\u00edtett dr\u00e1ga futballist\u00e1k megv\u00e9tel\u00e9re. A m\u00e1sik a tapasztalt, tal\u00e1n m\u00e1r k\u00e9sznek mondhat\u00f3 labdar\u00fag\u00f3, aki seg\u00edt nek\u00fcnk a klubot \u00e9p\u00edteni, aki az \u00e9rt\u00e9kteremt\u00e9sben r\u00e9szt tud venni \u2013 ak\u00e1r azzal, hogy szerepet v\u00e1llal az ut\u00e1np\u00f3tl\u00e1s-k\u00e9pz\u00e9sben.\u201d<\/em><\/strong><\/span><\/p>\n<p><a href=\"http:\/\/kelensc.hu\/wp-content\/uploads\/2019\/09\/F3.jpg\"><img decoding=\"async\" loading=\"lazy\" class=\"alignnone size-full wp-image-13121\" src=\"http:\/\/kelensc.hu\/wp-content\/uploads\/2019\/09\/F3.jpg\" alt=\"\" width=\"960\" height=\"540\" srcset=\"https:\/\/kelensc.hu\/wp-content\/uploads\/2019\/09\/F3.jpg 960w, https:\/\/kelensc.hu\/wp-content\/uploads\/2019\/09\/F3-382x215.jpg 382w, https:\/\/kelensc.hu\/wp-content\/uploads\/2019\/09\/F3-641x361.jpg 641w, https:\/\/kelensc.hu\/wp-content\/uploads\/2019\/09\/F3-300x169.jpg 300w, https:\/\/kelensc.hu\/wp-content\/uploads\/2019\/09\/F3-768x432.jpg 768w, https:\/\/kelensc.hu\/wp-content\/uploads\/2019\/09\/F3-100x56.jpg 100w, https:\/\/kelensc.hu\/wp-content\/uploads\/2019\/09\/F3-50x28.jpg 50w, https:\/\/kelensc.hu\/wp-content\/uploads\/2019\/09\/F3-25x14.jpg 25w\" sizes=\"(max-width: 960px) 100vw, 960px\" \/><\/a><\/p>\n<p><span style=\"color: #000000;\">Mil\u00e1n \u00e9ppen a Szeksz\u00e1rdnak l\u0151tt els\u0151 g\u00f3lt kock\u00e1zza ki (ha a Pusk\u00e1s-d\u00edj els\u0151 h\u00e1rom jel\u00f6ltje k\u00f6z\u00e9 nem is f\u00e9r be, a negyedik helyre m\u00e1r p\u00e1ly\u00e1zhatna a szerfelett tetszet\u0151s akci\u00f3 v\u00e9g\u00e9n el\u00e9rt Balogh Bence-tal\u00e1lat\u2026), amikor Andreas ism\u00e9telten hangs\u00falyozza, hogy\u2026<\/span><\/p>\n<p><span style=\"color: #000000;\"><strong><em>\u201e\u2026a megkezdett \u00faton megy\u00fcnk tov\u00e1bb az \u0151sszel! Ha esetleg \u00fagy \u00edt\u00e9lj\u00fck meg a t\u00e9len, hogy elk\u00e9l az er\u0151s\u00edt\u00e9s, k\u00f6r\u00fcln\u00e9z\u00fcnk, de hisz\u00fcnk abban, hogy amibe belefogtunk, annak el\u0151bb-ut\u00f3bb lesz eredm\u00e9nye. A Kelent egyedi f\u00edling \u00f6vezi, nem akarjuk ezt elvesz\u00edteni azzal, hogy innen-onnan \u00f6sszeszedj\u00fck azokat a j\u00e1t\u00e9kosokat, akiknek ez a csal\u00e1dias l\u00e9gk\u00f6r semmit nem jelent. Akik a ny\u00e1ron idej\u00f6ttek, mindannyian azonosultak a filoz\u00f3fi\u00e1nkkal. Mindenki tenni akar a csapat\u00e9rt, a klub\u00e9rt. S ha \u00fagy alakul, hogy valakinek es\u00e9lye ny\u00edlik arra, hogy feljebb l\u00e9pjen, nem akad\u00e1lyozzuk meg, s\u0151t! L\u00e1m, a Budapest-bajnoks\u00e1gban szerepl\u0151 egy\u00fcttes\u00fcnkb\u0151l ma m\u00e1r Solt\u00e9sz Istv\u00e1n \u00e9s T\u00edm\u00e1ri Norman is NB II-es futballist\u00e1nak vallhatja mag\u00e1t. Term\u00e9szetesen szeretn\u00e9nk megragadni az NB III-ban, de akkor sem d\u0151l \u00f6ssze a vil\u00e1g, ha kies\u00fcnk. J\u00f3llehet mindent elk\u00f6vet\u00fcnk az\u00e9rt, hogy ne kelljen elb\u00facs\u00faznunk ett\u0151l az oszt\u00e1lyt\u00f3l. Ennek \u00e9rdek\u00e9ben az eddigin\u00e9l is kem\u00e9nyebben dolgozunk.\u201d<\/em><\/strong><\/span><\/p>\n<p><a href=\"http:\/\/kelensc.hu\/wp-content\/uploads\/2019\/09\/F-2.jpg\"><img decoding=\"async\" loading=\"lazy\" class=\"alignnone size-full wp-image-13120\" src=\"http:\/\/kelensc.hu\/wp-content\/uploads\/2019\/09\/F-2.jpg\" alt=\"\" width=\"768\" height=\"433\" srcset=\"https:\/\/kelensc.hu\/wp-content\/uploads\/2019\/09\/F-2.jpg 768w, https:\/\/kelensc.hu\/wp-content\/uploads\/2019\/09\/F-2-382x215.jpg 382w, https:\/\/kelensc.hu\/wp-content\/uploads\/2019\/09\/F-2-641x361.jpg 641w, https:\/\/kelensc.hu\/wp-content\/uploads\/2019\/09\/F-2-300x169.jpg 300w, https:\/\/kelensc.hu\/wp-content\/uploads\/2019\/09\/F-2-100x56.jpg 100w, https:\/\/kelensc.hu\/wp-content\/uploads\/2019\/09\/F-2-50x28.jpg 50w, https:\/\/kelensc.hu\/wp-content\/uploads\/2019\/09\/F-2-25x14.jpg 25w\" sizes=\"(max-width: 768px) 100vw, 768px\" \/><\/a><\/p>\n<p><span style=\"color: #000000;\">Kezd\u0151dhet is a napi munka, de miel\u0151tt Harmati Tam\u00e1s belevetn\u00e9 mag\u00e1t, lesz\u00f6gezi, a bennmarad\u00e1s a c\u00e9l.<\/span><\/p>\n<p><span style=\"color: #000000;\"><strong><em>\u201eAmit egyszer megszerezt\u00fcnk, vagyis az NB III-as tags\u00e1got, arr\u00f3l nem sz\u00edvesen mondunk le. A klubbal egy\u00fctt \u00e9p\u00fcl a feln\u0151tt egy\u00fcttes is, megl\u00e1tjuk, hogy az egy\u00e9ni fejl\u0151d\u00e9seknek mik\u00e9nt \u00e9s mikor lesz hat\u00e1suk a csapat eredm\u00e9nyess\u00e9g\u00e9re. Aki ebben a t\u00f6rt\u00e9netben szerepel, egyt\u0151l egyig bizakodva tekint a j\u00f6v\u0151be. El\u0151fordulnak persze hib\u00e1k, \u00e1m senkire nem tudok haragudni, mert minden \u00e1ldott nap azzal szembes\u00fcl\u00f6k, hogy mindenki mindent megtesz az el\u0151rel\u00e9p\u00e9s\u00e9rt. Nem vagyunk t\u00fcrelmetlenek, hisz\u00fcnk egym\u00e1sban \u00e9s az elv\u00e9gzett munk\u00e1ban. Nek\u00fcnk ez az utunk, \u00e9s b\u00e1r a mi\u00e9nk minden bizonnyal nehezebb, mint m\u00e1sok\u00e9, meggy\u0151z\u0151d\u00e9s\u00fcnk, hogy v\u00e9gig tudunk menni rajta.\u201d<\/em><\/strong><\/span><\/p>\n<p><a href=\"http:\/\/kelensc.hu\/wp-content\/uploads\/2019\/09\/F-1.jpg\"><img decoding=\"async\" loading=\"lazy\" class=\"alignnone size-full wp-image-13119\" src=\"http:\/\/kelensc.hu\/wp-content\/uploads\/2019\/09\/F-1.jpg\" alt=\"\" width=\"657\" height=\"370\" srcset=\"https:\/\/kelensc.hu\/wp-content\/uploads\/2019\/09\/F-1.jpg 657w, https:\/\/kelensc.hu\/wp-content\/uploads\/2019\/09\/F-1-382x215.jpg 382w, https:\/\/kelensc.hu\/wp-content\/uploads\/2019\/09\/F-1-641x361.jpg 641w, https:\/\/kelensc.hu\/wp-content\/uploads\/2019\/09\/F-1-300x169.jpg 300w, https:\/\/kelensc.hu\/wp-content\/uploads\/2019\/09\/F-1-100x56.jpg 100w, https:\/\/kelensc.hu\/wp-content\/uploads\/2019\/09\/F-1-50x28.jpg 50w, https:\/\/kelensc.hu\/wp-content\/uploads\/2019\/09\/F-1-25x14.jpg 25w\" sizes=\"(max-width: 657px) 100vw, 657px\" \/><\/a><\/p>\n","protected":false},"excerpt":{"rendered":"<p>Neh\u00e9z \u00fat a mi\u00e9nk, de j\u00e1rhat\u00f3! Mik\u00f6zben \u201eLepi\u201d a gyepet ny\u00edrja odakint, idebent Mil\u00e1n a h\u00e9tv\u00e9gi meccsr\u0151l k\u00e9sz\u00fclt felv\u00e9telb\u0151l v\u00e1gja ki a legfontosabb k\u00e9psorokat, Em\u00edlia a napi teend\u0151kre k\u00e9sz\u00fcl g\u0151zer\u0151vel, Tam\u00e1s egyik telefont int\u00e9zi a m\u00e1sik ut\u00e1n, Andreas pedig \u00e9ppen beesik egy megbesz\u00e9l\u00e9sr\u0151l. Mondhatni, egy a h\u00e9tk\u00f6znapi d\u00e9lel\u0151tt\u00f6k k\u00f6z\u00fcl. A hangulat is olyan, amilyen lenni&#8230;<\/p>\n","protected":false},"author":13,"featured_media":13123,"comment_status":"open","ping_status":"open","sticky":false,"template":"","format":"standard","meta":{"inline_featured_image":false,"_exactmetrics_skip_tracking":false,"_exactmetrics_sitenote_active":false,"_exactmetrics_sitenote_note":"","_exactmetrics_sitenote_category":0,"footnotes":""},"categories":[1,11],"tags":[],"_links":{"self":[{"href":"https:\/\/kelensc.hu\/index.php\/wp-json\/wp\/v2\/posts\/13118"}],"collection":[{"href":"https:\/\/kelensc.hu\/index.php\/wp-json\/wp\/v2\/posts"}],"about":[{"href":"https:\/\/kelensc.hu\/index.php\/wp-json\/wp\/v2\/types\/post"}],"author":[{"embeddable":true,"href":"https:\/\/kelensc.hu\/index.php\/wp-json\/wp\/v2\/users\/13"}],"replies":[{"embeddable":true,"href":"https:\/\/kelensc.hu\/index.php\/wp-json\/wp\/v2\/comments?post=13118"}],"version-history":[{"count":1,"href":"https:\/\/kelensc.hu\/index.php\/wp-json\/wp\/v2\/posts\/13118\/revisions"}],"predecessor-version":[{"id":13124,"href":"https:\/\/kelensc.hu\/index.php\/wp-json\/wp\/v2\/posts\/13118\/revisions\/13124"}],"wp:featuredmedia":[{"embeddable":true,"href":"https:\/\/kelensc.hu\/index.php\/wp-json\/wp\/v2\/media\/13123"}],"wp:attachment":[{"href":"https:\/\/kelensc.hu\/index.php\/wp-json\/wp\/v2\/media?parent=13118"}],"wp:term":[{"taxonomy":"category","embeddable":true,"href":"https:\/\/kelensc.hu\/index.php\/wp-json\/wp\/v2\/categories?post=13118"},{"taxonomy":"post_tag","embeddable":true,"href":"https:\/\/kelensc.hu\/index.php\/wp-json\/wp\/v2\/tags?post=13118"}],"curies":[{"name":"wp","href":"https:\/\/api.w.org\/{rel}","templated":true}]}}