{"id":12609,"date":"2019-06-19T12:50:54","date_gmt":"2019-06-19T12:50:54","guid":{"rendered":"http:\/\/kelensc.hu\/?p=12609"},"modified":"2019-06-19T12:51:49","modified_gmt":"2019-06-19T12:51:49","slug":"irany-az-nbiii","status":"publish","type":"post","link":"https:\/\/kelensc.hu\/index.php\/irany-az-nbiii\/","title":{"rendered":"Ir\u00e1ny az NBIII.!"},"content":{"rendered":"<p><b>Ir\u00e1ny az NBIII.!<\/b><\/p>\n<p><a href=\"http:\/\/kelensc.hu\/wp-content\/uploads\/2019\/06\/DSC0299.jpg\"><img decoding=\"async\" loading=\"lazy\" class=\"alignnone size-full wp-image-12617\" src=\"http:\/\/kelensc.hu\/wp-content\/uploads\/2019\/06\/DSC0299.jpg\" alt=\"\" width=\"1084\" height=\"608\" srcset=\"https:\/\/kelensc.hu\/wp-content\/uploads\/2019\/06\/DSC0299.jpg 1084w, https:\/\/kelensc.hu\/wp-content\/uploads\/2019\/06\/DSC0299-382x214.jpg 382w, https:\/\/kelensc.hu\/wp-content\/uploads\/2019\/06\/DSC0299-641x360.jpg 641w, https:\/\/kelensc.hu\/wp-content\/uploads\/2019\/06\/DSC0299-300x168.jpg 300w, https:\/\/kelensc.hu\/wp-content\/uploads\/2019\/06\/DSC0299-768x431.jpg 768w, https:\/\/kelensc.hu\/wp-content\/uploads\/2019\/06\/DSC0299-1024x574.jpg 1024w, https:\/\/kelensc.hu\/wp-content\/uploads\/2019\/06\/DSC0299-100x56.jpg 100w, https:\/\/kelensc.hu\/wp-content\/uploads\/2019\/06\/DSC0299-50x28.jpg 50w, https:\/\/kelensc.hu\/wp-content\/uploads\/2019\/06\/DSC0299-25x14.jpg 25w\" sizes=\"(max-width: 1084px) 100vw, 1084px\" \/><\/a><\/p>\n<p><u>2019.06.15., szombat 17:00, Kelen SC p\u00e1lya, 1200 n\u00e9z\u0151<\/u><\/p>\n<p><b><i>Megyei I. Oszt\u00e1lyoz\u00f3, II. m\u00e9rk\u0151z\u00e9s<\/i><\/b><\/p>\n<p><b><i> <a href=\"http:\/\/kelensc.hu\/wp-content\/uploads\/2019\/06\/DSC0018.jpg\"><img decoding=\"async\" loading=\"lazy\" class=\"alignnone size-full wp-image-12612\" src=\"http:\/\/kelensc.hu\/wp-content\/uploads\/2019\/06\/DSC0018.jpg\" alt=\"\" width=\"1080\" height=\"608\" srcset=\"https:\/\/kelensc.hu\/wp-content\/uploads\/2019\/06\/DSC0018.jpg 1080w, https:\/\/kelensc.hu\/wp-content\/uploads\/2019\/06\/DSC0018-382x215.jpg 382w, https:\/\/kelensc.hu\/wp-content\/uploads\/2019\/06\/DSC0018-641x361.jpg 641w, https:\/\/kelensc.hu\/wp-content\/uploads\/2019\/06\/DSC0018-300x169.jpg 300w, https:\/\/kelensc.hu\/wp-content\/uploads\/2019\/06\/DSC0018-768x432.jpg 768w, https:\/\/kelensc.hu\/wp-content\/uploads\/2019\/06\/DSC0018-1024x576.jpg 1024w, https:\/\/kelensc.hu\/wp-content\/uploads\/2019\/06\/DSC0018-100x56.jpg 100w, https:\/\/kelensc.hu\/wp-content\/uploads\/2019\/06\/DSC0018-50x28.jpg 50w, https:\/\/kelensc.hu\/wp-content\/uploads\/2019\/06\/DSC0018-25x14.jpg 25w\" sizes=\"(max-width: 1080px) 100vw, 1080px\" \/><\/a><\/i><\/b><\/p>\n<p><b>Kelen SC \u2013 B\u00e9k\u00e9scsaba 1912 El\u0151re II. 2:1 (0:1)<\/b><\/p>\n<p><b>G.: <\/b>Ko\u00f3s B.(80\u2019), Tim\u00e1ri N.(94\u2019) ill., T\u00f3th D.(33\u2019)<\/p>\n<p><b>S.: <\/b>K\u00e1d\u00e1r M.(65\u2019) ill., B\u00e1n B.(8\u2019), Pusztai A.(48\u2019), Borb\u00e9ly Zs.(50\u2019), Babinyecz B.(89\u2019)<\/p>\n<p><b>P.: <\/b>Tim\u00e1ri N.(94\u2019) ill., &#8211;<\/p>\n<p><b>\u00d6ssze\u00e1ll\u00edt\u00e1s: <\/b>Ha\u00e1la K. \u2013 Egyed B., Alex V.D.A., M\u00f3dly M. \u2013 Szab\u00f3 B., Solt\u00e9sz I., R\u0151thy M., Kiss G. \u2013 Tim\u00e1ri N., Balogh B., K\u00e1d\u00e1r M.<\/p>\n<p><b>Cser\u00e9k: <\/b>Major Cs., Ko\u00f3s B., Kun B., Bak\u00f3 K., Zsibor\u00e1s Z., Csabai T., Krajnc B.<\/p>\n<p><a href=\"http:\/\/kelensc.hu\/wp-content\/uploads\/2019\/06\/DSC0011.jpg\"><img decoding=\"async\" loading=\"lazy\" class=\"alignnone size-full wp-image-12611\" src=\"http:\/\/kelensc.hu\/wp-content\/uploads\/2019\/06\/DSC0011.jpg\" alt=\"\" width=\"649\" height=\"365\" srcset=\"https:\/\/kelensc.hu\/wp-content\/uploads\/2019\/06\/DSC0011.jpg 649w, https:\/\/kelensc.hu\/wp-content\/uploads\/2019\/06\/DSC0011-382x215.jpg 382w, https:\/\/kelensc.hu\/wp-content\/uploads\/2019\/06\/DSC0011-641x361.jpg 641w, https:\/\/kelensc.hu\/wp-content\/uploads\/2019\/06\/DSC0011-300x169.jpg 300w, https:\/\/kelensc.hu\/wp-content\/uploads\/2019\/06\/DSC0011-100x56.jpg 100w, https:\/\/kelensc.hu\/wp-content\/uploads\/2019\/06\/DSC0011-50x28.jpg 50w, https:\/\/kelensc.hu\/wp-content\/uploads\/2019\/06\/DSC0011-25x14.jpg 25w\" sizes=\"(max-width: 649px) 100vw, 649px\" \/><\/a><\/p>\n<p><b>Edz\u0151i \u00e9rt\u00e9kel\u00e9s: <\/b><\/p>\n<p>Igazi futball\u00fcnnep \u00e9s t\u00f6bb, mint ezer n\u00e9z\u0151 v\u00e1rta a sr\u00e1cokat az Oszt\u00e1lyoz\u00f3 visszav\u00e1g\u00f3j\u00e1n, a Kelen p\u00e1ly\u00e1n.<\/p>\n<p><a href=\"http:\/\/kelensc.hu\/wp-content\/uploads\/2019\/06\/DSC0111.jpg\"><img decoding=\"async\" loading=\"lazy\" class=\"alignnone size-full wp-image-12616\" src=\"http:\/\/kelensc.hu\/wp-content\/uploads\/2019\/06\/DSC0111.jpg\" alt=\"\" width=\"1366\" height=\"366\" srcset=\"https:\/\/kelensc.hu\/wp-content\/uploads\/2019\/06\/DSC0111.jpg 1366w, https:\/\/kelensc.hu\/wp-content\/uploads\/2019\/06\/DSC0111-382x102.jpg 382w, https:\/\/kelensc.hu\/wp-content\/uploads\/2019\/06\/DSC0111-641x172.jpg 641w, https:\/\/kelensc.hu\/wp-content\/uploads\/2019\/06\/DSC0111-300x80.jpg 300w, https:\/\/kelensc.hu\/wp-content\/uploads\/2019\/06\/DSC0111-768x206.jpg 768w, https:\/\/kelensc.hu\/wp-content\/uploads\/2019\/06\/DSC0111-1024x274.jpg 1024w, https:\/\/kelensc.hu\/wp-content\/uploads\/2019\/06\/DSC0111-100x27.jpg 100w, https:\/\/kelensc.hu\/wp-content\/uploads\/2019\/06\/DSC0111-50x13.jpg 50w, https:\/\/kelensc.hu\/wp-content\/uploads\/2019\/06\/DSC0111-25x7.jpg 25w\" sizes=\"(max-width: 1366px) 100vw, 1366px\" \/><\/a><\/p>\n<p>A m\u00e9rk\u0151z\u00e9s k\u00e9pe szinte ugyanaz volt, mint az els\u0151 meccsen csak ford\u00edtva. A legnagyobb k\u00fcl\u00f6nbs\u00e9g az volt, hogy mi az egyenl\u00edt\u00e9st k\u00f6vet\u0151en tudtunk m\u00e9g olyan plusz energi\u00e1kat mozg\u00f3s\u00edtani, amivel a gy\u0151ztes g\u00f3lt is megszerezt\u00fck. Felk\u00e9sz\u00fclt\u00fcnk arra, hogy az eredm\u00e9nyhez \u00e9s a j\u00e1t\u00e9k k\u00e9p\u00e9hez k\u00e9pest mikor v\u00e1ltoztatunk vagy kock\u00e1ztatunk, de az is biztos, hogy v\u00e9g\u00fcl is az \u00e9let \u00edrta a legjobb forgat\u00f3k\u00f6nyvet! Ezzel siker\u00fclt a 3. nagy d\u00f6nt\u0151nket is megnyerni. Szeretn\u00e9k gratul\u00e1lni az ellenfel\u00fcnknek egyr\u00e9szt az\u00e9rt, mert a nagy t\u00e9t ellen\u00e9re mindk\u00e9t m\u00e9rk\u0151z\u00e9s nagyon sportszer\u0171 volt, m\u00e1sr\u00e9szt az\u00e9rt, mert t\u00e9nyleg bombaer\u0151sek voltak ebben az \u00f6ssze\u00e1ll\u00edt\u00e1sban.<\/p>\n<p><a href=\"http:\/\/kelensc.hu\/wp-content\/uploads\/2019\/06\/DSC0303.jpg\"><img decoding=\"async\" loading=\"lazy\" class=\"alignnone size-full wp-image-12618\" src=\"http:\/\/kelensc.hu\/wp-content\/uploads\/2019\/06\/DSC0303.jpg\" alt=\"\" width=\"1078\" height=\"608\" srcset=\"https:\/\/kelensc.hu\/wp-content\/uploads\/2019\/06\/DSC0303.jpg 1078w, https:\/\/kelensc.hu\/wp-content\/uploads\/2019\/06\/DSC0303-382x215.jpg 382w, https:\/\/kelensc.hu\/wp-content\/uploads\/2019\/06\/DSC0303-641x362.jpg 641w, https:\/\/kelensc.hu\/wp-content\/uploads\/2019\/06\/DSC0303-300x169.jpg 300w, https:\/\/kelensc.hu\/wp-content\/uploads\/2019\/06\/DSC0303-768x433.jpg 768w, https:\/\/kelensc.hu\/wp-content\/uploads\/2019\/06\/DSC0303-1024x578.jpg 1024w, https:\/\/kelensc.hu\/wp-content\/uploads\/2019\/06\/DSC0303-100x56.jpg 100w, https:\/\/kelensc.hu\/wp-content\/uploads\/2019\/06\/DSC0303-50x28.jpg 50w, https:\/\/kelensc.hu\/wp-content\/uploads\/2019\/06\/DSC0303-25x14.jpg 25w\" sizes=\"(max-width: 1078px) 100vw, 1078px\" \/><\/a><\/p>\n<p>\u00d6sszess\u00e9g\u00e9ben ez a meccs j\u00f3l mutatta a j\u00e1t\u00e9kosaim hozz\u00e1\u00e1ll\u00e1s\u00e1t \u00e9s szellemis\u00e9g\u00e9t, mi ilyen felfog\u00e1sban j\u00e1tszottuk szinte minden m\u00e9rk\u0151z\u00e9s\u00fcnket \u00e9s szinte minden edz\u00e9s\u00fcnk\u00f6n is siker\u00fclt \u00edgy teljes\u00edteni, mindenkire nagyon b\u00fcszke voltam!<\/p>\n<p><a href=\"http:\/\/kelensc.hu\/wp-content\/uploads\/2019\/06\/DSC0340.jpg\"><img decoding=\"async\" loading=\"lazy\" class=\"alignnone size-full wp-image-12619\" src=\"http:\/\/kelensc.hu\/wp-content\/uploads\/2019\/06\/DSC0340.jpg\" alt=\"\" width=\"1080\" height=\"608\" srcset=\"https:\/\/kelensc.hu\/wp-content\/uploads\/2019\/06\/DSC0340.jpg 1080w, https:\/\/kelensc.hu\/wp-content\/uploads\/2019\/06\/DSC0340-382x215.jpg 382w, https:\/\/kelensc.hu\/wp-content\/uploads\/2019\/06\/DSC0340-641x361.jpg 641w, https:\/\/kelensc.hu\/wp-content\/uploads\/2019\/06\/DSC0340-300x169.jpg 300w, https:\/\/kelensc.hu\/wp-content\/uploads\/2019\/06\/DSC0340-768x432.jpg 768w, https:\/\/kelensc.hu\/wp-content\/uploads\/2019\/06\/DSC0340-1024x576.jpg 1024w, https:\/\/kelensc.hu\/wp-content\/uploads\/2019\/06\/DSC0340-100x56.jpg 100w, https:\/\/kelensc.hu\/wp-content\/uploads\/2019\/06\/DSC0340-50x28.jpg 50w, https:\/\/kelensc.hu\/wp-content\/uploads\/2019\/06\/DSC0340-25x14.jpg 25w\" sizes=\"(max-width: 1080px) 100vw, 1080px\" \/><\/a><\/p>\n<p>K\u00f6sz\u00f6nj\u00fck a szurkol\u00f3k biztat\u00e1s\u00e1t, t\u00e1mogat\u00e1s\u00e1t! Azt gondolom a sok kupa megnyer\u00e9se elt\u00f6rp\u00fcl amellett, hogy \u0151ket siker\u00fclt megnyernie mag\u00e1nak a csapat.<\/p>\n<p><a href=\"http:\/\/kelensc.hu\/wp-content\/uploads\/2019\/06\/DSC0026.jpg\"><img decoding=\"async\" loading=\"lazy\" class=\"alignnone size-full wp-image-12613\" src=\"http:\/\/kelensc.hu\/wp-content\/uploads\/2019\/06\/DSC0026.jpg\" alt=\"\" width=\"1366\" height=\"476\" \/><\/a><\/p>\n<p>K\u00f6sz\u00f6nj\u00fck az edz\u0151k, koll\u00e9g\u00e1k, t\u00e1mogat\u00f3k \u00e9s az eg\u00e9sz eln\u00f6ks\u00e9g munk\u00e1j\u00e1t, \u00e9s term\u00e9szetesen, k\u00f6sz\u00f6nj\u00fck Andreas! N\u00e9lk\u00fcletek nem tarthatn\u00e1nk itt!<\/p>\n<p><a href=\"http:\/\/kelensc.hu\/wp-content\/uploads\/2019\/06\/DSC0554.jpg\"><img decoding=\"async\" loading=\"lazy\" class=\"alignnone size-full wp-image-12626\" src=\"http:\/\/kelensc.hu\/wp-content\/uploads\/2019\/06\/DSC0554.jpg\" alt=\"\" width=\"1078\" height=\"608\" srcset=\"https:\/\/kelensc.hu\/wp-content\/uploads\/2019\/06\/DSC0554.jpg 1078w, https:\/\/kelensc.hu\/wp-content\/uploads\/2019\/06\/DSC0554-382x215.jpg 382w, https:\/\/kelensc.hu\/wp-content\/uploads\/2019\/06\/DSC0554-641x362.jpg 641w, https:\/\/kelensc.hu\/wp-content\/uploads\/2019\/06\/DSC0554-300x169.jpg 300w, https:\/\/kelensc.hu\/wp-content\/uploads\/2019\/06\/DSC0554-768x433.jpg 768w, https:\/\/kelensc.hu\/wp-content\/uploads\/2019\/06\/DSC0554-1024x578.jpg 1024w, https:\/\/kelensc.hu\/wp-content\/uploads\/2019\/06\/DSC0554-100x56.jpg 100w, https:\/\/kelensc.hu\/wp-content\/uploads\/2019\/06\/DSC0554-50x28.jpg 50w, https:\/\/kelensc.hu\/wp-content\/uploads\/2019\/06\/DSC0554-25x14.jpg 25w\" sizes=\"(max-width: 1078px) 100vw, 1078px\" \/><\/a><\/p>\n<p>\u00c9n szem\u00e9lyesen szeretn\u00e9k k\u00f6sz\u00f6netet mondani a st\u00e1bomnak, akik k\u00f6zvetlen\u00fcl velem dolgoztak, hihetetlen\u00fcl v\u00e9gezt\u00e9k a feladatukat, mindenki sokat tett, az\u00e9rt hogy id\u00e9n 3-szor is \u00fcnnepelni tudjunk!<\/p>\n<p><a href=\"http:\/\/kelensc.hu\/wp-content\/uploads\/2019\/06\/DSC0490.jpg\"><img decoding=\"async\" loading=\"lazy\" class=\"alignnone size-full wp-image-12623\" src=\"http:\/\/kelensc.hu\/wp-content\/uploads\/2019\/06\/DSC0490.jpg\" alt=\"\" width=\"1084\" height=\"608\" srcset=\"https:\/\/kelensc.hu\/wp-content\/uploads\/2019\/06\/DSC0490.jpg 1084w, https:\/\/kelensc.hu\/wp-content\/uploads\/2019\/06\/DSC0490-382x214.jpg 382w, https:\/\/kelensc.hu\/wp-content\/uploads\/2019\/06\/DSC0490-641x360.jpg 641w, https:\/\/kelensc.hu\/wp-content\/uploads\/2019\/06\/DSC0490-300x168.jpg 300w, https:\/\/kelensc.hu\/wp-content\/uploads\/2019\/06\/DSC0490-768x431.jpg 768w, https:\/\/kelensc.hu\/wp-content\/uploads\/2019\/06\/DSC0490-1024x574.jpg 1024w, https:\/\/kelensc.hu\/wp-content\/uploads\/2019\/06\/DSC0490-100x56.jpg 100w, https:\/\/kelensc.hu\/wp-content\/uploads\/2019\/06\/DSC0490-50x28.jpg 50w, https:\/\/kelensc.hu\/wp-content\/uploads\/2019\/06\/DSC0490-25x14.jpg 25w\" sizes=\"(max-width: 1084px) 100vw, 1084px\" \/><\/a> <a href=\"http:\/\/kelensc.hu\/wp-content\/uploads\/2019\/06\/DSC0532.jpg\"><img decoding=\"async\" loading=\"lazy\" class=\"alignnone size-full wp-image-12624\" src=\"http:\/\/kelensc.hu\/wp-content\/uploads\/2019\/06\/DSC0532.jpg\" alt=\"\" width=\"912\" height=\"608\" srcset=\"https:\/\/kelensc.hu\/wp-content\/uploads\/2019\/06\/DSC0532.jpg 912w, https:\/\/kelensc.hu\/wp-content\/uploads\/2019\/06\/DSC0532-382x255.jpg 382w, https:\/\/kelensc.hu\/wp-content\/uploads\/2019\/06\/DSC0532-641x427.jpg 641w, https:\/\/kelensc.hu\/wp-content\/uploads\/2019\/06\/DSC0532-300x200.jpg 300w, https:\/\/kelensc.hu\/wp-content\/uploads\/2019\/06\/DSC0532-768x512.jpg 768w, https:\/\/kelensc.hu\/wp-content\/uploads\/2019\/06\/DSC0532-100x67.jpg 100w, https:\/\/kelensc.hu\/wp-content\/uploads\/2019\/06\/DSC0532-50x33.jpg 50w, https:\/\/kelensc.hu\/wp-content\/uploads\/2019\/06\/DSC0532-25x17.jpg 25w, https:\/\/kelensc.hu\/wp-content\/uploads\/2019\/06\/DSC0532-272x182.jpg 272w\" sizes=\"(max-width: 912px) 100vw, 912px\" \/><\/a> <a href=\"http:\/\/kelensc.hu\/wp-content\/uploads\/2019\/06\/DSC0537.jpg\"><img decoding=\"async\" loading=\"lazy\" class=\"alignnone size-full wp-image-12625\" src=\"http:\/\/kelensc.hu\/wp-content\/uploads\/2019\/06\/DSC0537.jpg\" alt=\"\" width=\"816\" height=\"608\" srcset=\"https:\/\/kelensc.hu\/wp-content\/uploads\/2019\/06\/DSC0537.jpg 816w, https:\/\/kelensc.hu\/wp-content\/uploads\/2019\/06\/DSC0537-382x285.jpg 382w, https:\/\/kelensc.hu\/wp-content\/uploads\/2019\/06\/DSC0537-641x478.jpg 641w, https:\/\/kelensc.hu\/wp-content\/uploads\/2019\/06\/DSC0537-300x224.jpg 300w, https:\/\/kelensc.hu\/wp-content\/uploads\/2019\/06\/DSC0537-768x572.jpg 768w, https:\/\/kelensc.hu\/wp-content\/uploads\/2019\/06\/DSC0537-100x75.jpg 100w, https:\/\/kelensc.hu\/wp-content\/uploads\/2019\/06\/DSC0537-50x37.jpg 50w, https:\/\/kelensc.hu\/wp-content\/uploads\/2019\/06\/DSC0537-25x19.jpg 25w\" sizes=\"(max-width: 816px) 100vw, 816px\" \/><\/a> <a href=\"http:\/\/kelensc.hu\/wp-content\/uploads\/2019\/06\/DSC0601.jpg\"><img decoding=\"async\" loading=\"lazy\" class=\"alignnone size-full wp-image-12627\" src=\"http:\/\/kelensc.hu\/wp-content\/uploads\/2019\/06\/DSC0601.jpg\" alt=\"\" width=\"912\" height=\"608\" srcset=\"https:\/\/kelensc.hu\/wp-content\/uploads\/2019\/06\/DSC0601.jpg 912w, https:\/\/kelensc.hu\/wp-content\/uploads\/2019\/06\/DSC0601-382x255.jpg 382w, https:\/\/kelensc.hu\/wp-content\/uploads\/2019\/06\/DSC0601-641x427.jpg 641w, https:\/\/kelensc.hu\/wp-content\/uploads\/2019\/06\/DSC0601-300x200.jpg 300w, https:\/\/kelensc.hu\/wp-content\/uploads\/2019\/06\/DSC0601-768x512.jpg 768w, https:\/\/kelensc.hu\/wp-content\/uploads\/2019\/06\/DSC0601-100x67.jpg 100w, https:\/\/kelensc.hu\/wp-content\/uploads\/2019\/06\/DSC0601-50x33.jpg 50w, https:\/\/kelensc.hu\/wp-content\/uploads\/2019\/06\/DSC0601-25x17.jpg 25w, https:\/\/kelensc.hu\/wp-content\/uploads\/2019\/06\/DSC0601-272x182.jpg 272w\" sizes=\"(max-width: 912px) 100vw, 912px\" \/><\/a><\/p>\n<p>\u00c9s egy kicsit m\u00e9g szem\u00e9lyesebben, k\u00f6sz\u00f6n\u00f6m a csal\u00e1domnak a sok szeretetet \u00e9s t\u00e1mogat\u00e1st, amivel t\u00e1mogatnak minden egyes nap!<\/p>\n<p><a href=\"http:\/\/kelensc.hu\/wp-content\/uploads\/2019\/06\/DSC0474.jpg\"><img decoding=\"async\" loading=\"lazy\" class=\"alignnone size-full wp-image-12621\" src=\"http:\/\/kelensc.hu\/wp-content\/uploads\/2019\/06\/DSC0474.jpg\" alt=\"\" width=\"912\" height=\"608\" srcset=\"https:\/\/kelensc.hu\/wp-content\/uploads\/2019\/06\/DSC0474.jpg 912w, https:\/\/kelensc.hu\/wp-content\/uploads\/2019\/06\/DSC0474-382x255.jpg 382w, https:\/\/kelensc.hu\/wp-content\/uploads\/2019\/06\/DSC0474-641x427.jpg 641w, https:\/\/kelensc.hu\/wp-content\/uploads\/2019\/06\/DSC0474-300x200.jpg 300w, https:\/\/kelensc.hu\/wp-content\/uploads\/2019\/06\/DSC0474-768x512.jpg 768w, https:\/\/kelensc.hu\/wp-content\/uploads\/2019\/06\/DSC0474-100x67.jpg 100w, https:\/\/kelensc.hu\/wp-content\/uploads\/2019\/06\/DSC0474-50x33.jpg 50w, https:\/\/kelensc.hu\/wp-content\/uploads\/2019\/06\/DSC0474-25x17.jpg 25w, https:\/\/kelensc.hu\/wp-content\/uploads\/2019\/06\/DSC0474-272x182.jpg 272w\" sizes=\"(max-width: 912px) 100vw, 912px\" \/><\/a><\/p>\n<p><a href=\"http:\/\/kelensc.hu\/wp-content\/uploads\/2019\/06\/DSC0478.jpg\"><img decoding=\"async\" loading=\"lazy\" class=\"wp-image-12622 size-full aligncenter\" src=\"http:\/\/kelensc.hu\/wp-content\/uploads\/2019\/06\/DSC0478-e1560948568989.jpg\" alt=\"\" width=\"285\" height=\"320\" srcset=\"https:\/\/kelensc.hu\/wp-content\/uploads\/2019\/06\/DSC0478-e1560948568989.jpg 285w, https:\/\/kelensc.hu\/wp-content\/uploads\/2019\/06\/DSC0478-e1560948568989-267x300.jpg 267w, https:\/\/kelensc.hu\/wp-content\/uploads\/2019\/06\/DSC0478-e1560948568989-89x100.jpg 89w, https:\/\/kelensc.hu\/wp-content\/uploads\/2019\/06\/DSC0478-e1560948568989-45x50.jpg 45w, https:\/\/kelensc.hu\/wp-content\/uploads\/2019\/06\/DSC0478-e1560948568989-22x25.jpg 22w\" sizes=\"(max-width: 285px) 100vw, 285px\" \/> <\/a><\/p>\n<p style=\"text-align: right;\">(Harmati Tam\u00e1s)<\/p>\n","protected":false},"excerpt":{"rendered":"<p>Ir\u00e1ny az NBIII.! 2019.06.15., szombat 17:00, Kelen SC p\u00e1lya, 1200 n\u00e9z\u0151 Megyei I. Oszt\u00e1lyoz\u00f3, II. m\u00e9rk\u0151z\u00e9s Kelen SC \u2013 B\u00e9k\u00e9scsaba 1912 El\u0151re II. 2:1 (0:1) G.: Ko\u00f3s B.(80\u2019), Tim\u00e1ri N.(94\u2019) ill., T\u00f3th D.(33\u2019) S.: K\u00e1d\u00e1r M.(65\u2019) ill., B\u00e1n B.(8\u2019), Pusztai A.(48\u2019), Borb\u00e9ly Zs.(50\u2019), Babinyecz B.(89\u2019) P.: Tim\u00e1ri N.(94\u2019) ill., &#8211; \u00d6ssze\u00e1ll\u00edt\u00e1s: Ha\u00e1la K. \u2013 Egyed&#8230;<\/p>\n","protected":false},"author":13,"featured_media":12620,"comment_status":"open","ping_status":"open","sticky":false,"template":"","format":"standard","meta":{"inline_featured_image":false,"_exactmetrics_skip_tracking":false,"_exactmetrics_sitenote_active":false,"_exactmetrics_sitenote_note":"","_exactmetrics_sitenote_category":0,"footnotes":""},"categories":[1,11,66],"tags":[],"_links":{"self":[{"href":"https:\/\/kelensc.hu\/index.php\/wp-json\/wp\/v2\/posts\/12609"}],"collection":[{"href":"https:\/\/kelensc.hu\/index.php\/wp-json\/wp\/v2\/posts"}],"about":[{"href":"https:\/\/kelensc.hu\/index.php\/wp-json\/wp\/v2\/types\/post"}],"author":[{"embeddable":true,"href":"https:\/\/kelensc.hu\/index.php\/wp-json\/wp\/v2\/users\/13"}],"replies":[{"embeddable":true,"href":"https:\/\/kelensc.hu\/index.php\/wp-json\/wp\/v2\/comments?post=12609"}],"version-history":[{"count":2,"href":"https:\/\/kelensc.hu\/index.php\/wp-json\/wp\/v2\/posts\/12609\/revisions"}],"predecessor-version":[{"id":12628,"href":"https:\/\/kelensc.hu\/index.php\/wp-json\/wp\/v2\/posts\/12609\/revisions\/12628"}],"wp:featuredmedia":[{"embeddable":true,"href":"https:\/\/kelensc.hu\/index.php\/wp-json\/wp\/v2\/media\/12620"}],"wp:attachment":[{"href":"https:\/\/kelensc.hu\/index.php\/wp-json\/wp\/v2\/media?parent=12609"}],"wp:term":[{"taxonomy":"category","embeddable":true,"href":"https:\/\/kelensc.hu\/index.php\/wp-json\/wp\/v2\/categories?post=12609"},{"taxonomy":"post_tag","embeddable":true,"href":"https:\/\/kelensc.hu\/index.php\/wp-json\/wp\/v2\/tags?post=12609"}],"curies":[{"name":"wp","href":"https:\/\/api.w.org\/{rel}","templated":true}]}}