{"id":12159,"date":"2019-04-08T09:37:46","date_gmt":"2019-04-08T09:37:46","guid":{"rendered":"http:\/\/kelensc.hu\/?p=12159"},"modified":"2019-04-08T09:37:47","modified_gmt":"2019-04-08T09:37:47","slug":"22-fordulo-felnott-i","status":"publish","type":"post","link":"https:\/\/kelensc.hu\/index.php\/22-fordulo-felnott-i\/","title":{"rendered":"22. Fordul\u00f3 &#8211; Feln\u0151tt I."},"content":{"rendered":"<p><span style=\"color: #000000;\"><u>2019.04.06., szombat 10:00, \u00dajpest Labdar\u00fag\u00f3 Sportcentrum, 100 n\u00e9z\u0151<\/u><\/span><\/p>\n<p>&nbsp;<\/p>\n<p><span style=\"color: #000000;\"><b><i>22. Fordul\u00f3<\/i><\/b><\/span><\/p>\n<p><a href=\"http:\/\/kelensc.hu\/wp-content\/uploads\/2019\/04\/20190407_205248.jpg\"><img decoding=\"async\" loading=\"lazy\" class=\"alignnone size-full wp-image-12160\" src=\"http:\/\/kelensc.hu\/wp-content\/uploads\/2019\/04\/20190407_205248.jpg\" alt=\"\" width=\"720\" height=\"763\" srcset=\"https:\/\/kelensc.hu\/wp-content\/uploads\/2019\/04\/20190407_205248.jpg 720w, https:\/\/kelensc.hu\/wp-content\/uploads\/2019\/04\/20190407_205248-382x405.jpg 382w, https:\/\/kelensc.hu\/wp-content\/uploads\/2019\/04\/20190407_205248-641x679.jpg 641w, https:\/\/kelensc.hu\/wp-content\/uploads\/2019\/04\/20190407_205248-283x300.jpg 283w, https:\/\/kelensc.hu\/wp-content\/uploads\/2019\/04\/20190407_205248-94x100.jpg 94w, https:\/\/kelensc.hu\/wp-content\/uploads\/2019\/04\/20190407_205248-47x50.jpg 47w, https:\/\/kelensc.hu\/wp-content\/uploads\/2019\/04\/20190407_205248-25x25.jpg 25w\" sizes=\"(max-width: 720px) 100vw, 720px\" \/><\/a><\/p>\n<p><span style=\"color: #000000;\"><b>\u00dajpest FC II. \u2013 Kelen SC 1:2 (1:1)<\/b><\/span><\/p>\n<p><span style=\"color: #000000;\"><b>G.:<\/b> Hulics\u00e1r M.(7\u2019) ill., \u00f6ng\u00f3l (38\u2019), Solt\u00e9sz I.(75\u2019)<\/span><\/p>\n<p><span style=\"color: #000000;\"><b>S.:<\/b> Hajnal B.(23\u2019), Hulics\u00e1r M.(40\u2019), B\u00f6ndi \u00c1.(70\u2019), Csongvai \u00c1.(91\u2019) ill., Csabai T.(82\u2019)<\/span><\/p>\n<p><span style=\"color: #000000;\"><b>P.:<\/b> &#8211; ill., &#8211;<\/span><\/p>\n<p>&nbsp;<\/p>\n<p><span style=\"color: #000000;\"><b><i><u>Edz\u0151i \u00e9rt\u00e9kel\u00e9s:<\/u><\/i><\/b><\/span><\/p>\n<p><span style=\"color: #000000;\">El\u0151sz\u00f6r is szeretn\u00e9k gratul\u00e1lni az ellenfel\u00fcnknek, az \u00dajpest FC II-es csapat\u00e1nak, nagyszer\u0171en j\u00e1tszottak, remek\u00fcl l\u00e1tsz\u00f3dott, hogy milyen j\u00e1t\u00e9kosokat szeretn\u00e9nek nevelni.<\/span><\/p>\n<p><span style=\"color: #000000;\">Maga a m\u00e9rk\u0151z\u00e9s azt hozta, amire el\u0151zetesen sz\u00e1m\u00edtani lehetett. Mindk\u00e9t csapat j\u00f3l felk\u00e9sz\u00fclt a m\u00e1sikb\u00f3l. Az els\u0151 f\u00e9lid\u0151ben nagyon szervezettek voltak a csapatok, csapatr\u00e9szek, de mink\u00e9t oldalon becs\u00fasztak olyan hib\u00e1k, amelyekb\u0151l g\u00f3lok sz\u00fclettek, \u00edgy a f\u00e9lid\u0151 1:1 volt. A m\u00e1sodik j\u00e1t\u00e9kr\u00e9szben azonban m\u00e1r t\u00f6bbsz\u00f6r el\u0151fordult, hogy fellazultak az egy\u00fcttm\u0171k\u00f6d\u00e9sek v\u00e9dekez\u00e9sben, \u00edgy nagyon intenz\u00edv \u00e9s l\u00fcktet\u0151 volt a j\u00e1t\u00e9k v\u00e9gig \u00e9s mindk\u00e9t kapu el\u0151tt ad\u00f3dtak lehet\u0151s\u00e9gek. A d\u00f6nt\u0151 g\u00f3lt azonban mi szerezt\u00fck, rangad\u00f3hoz m\u00e9lt\u00f3, \u00f3ri\u00e1si tal\u00e1lat volt.<\/span><\/p>\n<p><span style=\"color: #000000;\">Ha a m\u00e9rk\u0151z\u00e9s eredm\u00e9nye m\u00e1shogy alakul \u00e9s nem tudtunk volna nyerni, akkor is az a v\u00e9lem\u00e9nyem, hogy ez csak egy m\u00e9rk\u0151z\u00e9s volt \u00e9s m\u00e9g nem d\u0151lt el semmi, de az\u00e9rt term\u00e9szetesen \u00edgy jobb!<\/span><\/p>\n<p><span style=\"color: #000000;\">Eg\u00e9sz h\u00e9ten \u00e9rezhet\u0151 volt a klubon bel\u00fcl, fi\u00fak-l\u00e1nyok, kicsikt\u0151l a nagyokig, hogy mindenki nagyon \u0151szint\u00e9n drukkol, szor\u00edt a csapatnak, ez\u00e9rt most nem csak a csapatnak gratul\u00e1lok a gy\u0151zelemhez, hanem mindenkinek!<\/span><\/p>\n<p><span style=\"color: #000000;\">K\u00f6sz\u00f6nj\u00fck a t\u00e1mogat\u00e1st!<\/span><\/p>\n<p>&nbsp;<\/p>\n<p><span style=\"color: #000000;\">Hajr\u00e1 Kelen SC!<\/span><\/p>\n<p>&nbsp;<\/p>\n<p>&nbsp;<\/p>\n","protected":false},"excerpt":{"rendered":"<p>2019.04.06., szombat 10:00, \u00dajpest Labdar\u00fag\u00f3 Sportcentrum, 100 n\u00e9z\u0151 &nbsp; 22. Fordul\u00f3 \u00dajpest FC II. \u2013 Kelen SC 1:2 (1:1) G.: Hulics\u00e1r M.(7\u2019) ill., \u00f6ng\u00f3l (38\u2019), Solt\u00e9sz I.(75\u2019) S.: Hajnal B.(23\u2019), Hulics\u00e1r M.(40\u2019), B\u00f6ndi \u00c1.(70\u2019), Csongvai \u00c1.(91\u2019) ill., Csabai T.(82\u2019) P.: &#8211; ill., &#8211; &nbsp; Edz\u0151i \u00e9rt\u00e9kel\u00e9s: El\u0151sz\u00f6r is szeretn\u00e9k gratul\u00e1lni az ellenfel\u00fcnknek, az \u00dajpest FC&#8230;<\/p>\n","protected":false},"author":13,"featured_media":12160,"comment_status":"open","ping_status":"open","sticky":false,"template":"","format":"standard","meta":{"inline_featured_image":false,"_exactmetrics_skip_tracking":false,"_exactmetrics_sitenote_active":false,"_exactmetrics_sitenote_note":"","_exactmetrics_sitenote_category":0,"footnotes":""},"categories":[11],"tags":[],"_links":{"self":[{"href":"https:\/\/kelensc.hu\/index.php\/wp-json\/wp\/v2\/posts\/12159"}],"collection":[{"href":"https:\/\/kelensc.hu\/index.php\/wp-json\/wp\/v2\/posts"}],"about":[{"href":"https:\/\/kelensc.hu\/index.php\/wp-json\/wp\/v2\/types\/post"}],"author":[{"embeddable":true,"href":"https:\/\/kelensc.hu\/index.php\/wp-json\/wp\/v2\/users\/13"}],"replies":[{"embeddable":true,"href":"https:\/\/kelensc.hu\/index.php\/wp-json\/wp\/v2\/comments?post=12159"}],"version-history":[{"count":1,"href":"https:\/\/kelensc.hu\/index.php\/wp-json\/wp\/v2\/posts\/12159\/revisions"}],"predecessor-version":[{"id":12161,"href":"https:\/\/kelensc.hu\/index.php\/wp-json\/wp\/v2\/posts\/12159\/revisions\/12161"}],"wp:featuredmedia":[{"embeddable":true,"href":"https:\/\/kelensc.hu\/index.php\/wp-json\/wp\/v2\/media\/12160"}],"wp:attachment":[{"href":"https:\/\/kelensc.hu\/index.php\/wp-json\/wp\/v2\/media?parent=12159"}],"wp:term":[{"taxonomy":"category","embeddable":true,"href":"https:\/\/kelensc.hu\/index.php\/wp-json\/wp\/v2\/categories?post=12159"},{"taxonomy":"post_tag","embeddable":true,"href":"https:\/\/kelensc.hu\/index.php\/wp-json\/wp\/v2\/tags?post=12159"}],"curies":[{"name":"wp","href":"https:\/\/api.w.org\/{rel}","templated":true}]}}