{"id":12132,"date":"2019-04-06T12:46:49","date_gmt":"2019-04-06T12:46:49","guid":{"rendered":"http:\/\/kelensc.hu\/?p=12132"},"modified":"2019-04-06T12:51:04","modified_gmt":"2019-04-06T12:51:04","slug":"arvay-hanna-az-u16-os-noi-valogatottban","status":"publish","type":"post","link":"https:\/\/kelensc.hu\/index.php\/arvay-hanna-az-u16-os-noi-valogatottban\/","title":{"rendered":"\u00c1rvay Hanna az U16-os n\u0151i v\u00e1logatottban!"},"content":{"rendered":"<p><a href=\"http:\/\/kelensc.hu\/wp-content\/uploads\/2019\/04\/PicsArt_04-06-12.54.38.png\"><img decoding=\"async\" loading=\"lazy\" class=\"size-medium wp-image-12133 aligncenter\" src=\"http:\/\/kelensc.hu\/wp-content\/uploads\/2019\/04\/PicsArt_04-06-12.54.38-300x177.png\" alt=\"\" width=\"300\" height=\"177\" srcset=\"https:\/\/kelensc.hu\/wp-content\/uploads\/2019\/04\/PicsArt_04-06-12.54.38-300x177.png 300w, https:\/\/kelensc.hu\/wp-content\/uploads\/2019\/04\/PicsArt_04-06-12.54.38-382x225.png 382w, https:\/\/kelensc.hu\/wp-content\/uploads\/2019\/04\/PicsArt_04-06-12.54.38-641x377.png 641w, https:\/\/kelensc.hu\/wp-content\/uploads\/2019\/04\/PicsArt_04-06-12.54.38-768x452.png 768w, https:\/\/kelensc.hu\/wp-content\/uploads\/2019\/04\/PicsArt_04-06-12.54.38-1024x603.png 1024w, https:\/\/kelensc.hu\/wp-content\/uploads\/2019\/04\/PicsArt_04-06-12.54.38-100x59.png 100w, https:\/\/kelensc.hu\/wp-content\/uploads\/2019\/04\/PicsArt_04-06-12.54.38-50x29.png 50w, https:\/\/kelensc.hu\/wp-content\/uploads\/2019\/04\/PicsArt_04-06-12.54.38-25x15.png 25w, https:\/\/kelensc.hu\/wp-content\/uploads\/2019\/04\/PicsArt_04-06-12.54.38.png 1716w\" sizes=\"(max-width: 300px) 100vw, 300px\" \/><\/a><span style=\"color: #000000;\">Az a megtiszteltet\u00e9s \u00e9rte klubbunkat \u00e9s U16-os j\u00e1t\u00e9kosunkat, \u00c1rvay Hann\u00e1t, hogy beker\u00fclt az U16-os n\u0151i v\u00e1logatottba. Hanna vas\u00e1rnap indul a v\u00e1logatottal a rom\u00e1niai Development Torn\u00e1ra, ahol nemzetk\u00f6zi szinten is megm\u00e9rettetheti mag\u00e1t. Hanna a 2016\/2017-es szezonban kezdte p\u00e1lyafut\u00e1s\u00e1t klubbunkban, el\u0151tte csak iskolai szinten futbalozott. So\u00f3ky Norbert kezei alatt pall\u00e9roz\u00f3dott \u00e9s 2 h\u00f3napja a feln\u0151tt n\u0151i csapatunkhoz j\u00e1r edz\u00e9sre, illetve m\u00e9rk\u0151z\u00e9seken is szerepelhetett m\u00e1r a nagycsapatban. A k\u00f6vetkez\u0151 interj\u00faban Hanna elmes\u00e9li tapasztalatait \u00e9s \u00e9lm\u00e9nyeit a focival \u00e9s p\u00e1lyafut\u00e1s\u00e1val kapcsolatban:<\/span><\/p>\n<p><span style=\"color: #000000;\"><a style=\"color: #000000;\" href=\"http:\/\/kelensc.hu\/wp-content\/uploads\/2019\/04\/PicsArt_04-05-10.54.38.png\"><img decoding=\"async\" loading=\"lazy\" class=\"alignnone size-medium wp-image-12134\" src=\"http:\/\/kelensc.hu\/wp-content\/uploads\/2019\/04\/PicsArt_04-05-10.54.38-300x127.png\" alt=\"\" width=\"300\" height=\"127\" srcset=\"https:\/\/kelensc.hu\/wp-content\/uploads\/2019\/04\/PicsArt_04-05-10.54.38-300x127.png 300w, https:\/\/kelensc.hu\/wp-content\/uploads\/2019\/04\/PicsArt_04-05-10.54.38-382x162.png 382w, https:\/\/kelensc.hu\/wp-content\/uploads\/2019\/04\/PicsArt_04-05-10.54.38-641x272.png 641w, https:\/\/kelensc.hu\/wp-content\/uploads\/2019\/04\/PicsArt_04-05-10.54.38-768x326.png 768w, https:\/\/kelensc.hu\/wp-content\/uploads\/2019\/04\/PicsArt_04-05-10.54.38-1024x434.png 1024w, https:\/\/kelensc.hu\/wp-content\/uploads\/2019\/04\/PicsArt_04-05-10.54.38-100x42.png 100w, https:\/\/kelensc.hu\/wp-content\/uploads\/2019\/04\/PicsArt_04-05-10.54.38-50x21.png 50w, https:\/\/kelensc.hu\/wp-content\/uploads\/2019\/04\/PicsArt_04-05-10.54.38-25x11.png 25w, https:\/\/kelensc.hu\/wp-content\/uploads\/2019\/04\/PicsArt_04-05-10.54.38.png 1080w\" sizes=\"(max-width: 300px) 100vw, 300px\" \/><\/a><\/span><\/p>\n<ul>\n<li><span style=\"color: #008000;\"><strong>El\u0151sz\u00f6r is gratul\u00e1lunk a v\u00e1logatotts\u00e1ghoz! Mi alapj\u00e1n t\u00f6rt\u00e9nt\u00a0 a kiv\u00e1laszt\u00e1s, hogyan siker\u00fclt eljutnod id\u00e1ig?<\/strong><\/span><\/li>\n<li><span style=\"color: #000000;\"><span style=\"color: #000000;\"><span style=\"color: #000000;\"><span style=\"color: #000000;\">Az els\u0151 kiv\u00e1laszt\u00f3 k\u00f6r febru\u00e1rban ker\u00fclt megrendez\u00e9sre Telkiben. Az elm\u00falt h\u00e9ten m\u00e1r egy sz\u0171kebb kerettel vehettem r\u00e9szt a v\u00e1logatott h\u00e1rom napos edz\u0151t\u00e1bor\u00e1ban. Az itt ny\u00fajtott teljes\u00edtm\u00e9nyem alapj\u00e1n hirdett\u00e9k meg cs\u00fct\u00f6rt\u00f6k este az utaz\u00f3keretet.\n<p><\/span><\/span><\/span><\/span><\/li>\n<li><span style=\"color: #008000;\"><strong>Mi\u00f3ta futballozol, hol kezdted a p\u00e1lyafut\u00e1sod?<\/strong><\/span><\/li>\n<li><span style=\"color: #000000;\"><span style=\"color: #000000;\"><span style=\"color: #000000;\"><span style=\"color: #000000;\">Harmadikos korom \u00f3ta focizom, akkor m\u00e9g az iskolai csapatban a fi\u00fak k\u00f6z\u00f6tt j\u00e1tszottam Zoli b\u00e1csi ir\u00e1ny\u00edt\u00e1s\u00e1val. Ut\u00e1na, amikor gimn\u00e1ziumba ker\u00fcltem, \u0150ry tan\u00e1rn\u0151 javaslat\u00e1ra kerest\u00fcnk egyes\u00fcletet. Ekkor mer\u00fclt fel a Kelen SC, ahova leigazoltam \u00e9s az\u00f3ta is itt futballozom.<br \/>\n<\/span><\/span><\/span><\/span><\/li>\n<li><span style=\"color: #008000;\"><strong>Milyen poszton szokt\u00e1l \u00e1ltal\u00e1ban szerepelni?<\/strong><\/span><\/li>\n<li><span style=\"color: #000000;\"><span style=\"color: #000000;\"><span style=\"color: #000000;\"><span style=\"color: #000000;\">F\u0151leg t\u00e1mad\u00f3 szoktam lenni, de id\u0151nk\u00e9nt v\u00e9dekez\u0151 k\u00f6z\u00e9pp\u00e1ly\u00e1st \u00e9s t\u00e1mad\u00f3 k\u00f6z\u00e9pp\u00e1ly\u00e1st is szoktam j\u00e1tszani.<\/span><\/span><\/span><\/span><\/li>\n<li><span style=\"color: #008000;\"><strong>Mik a terveid a focival kapcsolatban?<\/strong><\/span><\/li>\n<li><span style=\"color: #000000;\"><span style=\"color: #000000;\"><span style=\"color: #000000;\"><span style=\"color: #000000;\">Szeretn\u00e9m \u00e9lvezni, illetve min\u00e9l magasabb szintre szeretn\u00e9k eljutni term\u00e9szetesen.<\/span><\/span><\/span><\/span><\/li>\n<li><span style=\"color: #008000;\"><strong>Mes\u00e9lj egy kicsit a rom\u00e1niai torn\u00e1r\u00f3l, hogyan is fog kin\u00e9zni?<\/strong><\/span><\/li>\n<li><span style=\"color: #000000;\"><span style=\"color: #000000;\"><span style=\"color: #000000;\"><span style=\"color: #000000;\">H\u00e9tf\u0151n reggel indul a csapat, rep\u00fcl\u0151vel fogunk menni ez\u00e9rt vas\u00e1rnap este m\u00e1r beh\u00edvtak minket \u00e9s reggel egy\u00fctt fog indulni mindenki. H\u00e1rom m\u00e9rk\u0151z\u00e9st fogunk j\u00e1tszani \u00e9s szombaton fogunk visszautazni.<\/span><\/span><\/span><\/span><\/li>\n<li><span style=\"color: #008000;\"><strong>Kiknek a t\u00e1mogat\u00e1s\u00e1t \u00e9lvezed ezen a kiv\u00e1l\u00f3 \u00faton, amin haladsz?<\/strong><\/span><\/li>\n<li><span style=\"color: #000000;\"><span style=\"color: #000000;\"><span style=\"color: #000000;\"><span style=\"color: #000000;\">Nagyon szerencs\u00e9s helyzetben vagyok, hiszen sz\u00fcleim, bar\u00e1taim \u00e9s iskol\u00e1m is t\u00e1mogat mindenben. K\u00f6sz\u00f6n\u00f6m edz\u0151imnek \u00e9s csapatt\u00e1rsaimnak is a sok seg\u00edts\u00e9get, t\u00e1mogat\u00e1st, nagyon sokat jelent nekem, hogy ennyien seg\u00edtenek.<\/span><\/span><\/span><\/span><\/li>\n<li><span style=\"color: #008000;\"><strong>Sok sikert k\u00edv\u00e1nunk, rem\u00e9lj\u00fck pozit\u00edv \u00e9lm\u00e9nyekkel t\u00e9rsz majd vissza a torn\u00e1r\u00f3l!<\/strong><\/span><\/li>\n<li><span style=\"color: #000000;\">K\u00f6sz\u00f6n\u00f6m sz\u00e9pen, \u00e9n is rem\u00e9lem.<\/span><\/li>\n<\/ul>\n<p><span style=\"color: #000000;\">Hanna els\u0151 szezonj\u00e1ban 20 m\u00e9rk\u0151z\u00e9sen 9 g\u00f3lt szerzett az U15-\u00f6s f\u00e9lp\u00e1ly\u00e1s bajnoks\u00e1gban, majd ezt k\u00f6vette az U16-os NBII-es Keleti csoport, ahol 9 m\u00e9rk\u0151z\u00e9sen 15 g\u00f3lig jutott el. Az idei szezonban pedig a Kiemelt (NBI-es) bajnoks\u00e1gban 12 m\u00e9rk\u0151z\u00e9sen eddig 10 g\u00f3lt szerzett.<\/span><\/p>\n<p><span style=\"color: #000000;\">Hajr\u00e1 Hanna, Hajr\u00e1 Kelen!<\/span><a href=\"http:\/\/kelensc.hu\/wp-content\/uploads\/2019\/04\/PicsArt_04-06-12.55.38.jpg\"><img decoding=\"async\" loading=\"lazy\" class=\"size-medium wp-image-12135 alignright\" src=\"http:\/\/kelensc.hu\/wp-content\/uploads\/2019\/04\/PicsArt_04-06-12.55.38-300x185.jpg\" alt=\"\" width=\"300\" height=\"185\" srcset=\"https:\/\/kelensc.hu\/wp-content\/uploads\/2019\/04\/PicsArt_04-06-12.55.38-300x185.jpg 300w, https:\/\/kelensc.hu\/wp-content\/uploads\/2019\/04\/PicsArt_04-06-12.55.38-382x235.jpg 382w, https:\/\/kelensc.hu\/wp-content\/uploads\/2019\/04\/PicsArt_04-06-12.55.38-641x395.jpg 641w, https:\/\/kelensc.hu\/wp-content\/uploads\/2019\/04\/PicsArt_04-06-12.55.38-768x473.jpg 768w, https:\/\/kelensc.hu\/wp-content\/uploads\/2019\/04\/PicsArt_04-06-12.55.38-1024x631.jpg 1024w, https:\/\/kelensc.hu\/wp-content\/uploads\/2019\/04\/PicsArt_04-06-12.55.38-100x62.jpg 100w, https:\/\/kelensc.hu\/wp-content\/uploads\/2019\/04\/PicsArt_04-06-12.55.38-50x31.jpg 50w, https:\/\/kelensc.hu\/wp-content\/uploads\/2019\/04\/PicsArt_04-06-12.55.38-25x15.jpg 25w, https:\/\/kelensc.hu\/wp-content\/uploads\/2019\/04\/PicsArt_04-06-12.55.38.jpg 1161w\" sizes=\"(max-width: 300px) 100vw, 300px\" \/><\/a><\/p>\n","protected":false},"excerpt":{"rendered":"<p>Az a megtiszteltet\u00e9s \u00e9rte klubbunkat \u00e9s U16-os j\u00e1t\u00e9kosunkat, \u00c1rvay Hann\u00e1t, hogy beker\u00fclt az U16-os n\u0151i v\u00e1logatottba. Hanna vas\u00e1rnap indul a v\u00e1logatottal a rom\u00e1niai Development Torn\u00e1ra, ahol nemzetk\u00f6zi szinten is megm\u00e9rettetheti mag\u00e1t. Hanna a 2016\/2017-es szezonban kezdte p\u00e1lyafut\u00e1s\u00e1t klubbunkban, el\u0151tte csak iskolai szinten futbalozott. So\u00f3ky Norbert kezei alatt pall\u00e9roz\u00f3dott \u00e9s 2 h\u00f3napja a feln\u0151tt n\u0151i csapatunkhoz&#8230;<\/p>\n","protected":false},"author":1375,"featured_media":12135,"comment_status":"open","ping_status":"open","sticky":false,"template":"","format":"standard","meta":{"inline_featured_image":false,"_exactmetrics_skip_tracking":false,"_exactmetrics_sitenote_active":false,"_exactmetrics_sitenote_note":"","_exactmetrics_sitenote_category":0,"footnotes":""},"categories":[1],"tags":[],"_links":{"self":[{"href":"https:\/\/kelensc.hu\/index.php\/wp-json\/wp\/v2\/posts\/12132"}],"collection":[{"href":"https:\/\/kelensc.hu\/index.php\/wp-json\/wp\/v2\/posts"}],"about":[{"href":"https:\/\/kelensc.hu\/index.php\/wp-json\/wp\/v2\/types\/post"}],"author":[{"embeddable":true,"href":"https:\/\/kelensc.hu\/index.php\/wp-json\/wp\/v2\/users\/1375"}],"replies":[{"embeddable":true,"href":"https:\/\/kelensc.hu\/index.php\/wp-json\/wp\/v2\/comments?post=12132"}],"version-history":[{"count":12,"href":"https:\/\/kelensc.hu\/index.php\/wp-json\/wp\/v2\/posts\/12132\/revisions"}],"predecessor-version":[{"id":12147,"href":"https:\/\/kelensc.hu\/index.php\/wp-json\/wp\/v2\/posts\/12132\/revisions\/12147"}],"wp:featuredmedia":[{"embeddable":true,"href":"https:\/\/kelensc.hu\/index.php\/wp-json\/wp\/v2\/media\/12135"}],"wp:attachment":[{"href":"https:\/\/kelensc.hu\/index.php\/wp-json\/wp\/v2\/media?parent=12132"}],"wp:term":[{"taxonomy":"category","embeddable":true,"href":"https:\/\/kelensc.hu\/index.php\/wp-json\/wp\/v2\/categories?post=12132"},{"taxonomy":"post_tag","embeddable":true,"href":"https:\/\/kelensc.hu\/index.php\/wp-json\/wp\/v2\/tags?post=12132"}],"curies":[{"name":"wp","href":"https:\/\/api.w.org\/{rel}","templated":true}]}}