{"id":12096,"date":"2019-03-31T11:22:49","date_gmt":"2019-03-31T11:22:49","guid":{"rendered":"http:\/\/kelensc.hu\/?p=12096"},"modified":"2019-03-31T11:22:49","modified_gmt":"2019-03-31T11:22:49","slug":"21-fordulo-felnott-i","status":"publish","type":"post","link":"https:\/\/kelensc.hu\/index.php\/21-fordulo-felnott-i\/","title":{"rendered":"21. Fordul\u00f3 (Feln\u0151tt I.)"},"content":{"rendered":"<h4><span style=\"color: #000000;\"><strong>Nem volt k\u00f6nny\u0171 h\u00e9t!<\/strong><\/span><\/h4>\n<p><u><span style=\"color: #000000;\">2019.03.30. szombat 13:00, Kelen SC p\u00e1lya, 150 n\u00e9z\u0151<\/span><\/p>\n<p><\/u><\/p>\n<p><span style=\"color: #000000;\"><strong>21. Fordul\u00f3<\/strong><\/span><\/p>\n<p><span style=\"color: #000000;\"><strong>Kelen SC \u2013 F\u0151v. V\u00edzm\u0171vek SK 1:0 (1:0)<\/strong><\/span><\/p>\n<p><span style=\"color: #000000;\"><strong>G.:<\/strong> Balogh B. (26\u2019)<\/span><\/p>\n<p><span style=\"color: #000000;\"><strong>S.:<\/strong> Balogh B. (36\u2019) ill., Kuklis K. (33\u2019), L\u00e9n\u00e1rt S. (52\u2019), Bagd\u00e1n G. (75\u2019), Madar M.(81\u2019)<\/span><\/p>\n<p><span style=\"color: #000000;\"><strong>P.:<\/strong> &#8211; ill., &#8211;<\/span><\/p>\n<p>&nbsp;<\/p>\n<p><span style=\"color: #000000;\"><strong><em>Edz\u0151i \u00e9rt\u00e9kel\u00e9s:<\/em><\/strong><\/span><\/p>\n<p><span style=\"color: #000000;\">A 21. fordul\u00f3ban, a mindig nagyon vesz\u00e9lyes V\u00edzm\u0171vek csapat\u00e1t fogadtuk, egy nagyon neh\u00e9z h\u00e9t ut\u00e1n.<\/span><\/p>\n<p><a href=\"http:\/\/kelensc.hu\/wp-content\/uploads\/2019\/03\/1-2.jpg\"><img decoding=\"async\" loading=\"lazy\" class=\"alignnone size-full wp-image-12097\" src=\"http:\/\/kelensc.hu\/wp-content\/uploads\/2019\/03\/1-2.jpg\" alt=\"\" width=\"1167\" height=\"657\" srcset=\"https:\/\/kelensc.hu\/wp-content\/uploads\/2019\/03\/1-2.jpg 1167w, https:\/\/kelensc.hu\/wp-content\/uploads\/2019\/03\/1-2-382x215.jpg 382w, https:\/\/kelensc.hu\/wp-content\/uploads\/2019\/03\/1-2-641x361.jpg 641w, https:\/\/kelensc.hu\/wp-content\/uploads\/2019\/03\/1-2-300x169.jpg 300w, https:\/\/kelensc.hu\/wp-content\/uploads\/2019\/03\/1-2-768x432.jpg 768w, https:\/\/kelensc.hu\/wp-content\/uploads\/2019\/03\/1-2-1024x576.jpg 1024w, https:\/\/kelensc.hu\/wp-content\/uploads\/2019\/03\/1-2-100x56.jpg 100w, https:\/\/kelensc.hu\/wp-content\/uploads\/2019\/03\/1-2-50x28.jpg 50w, https:\/\/kelensc.hu\/wp-content\/uploads\/2019\/03\/1-2-25x14.jpg 25w\" sizes=\"(max-width: 1167px) 100vw, 1167px\" \/><\/a><\/p>\n<p><span style=\"color: #000000;\">Tulajdonk\u00e9ppen ez volt a 3. rangad\u00f3nk az elm\u00falt 7 napban. Ez egy kicsit \u00e9rezhet\u0151 is volt a j\u00e1t\u00e9kunk min\u0151s\u00e9g\u00e9n. Labdabirtokl\u00e1sban v\u00e9gig nagyon pontatlanok voltunk, f\u0151leg a t\u00e1mad\u00e1sok \u00e9p\u00edt\u00e9s\u00e9ben \u00e9s a befejez\u00e9sekn\u00e9l. J\u00e1t\u00e9kosaimra ennek ellen\u00e9re sem lehet panasz, minden energi\u00e1jukat mozg\u00f3s\u00edtott\u00e1k, hogy a lehet\u0151 legt\u00f6bbet hozz\u00e1k ki a m\u00e9rk\u0151z\u00e9sb\u0151l.<\/span><\/p>\n<p><a href=\"http:\/\/kelensc.hu\/wp-content\/uploads\/2019\/03\/2-2.jpg\"><img decoding=\"async\" loading=\"lazy\" class=\"alignnone size-full wp-image-12098\" src=\"http:\/\/kelensc.hu\/wp-content\/uploads\/2019\/03\/2-2.jpg\" alt=\"\" width=\"1167\" height=\"657\" srcset=\"https:\/\/kelensc.hu\/wp-content\/uploads\/2019\/03\/2-2.jpg 1167w, https:\/\/kelensc.hu\/wp-content\/uploads\/2019\/03\/2-2-382x215.jpg 382w, https:\/\/kelensc.hu\/wp-content\/uploads\/2019\/03\/2-2-641x361.jpg 641w, https:\/\/kelensc.hu\/wp-content\/uploads\/2019\/03\/2-2-300x169.jpg 300w, https:\/\/kelensc.hu\/wp-content\/uploads\/2019\/03\/2-2-768x432.jpg 768w, https:\/\/kelensc.hu\/wp-content\/uploads\/2019\/03\/2-2-1024x576.jpg 1024w, https:\/\/kelensc.hu\/wp-content\/uploads\/2019\/03\/2-2-100x56.jpg 100w, https:\/\/kelensc.hu\/wp-content\/uploads\/2019\/03\/2-2-50x28.jpg 50w, https:\/\/kelensc.hu\/wp-content\/uploads\/2019\/03\/2-2-25x14.jpg 25w\" sizes=\"(max-width: 1167px) 100vw, 1167px\" \/><\/a><\/p>\n<p><span style=\"color: #000000;\">Az els\u0151 p\u00e1r percben igazolta is a vend\u00e9gcsapat, hogy mi\u00e9rt tartottam \u0151ket vesz\u00e9lyesnek, \u00edgy el\u00e9g hamar \u00e9rezhett\u00fck, hogy milyen lend\u00fclet van benn\u00fck. Ezut\u00e1n kezdt\u00fck \u00e1tvenni az ir\u00e1ny\u00edt\u00e1st \u00e9s ekkor volt egy j\u00f3 id\u0151szakunk, ahol meg is szerezt\u00fck a vezet\u00e9st. A sz\u00fcnetig ad\u00f3dtak m\u00e9g lehet\u0151s\u00e9gek, de az el\u0151nyt nem tudtuk tov\u00e1bb n\u00f6velni.<\/span><\/p>\n<p><a href=\"http:\/\/kelensc.hu\/wp-content\/uploads\/2019\/03\/3-2.jpg\"><img decoding=\"async\" loading=\"lazy\" class=\"alignnone size-full wp-image-12099\" src=\"http:\/\/kelensc.hu\/wp-content\/uploads\/2019\/03\/3-2.jpg\" alt=\"\" width=\"1166\" height=\"657\" srcset=\"https:\/\/kelensc.hu\/wp-content\/uploads\/2019\/03\/3-2.jpg 1166w, https:\/\/kelensc.hu\/wp-content\/uploads\/2019\/03\/3-2-382x215.jpg 382w, https:\/\/kelensc.hu\/wp-content\/uploads\/2019\/03\/3-2-641x361.jpg 641w, https:\/\/kelensc.hu\/wp-content\/uploads\/2019\/03\/3-2-300x169.jpg 300w, https:\/\/kelensc.hu\/wp-content\/uploads\/2019\/03\/3-2-768x433.jpg 768w, https:\/\/kelensc.hu\/wp-content\/uploads\/2019\/03\/3-2-1024x577.jpg 1024w, https:\/\/kelensc.hu\/wp-content\/uploads\/2019\/03\/3-2-100x56.jpg 100w, https:\/\/kelensc.hu\/wp-content\/uploads\/2019\/03\/3-2-50x28.jpg 50w, https:\/\/kelensc.hu\/wp-content\/uploads\/2019\/03\/3-2-25x14.jpg 25w\" sizes=\"(max-width: 1166px) 100vw, 1166px\" \/><\/a><\/p>\n<p><span style=\"color: #000000;\">A m\u00e1sodik j\u00e1t\u00e9kr\u00e9szben el\u00e9g csapkod\u00f3, kapkod\u00f3 volt a j\u00e1t\u00e9k mindk\u00e9t csapat r\u00e9sz\u00e9r\u0151l, de m\u00e9g \u00edgy is lett volna lehet\u0151s\u00e9g\u00fcnk \u00fajabb g\u00f3l szerz\u00e9s\u00e9re, de ma nem siker\u00fcltek j\u00f3l a befejez\u00e9sek. A meccs v\u00e9gig izgalmas volt a j\u00e1t\u00e9k sz\u00ednvonal\u00e1t\u00f3l f\u00fcggetlen\u00fcl, \u00e9s v\u00e9g\u00fcl csak siker\u00fclt \u00fajabb gy\u0151zelmet szerezn\u00fcnk hazai p\u00e1ly\u00e1n.<\/span><\/p>\n<p><a href=\"http:\/\/kelensc.hu\/wp-content\/uploads\/2019\/03\/4-2.jpg\"><img decoding=\"async\" loading=\"lazy\" class=\"alignnone size-full wp-image-12100\" src=\"http:\/\/kelensc.hu\/wp-content\/uploads\/2019\/03\/4-2.jpg\" alt=\"\" width=\"1166\" height=\"657\" srcset=\"https:\/\/kelensc.hu\/wp-content\/uploads\/2019\/03\/4-2.jpg 1166w, https:\/\/kelensc.hu\/wp-content\/uploads\/2019\/03\/4-2-382x215.jpg 382w, https:\/\/kelensc.hu\/wp-content\/uploads\/2019\/03\/4-2-641x361.jpg 641w, https:\/\/kelensc.hu\/wp-content\/uploads\/2019\/03\/4-2-300x169.jpg 300w, https:\/\/kelensc.hu\/wp-content\/uploads\/2019\/03\/4-2-768x433.jpg 768w, https:\/\/kelensc.hu\/wp-content\/uploads\/2019\/03\/4-2-1024x577.jpg 1024w, https:\/\/kelensc.hu\/wp-content\/uploads\/2019\/03\/4-2-100x56.jpg 100w, https:\/\/kelensc.hu\/wp-content\/uploads\/2019\/03\/4-2-50x28.jpg 50w, https:\/\/kelensc.hu\/wp-content\/uploads\/2019\/03\/4-2-25x14.jpg 25w\" sizes=\"(max-width: 1166px) 100vw, 1166px\" \/><\/a><\/p>\n<p><span style=\"color: #000000;\">Gratul\u00e1lok a csapatnak a gy\u0151zelemhez!<\/span><\/p>\n<p><span style=\"color: #000000;\">Hajr\u00e1 Kelen SC!<\/span><\/p>\n<p><a href=\"http:\/\/kelensc.hu\/wp-content\/uploads\/2019\/03\/5-2.jpg\"><img decoding=\"async\" loading=\"lazy\" class=\"alignnone size-full wp-image-12101\" src=\"http:\/\/kelensc.hu\/wp-content\/uploads\/2019\/03\/5-2.jpg\" alt=\"\" width=\"1168\" height=\"657\" srcset=\"https:\/\/kelensc.hu\/wp-content\/uploads\/2019\/03\/5-2.jpg 1168w, https:\/\/kelensc.hu\/wp-content\/uploads\/2019\/03\/5-2-382x215.jpg 382w, https:\/\/kelensc.hu\/wp-content\/uploads\/2019\/03\/5-2-641x361.jpg 641w, https:\/\/kelensc.hu\/wp-content\/uploads\/2019\/03\/5-2-300x169.jpg 300w, https:\/\/kelensc.hu\/wp-content\/uploads\/2019\/03\/5-2-768x432.jpg 768w, https:\/\/kelensc.hu\/wp-content\/uploads\/2019\/03\/5-2-1024x576.jpg 1024w, https:\/\/kelensc.hu\/wp-content\/uploads\/2019\/03\/5-2-100x56.jpg 100w, https:\/\/kelensc.hu\/wp-content\/uploads\/2019\/03\/5-2-50x28.jpg 50w, https:\/\/kelensc.hu\/wp-content\/uploads\/2019\/03\/5-2-25x14.jpg 25w\" sizes=\"(max-width: 1168px) 100vw, 1168px\" \/><\/a><\/p>\n","protected":false},"excerpt":{"rendered":"<p>Nem volt k\u00f6nny\u0171 h\u00e9t! 2019.03.30. szombat 13:00, Kelen SC p\u00e1lya, 150 n\u00e9z\u0151 21. Fordul\u00f3 Kelen SC \u2013 F\u0151v. V\u00edzm\u0171vek SK 1:0 (1:0) G.: Balogh B. (26\u2019) S.: Balogh B. (36\u2019) ill., Kuklis K. (33\u2019), L\u00e9n\u00e1rt S. (52\u2019), Bagd\u00e1n G. (75\u2019), Madar M.(81\u2019) P.: &#8211; ill., &#8211; &nbsp; Edz\u0151i \u00e9rt\u00e9kel\u00e9s: A 21. fordul\u00f3ban, a mindig nagyon&#8230;<\/p>\n","protected":false},"author":13,"featured_media":12097,"comment_status":"open","ping_status":"open","sticky":false,"template":"","format":"standard","meta":{"inline_featured_image":false,"_exactmetrics_skip_tracking":false,"_exactmetrics_sitenote_active":false,"_exactmetrics_sitenote_note":"","_exactmetrics_sitenote_category":0,"footnotes":""},"categories":[11],"tags":[],"_links":{"self":[{"href":"https:\/\/kelensc.hu\/index.php\/wp-json\/wp\/v2\/posts\/12096"}],"collection":[{"href":"https:\/\/kelensc.hu\/index.php\/wp-json\/wp\/v2\/posts"}],"about":[{"href":"https:\/\/kelensc.hu\/index.php\/wp-json\/wp\/v2\/types\/post"}],"author":[{"embeddable":true,"href":"https:\/\/kelensc.hu\/index.php\/wp-json\/wp\/v2\/users\/13"}],"replies":[{"embeddable":true,"href":"https:\/\/kelensc.hu\/index.php\/wp-json\/wp\/v2\/comments?post=12096"}],"version-history":[{"count":1,"href":"https:\/\/kelensc.hu\/index.php\/wp-json\/wp\/v2\/posts\/12096\/revisions"}],"predecessor-version":[{"id":12102,"href":"https:\/\/kelensc.hu\/index.php\/wp-json\/wp\/v2\/posts\/12096\/revisions\/12102"}],"wp:featuredmedia":[{"embeddable":true,"href":"https:\/\/kelensc.hu\/index.php\/wp-json\/wp\/v2\/media\/12097"}],"wp:attachment":[{"href":"https:\/\/kelensc.hu\/index.php\/wp-json\/wp\/v2\/media?parent=12096"}],"wp:term":[{"taxonomy":"category","embeddable":true,"href":"https:\/\/kelensc.hu\/index.php\/wp-json\/wp\/v2\/categories?post=12096"},{"taxonomy":"post_tag","embeddable":true,"href":"https:\/\/kelensc.hu\/index.php\/wp-json\/wp\/v2\/tags?post=12096"}],"curies":[{"name":"wp","href":"https:\/\/api.w.org\/{rel}","templated":true}]}}