{"id":12083,"date":"2019-03-28T14:31:05","date_gmt":"2019-03-28T14:31:05","guid":{"rendered":"http:\/\/kelensc.hu\/?p=12083"},"modified":"2019-03-28T14:35:03","modified_gmt":"2019-03-28T14:35:03","slug":"elodontobe-jutott-felnott-i-csapatunk","status":"publish","type":"post","link":"https:\/\/kelensc.hu\/index.php\/elodontobe-jutott-felnott-i-csapatunk\/","title":{"rendered":"El\u0151d\u00f6nt\u0151be jutott Feln\u0151tt I. csapatunk"},"content":{"rendered":"<p class=\"x_MsoNormal\"><span style=\"color: #000000;\"><b>El\u0151d\u00f6nt\u0151be jutottunk<\/b><\/span><\/p>\n<p class=\"x_MsoNormal\"><span style=\"color: #000000;\"><i>\u00edrta \u00e9s rendezte: Major Csongor<\/i><\/span><\/p>\n<p class=\"x_MsoNormal\"><span style=\"color: #000000;\"><i>2019.03.27. szerda 19:45, Kelen SC p\u00e1lya, 100 n\u00e9z\u0151<\/i><\/span><\/p>\n<p><a href=\"http:\/\/kelensc.hu\/wp-content\/uploads\/2019\/03\/20190327_194613.jpg\"><img decoding=\"async\" loading=\"lazy\" class=\"alignnone wp-image-12085 size-full\" src=\"http:\/\/kelensc.hu\/wp-content\/uploads\/2019\/03\/20190327_194613-e1553783689733.jpg\" alt=\"\" width=\"2631\" height=\"1527\" srcset=\"https:\/\/kelensc.hu\/wp-content\/uploads\/2019\/03\/20190327_194613-e1553783689733.jpg 2631w, https:\/\/kelensc.hu\/wp-content\/uploads\/2019\/03\/20190327_194613-e1553783689733-382x222.jpg 382w, https:\/\/kelensc.hu\/wp-content\/uploads\/2019\/03\/20190327_194613-e1553783689733-641x372.jpg 641w, https:\/\/kelensc.hu\/wp-content\/uploads\/2019\/03\/20190327_194613-e1553783689733-300x174.jpg 300w, https:\/\/kelensc.hu\/wp-content\/uploads\/2019\/03\/20190327_194613-e1553783689733-768x446.jpg 768w, https:\/\/kelensc.hu\/wp-content\/uploads\/2019\/03\/20190327_194613-e1553783689733-1024x594.jpg 1024w, https:\/\/kelensc.hu\/wp-content\/uploads\/2019\/03\/20190327_194613-e1553783689733-100x58.jpg 100w, https:\/\/kelensc.hu\/wp-content\/uploads\/2019\/03\/20190327_194613-e1553783689733-50x29.jpg 50w, https:\/\/kelensc.hu\/wp-content\/uploads\/2019\/03\/20190327_194613-e1553783689733-25x15.jpg 25w\" sizes=\"(max-width: 2631px) 100vw, 2631px\" \/><\/a><\/p>\n<p class=\"x_MsoNormal\"><span style=\"color: #000000;\"><u>Budapest Kupa<\/u><\/span><\/p>\n<p class=\"x_MsoNormal\"><span style=\"color: #000000;\">negyedd\u00f6nt\u0151<\/span><\/p>\n<p class=\"x_MsoNormal\"><span style=\"color: #000000;\"><b>Kelen SC \u2013 Unione FC 0:0 <\/b><\/span><\/p>\n<p class=\"x_MsoNormal\"><span style=\"color: #000000;\"><b>b\u00fcntet\u0151k ut\u00e1n 10:9<\/b><\/span><\/p>\n<p class=\"x_MsoNormal\"><span style=\"color: #000000;\"><b>G.:<\/b> &#8211; ill., &#8211;<\/span><\/p>\n<p class=\"x_MsoNormal\"><span style=\"color: #000000;\"><b>S.:<\/b> Egyed B.(37\u2019), Kun B.(64\u2019), Csabai T.(76\u2019), Balogh B.(86\u2019) ill., Lettrich D.(35\u2019), Weisz T.(53\u2019), Gr\u00faz T.(62\u2019), Kopl\u00e1nyi T<\/span><\/p>\n<p class=\"x_MsoNormal\"><span style=\"color: #000000;\">G.(90\u2019)<\/span><\/p>\n<p class=\"x_MsoNormal\"><span style=\"color: #000000;\"><b>P.:<\/b> &#8211; ill., &#8211;<\/span><\/p>\n<p class=\"x_MsoNormal\"><span style=\"color: #000000;\"><b>\u00d6ssze\u00e1ll\u00edt\u00e1s:<\/b> Major Cs. \u2013 M\u00f3dly M., Egyed B., Zsibor\u00e1s Z. \u2013 Szab\u00f3 B., Kun B., Ko\u00f3s B., Moldov\u00e1n L., Csabai T. \u2013 Marosi K., Kiss G.<\/span><\/p>\n<p class=\"x_MsoNormal\"><span style=\"color: #000000;\"><b>Cser\u00e9k:<\/b> Ha\u00e1la K., Horv\u00e1th Zs., Balogh B., K\u00e1d\u00e1r M., Krajnc B., Kert\u00e9sz \u00c1., Imre \u00c1.<\/span><\/p>\n<p class=\"x_MsoNormal\"><span style=\"color: #000000;\"><b>Edz\u0151i \u00e9rt\u00e9kel\u00e9s: <\/b><\/span><\/p>\n<p class=\"x_MsoNormal\"><span style=\"color: #000000;\">A szombati bajnoki m\u00e9rk\u0151z\u00e9s ut\u00e1n most a Budapest Kup\u00e1ban is \u00f6sszeker\u00fclt\u00fcnk az Unione FC csapat\u00e1val, ez\u00fattal hazai k\u00f6rnyezetben. Maga a m\u00e9rk\u0151z\u00e9s igaz\u00e1n f\u00e9rfias, \u00e9s helyenk\u00e9nt eg\u00e9sz sz\u00ednvonalas j\u00e1t\u00e9kot hozott. Mindk\u00e9t csapatnak megvolt a lehet\u0151s\u00e9ge a g\u00f3lszerz\u00e9sre, de m\u00e9gis \u00e9rezhet\u0151 volt, hogy ez a csata nem d\u0151l el a rendes j\u00e1t\u00e9kid\u0151 sor\u00e1n.<\/span><\/p>\n<p class=\"x_MsoNormal\"><span style=\"color: #000000;\">A b\u00fcntet\u0151p\u00e1rbaj is nagyon izgalmas volt v\u00e9gig, hol mi ker\u00fclt\u00fcnk el\u0151nybe, hol a vend\u00e9gek, de a remek napot kifog\u00f3 Major Csongor versenyben tartotta\u00a0 a csapatot. S\u0151t m\u00e9g b\u00fcntet\u0151t is \u00e9rt\u00e9ks\u00edtett magabiztosan. A v\u00e9g\u00e9n a hazai kapufa is vel\u00fcnk volt, \u00edgy egy igazi kupam\u00e9rk\u0151z\u00e9s v\u00e9g\u00e9n mi ker\u00fclt\u00fcnk az el\u0151d\u00f6nt\u0151be.<\/span><\/p>\n<p class=\"x_MsoNormal\"><span style=\"color: #000000;\">Gratul\u00e1lok az eg\u00e9sz csapatnak, sz\u00e9p munka volt!<\/span><\/p>\n<p class=\"x_MsoNormal\"><a href=\"http:\/\/kelensc.hu\/wp-content\/uploads\/2019\/03\/20190327_194920.jpg\"><img decoding=\"async\" loading=\"lazy\" class=\"alignnone size-full wp-image-12084\" src=\"http:\/\/kelensc.hu\/wp-content\/uploads\/2019\/03\/20190327_194920.jpg\" alt=\"\" width=\"4128\" height=\"2006\" srcset=\"https:\/\/kelensc.hu\/wp-content\/uploads\/2019\/03\/20190327_194920.jpg 4128w, https:\/\/kelensc.hu\/wp-content\/uploads\/2019\/03\/20190327_194920-382x186.jpg 382w, https:\/\/kelensc.hu\/wp-content\/uploads\/2019\/03\/20190327_194920-641x311.jpg 641w, https:\/\/kelensc.hu\/wp-content\/uploads\/2019\/03\/20190327_194920-300x146.jpg 300w, https:\/\/kelensc.hu\/wp-content\/uploads\/2019\/03\/20190327_194920-768x373.jpg 768w, https:\/\/kelensc.hu\/wp-content\/uploads\/2019\/03\/20190327_194920-1024x498.jpg 1024w, https:\/\/kelensc.hu\/wp-content\/uploads\/2019\/03\/20190327_194920-100x49.jpg 100w, https:\/\/kelensc.hu\/wp-content\/uploads\/2019\/03\/20190327_194920-50x24.jpg 50w, https:\/\/kelensc.hu\/wp-content\/uploads\/2019\/03\/20190327_194920-25x12.jpg 25w\" sizes=\"(max-width: 4128px) 100vw, 4128px\" \/><\/a><\/p>\n<p class=\"x_MsoNormal\"><span style=\"color: #000000;\">Hajr\u00e1 Kelen SC!<\/span><\/p>\n<p class=\"x_MsoNormal\" style=\"text-align: right;\">(Harmati Tam\u00e1s)<\/p>\n","protected":false},"excerpt":{"rendered":"<p>El\u0151d\u00f6nt\u0151be jutottunk \u00edrta \u00e9s rendezte: Major Csongor 2019.03.27. szerda 19:45, Kelen SC p\u00e1lya, 100 n\u00e9z\u0151 Budapest Kupa negyedd\u00f6nt\u0151 Kelen SC \u2013 Unione FC 0:0 b\u00fcntet\u0151k ut\u00e1n 10:9 G.: &#8211; ill., &#8211; S.: Egyed B.(37\u2019), Kun B.(64\u2019), Csabai T.(76\u2019), Balogh B.(86\u2019) ill., Lettrich D.(35\u2019), Weisz T.(53\u2019), Gr\u00faz T.(62\u2019), Kopl\u00e1nyi T G.(90\u2019) P.: &#8211; ill., &#8211; \u00d6ssze\u00e1ll\u00edt\u00e1s:&#8230;<\/p>\n","protected":false},"author":13,"featured_media":12084,"comment_status":"open","ping_status":"open","sticky":false,"template":"","format":"standard","meta":{"inline_featured_image":false,"_exactmetrics_skip_tracking":false,"_exactmetrics_sitenote_active":false,"_exactmetrics_sitenote_note":"","_exactmetrics_sitenote_category":0,"footnotes":""},"categories":[11],"tags":[],"_links":{"self":[{"href":"https:\/\/kelensc.hu\/index.php\/wp-json\/wp\/v2\/posts\/12083"}],"collection":[{"href":"https:\/\/kelensc.hu\/index.php\/wp-json\/wp\/v2\/posts"}],"about":[{"href":"https:\/\/kelensc.hu\/index.php\/wp-json\/wp\/v2\/types\/post"}],"author":[{"embeddable":true,"href":"https:\/\/kelensc.hu\/index.php\/wp-json\/wp\/v2\/users\/13"}],"replies":[{"embeddable":true,"href":"https:\/\/kelensc.hu\/index.php\/wp-json\/wp\/v2\/comments?post=12083"}],"version-history":[{"count":3,"href":"https:\/\/kelensc.hu\/index.php\/wp-json\/wp\/v2\/posts\/12083\/revisions"}],"predecessor-version":[{"id":12088,"href":"https:\/\/kelensc.hu\/index.php\/wp-json\/wp\/v2\/posts\/12083\/revisions\/12088"}],"wp:featuredmedia":[{"embeddable":true,"href":"https:\/\/kelensc.hu\/index.php\/wp-json\/wp\/v2\/media\/12084"}],"wp:attachment":[{"href":"https:\/\/kelensc.hu\/index.php\/wp-json\/wp\/v2\/media?parent=12083"}],"wp:term":[{"taxonomy":"category","embeddable":true,"href":"https:\/\/kelensc.hu\/index.php\/wp-json\/wp\/v2\/categories?post=12083"},{"taxonomy":"post_tag","embeddable":true,"href":"https:\/\/kelensc.hu\/index.php\/wp-json\/wp\/v2\/tags?post=12083"}],"curies":[{"name":"wp","href":"https:\/\/api.w.org\/{rel}","templated":true}]}}