{"id":12070,"date":"2019-03-26T10:55:05","date_gmt":"2019-03-26T10:55:05","guid":{"rendered":"http:\/\/kelensc.hu\/?p=12070"},"modified":"2019-07-15T10:51:52","modified_gmt":"2019-07-15T10:51:52","slug":"felhivas-iskolai-kozossegi-szolgalatra","status":"publish","type":"post","link":"https:\/\/kelensc.hu\/index.php\/felhivas-iskolai-kozossegi-szolgalatra\/","title":{"rendered":"Felh\u00edv\u00e1s Iskolai K\u00f6z\u00f6ss\u00e9gi Szolg\u00e1latra"},"content":{"rendered":"<h4><span style=\"color: #000000;\">Iskolai K\u00f6z\u00f6ss\u00e9gi Szolg\u00e1lat felh\u00edv\u00e1s!<\/span><\/h4>\n<h6><span style=\"color: #000000;\">T\u00f6lts el egy szuper p\u00e1r \u00f3r\u00e1t sportos k\u00f6zegben a Bozsik fesztiv\u00e1lokon\/torn\u00e1kon a Kelen SC-n\u00e9l! N\u00e9zd meg, hogyan is m\u0171k\u00f6dik, \u00e9s legy\u00e9l r\u00e9szese Te is a programnak! Cser\u00e9be a k\u00f6z\u00f6ss\u00e9gi szolg\u00e1latos napl\u00f3dba leigazoljuk a szolg\u00e1latot, ezzel nem csak magadnak seg\u00edtesz, de a gyerekekkel val\u00f3 k\u00f6z\u00f6s program is biztosan feldobja a napot! \ud83d\ude42<\/span><\/h6>\n<p><span style=\"color: #000000;\">Term\u00e9szetesen \u00f6nk\u00e9nteseket is fogadunk, akik szeretn\u00e9nek seg\u00edteni, esetleg kacsintgatnak az edz\u0151sk\u00f6d\u00e9s fel\u00e9, szint\u00e9n v\u00e1rjuk a jelentkez\u00e9s\u00fcket.<a href=\"http:\/\/kelensc.hu\/wp-content\/uploads\/2019\/03\/035f0b772a03f455045ea960b0176ce7_XL-642x300.jpg\"><img decoding=\"async\" loading=\"lazy\" class=\"alignnone size-full wp-image-12071\" src=\"http:\/\/kelensc.hu\/wp-content\/uploads\/2019\/03\/035f0b772a03f455045ea960b0176ce7_XL-642x300.jpg\" alt=\"\" width=\"642\" height=\"300\" srcset=\"https:\/\/kelensc.hu\/wp-content\/uploads\/2019\/03\/035f0b772a03f455045ea960b0176ce7_XL-642x300.jpg 642w, https:\/\/kelensc.hu\/wp-content\/uploads\/2019\/03\/035f0b772a03f455045ea960b0176ce7_XL-642x300-382x179.jpg 382w, https:\/\/kelensc.hu\/wp-content\/uploads\/2019\/03\/035f0b772a03f455045ea960b0176ce7_XL-642x300-300x140.jpg 300w, https:\/\/kelensc.hu\/wp-content\/uploads\/2019\/03\/035f0b772a03f455045ea960b0176ce7_XL-642x300-100x47.jpg 100w, https:\/\/kelensc.hu\/wp-content\/uploads\/2019\/03\/035f0b772a03f455045ea960b0176ce7_XL-642x300-50x23.jpg 50w, https:\/\/kelensc.hu\/wp-content\/uploads\/2019\/03\/035f0b772a03f455045ea960b0176ce7_XL-642x300-25x12.jpg 25w\" sizes=\"(max-width: 642px) 100vw, 642px\" \/><\/a><\/span><\/p>\n<p>&nbsp;<\/p>\n<h6><span style=\"color: #000000;\"><strong>Milyen feladatok v\u00e1rhatnak R\u00e1d?<\/strong><\/span><\/h6>\n<p><span style=\"color: #000000;\">felszerel\u00e9sek el\u0151k\u00e9sz\u00edt\u00e9se<br \/>\n<\/span><span style=\"color: #000000;\">p\u00e1lya el\u0151k\u00e9sz\u00edt\u00e9se, elrendez\u00e9se<br \/>\n<\/span><span style=\"color: #000000;\">csapatok fogad\u00e1sa<br \/>\n<\/span><span style=\"color: #000000;\">p\u00e1lyafel\u00fcgyelet<br \/>\n<\/span><span style=\"color: #000000;\">gyermekek biztat\u00e1sa, seg\u00edt\u00e9se<br \/>\n<\/span><span style=\"color: #000000;\">csokioszt\u00e1s<br \/>\n<\/span><span style=\"color: #000000;\">felszerel\u00e9sek \u00f6sszepakol\u00e1sa<br \/>\n<\/span><span style=\"color: #000000;\">p\u00e1lya elpakol\u00e1sa<br \/>\n<\/span><span style=\"color: #000000;\">p\u00e1lya, \u00e9s k\u00f6rny\u00e9k\u00e9nek tiszt\u00e1n tart\u00e1sa<\/span><\/p>\n<h5><span style=\"color: #000000;\"><strong>14 \u00e9v feletti l\u00e1nyok \u00e9s fi\u00fak jelentkez\u00e9s\u00e9t v\u00e1rjuk!<\/strong><\/span><\/h5>\n<h4><span style=\"color: #000000;\"><strong>2019-20-as \u0151szi id\u0151pontok hamarosan&#8230;<\/strong><\/span><\/h4>\n<p>&nbsp;<\/p>\n<p><strong><span style=\"color: #000000;\"><em>U7-U9 Bozsik Fesztiv\u00e1l \u00e9s Torna:<\/em><\/span><\/strong><\/p>\n<p><span style=\"color: #000000;\">f\u00e9l\u00e9vente 4 alkalom (vas\u00e1rnap d\u00e9lel\u0151tti id\u0151szakokban v\u00e1rhat\u00f3ak) szeptember-okt\u00f3ber, m\u00e1rcius, \u00e1prilis, m\u00e1jus h\u00f3napokban<\/span><\/p>\n<p><strong><span style=\"color: #000000;\"><em>U11-U13 Torna:<\/em><\/span><\/strong><\/p>\n<p><span style=\"color: #000000;\">f\u00e9l\u00e9vente 5 alkalommal h\u00e9tv\u00e9gi id\u0151szakokban (szeptember-november, m\u00e1rcius-j\u00fanius)<\/span><\/p>\n<p>Felt\u00e9telek: az Iskol\u00e1nak az Egyes\u00fclettel szerz\u0151d\u00e9st kell k\u00f6tnie, ezt az Iskola k\u00fcldi ki a tanul\u00f3val, illetve a Sz\u00fcl\u0151 \u00e9s az Egyes\u00fclet k\u00f6z\u00f6tti meg\u00e1llapod\u00e1s kit\u00f6lt\u00e9se, betart\u00e1sa, amely a Sz\u00fcl\u0151 \u00e9s az Egyes\u00fclet k\u00f6z\u00f6tt j\u00f6n l\u00e9tre.<\/p>\n<p>&nbsp;<\/p>\n<p><span style=\"color: #000000;\"><strong>Hogyan is tudsz jelentkezni?<\/strong><\/span><\/p>\n<p>&nbsp;<\/p>\n<p><span style=\"color: #000000;\">E-mailben a <a style=\"color: #000000;\" href=\"mailto:gorog.emilia.atene@kelensc.hu\"><span style=\"color: #000080;\">gorog.emilia.atene@kelensc.hu<\/span><\/a> c\u00edmre k\u00fcldj egy \u00fczenetet:<\/span><\/p>\n<p><span style=\"color: #000000;\"><em>T\u00e1rgy:<\/em> Jelentkez\u00e9s Iskolai K\u00f6z\u00f6ss\u00e9gi Szolg\u00e1latra<\/span><\/p>\n<p><span style=\"color: #000000;\">A Jelentkez\u00e9sben t\u00fcntesd fel neved, koroszt\u00e1lyod, e-mail c\u00edmed, illetve mely napokon sz\u00e1m\u00edtsunk a r\u00e9szv\u00e9teledre.<\/span><\/p>\n<p>&nbsp;<\/p>\n<p><span style=\"color: #000000;\">Kelen SC<\/span><\/p>\n<p>&nbsp;<\/p>\n<p>&nbsp;<\/p>\n","protected":false},"excerpt":{"rendered":"<p>Iskolai K\u00f6z\u00f6ss\u00e9gi Szolg\u00e1lat felh\u00edv\u00e1s! T\u00f6lts el egy szuper p\u00e1r \u00f3r\u00e1t sportos k\u00f6zegben a Bozsik fesztiv\u00e1lokon\/torn\u00e1kon a Kelen SC-n\u00e9l! N\u00e9zd meg, hogyan is m\u0171k\u00f6dik, \u00e9s legy\u00e9l r\u00e9szese Te is a programnak! Cser\u00e9be a k\u00f6z\u00f6ss\u00e9gi szolg\u00e1latos napl\u00f3dba leigazoljuk a szolg\u00e1latot, ezzel nem csak magadnak seg\u00edtesz, de a gyerekekkel val\u00f3 k\u00f6z\u00f6s program is biztosan feldobja a napot! \ud83d\ude42&#8230;<\/p>\n","protected":false},"author":13,"featured_media":12071,"comment_status":"open","ping_status":"open","sticky":false,"template":"","format":"standard","meta":{"inline_featured_image":false,"_exactmetrics_skip_tracking":false,"_exactmetrics_sitenote_active":false,"_exactmetrics_sitenote_note":"","_exactmetrics_sitenote_category":0,"footnotes":""},"categories":[1],"tags":[],"_links":{"self":[{"href":"https:\/\/kelensc.hu\/index.php\/wp-json\/wp\/v2\/posts\/12070"}],"collection":[{"href":"https:\/\/kelensc.hu\/index.php\/wp-json\/wp\/v2\/posts"}],"about":[{"href":"https:\/\/kelensc.hu\/index.php\/wp-json\/wp\/v2\/types\/post"}],"author":[{"embeddable":true,"href":"https:\/\/kelensc.hu\/index.php\/wp-json\/wp\/v2\/users\/13"}],"replies":[{"embeddable":true,"href":"https:\/\/kelensc.hu\/index.php\/wp-json\/wp\/v2\/comments?post=12070"}],"version-history":[{"count":3,"href":"https:\/\/kelensc.hu\/index.php\/wp-json\/wp\/v2\/posts\/12070\/revisions"}],"predecessor-version":[{"id":12810,"href":"https:\/\/kelensc.hu\/index.php\/wp-json\/wp\/v2\/posts\/12070\/revisions\/12810"}],"wp:featuredmedia":[{"embeddable":true,"href":"https:\/\/kelensc.hu\/index.php\/wp-json\/wp\/v2\/media\/12071"}],"wp:attachment":[{"href":"https:\/\/kelensc.hu\/index.php\/wp-json\/wp\/v2\/media?parent=12070"}],"wp:term":[{"taxonomy":"category","embeddable":true,"href":"https:\/\/kelensc.hu\/index.php\/wp-json\/wp\/v2\/categories?post=12070"},{"taxonomy":"post_tag","embeddable":true,"href":"https:\/\/kelensc.hu\/index.php\/wp-json\/wp\/v2\/tags?post=12070"}],"curies":[{"name":"wp","href":"https:\/\/api.w.org\/{rel}","templated":true}]}}