{"id":12061,"date":"2019-03-25T11:41:56","date_gmt":"2019-03-25T11:41:56","guid":{"rendered":"http:\/\/kelensc.hu\/?p=12061"},"modified":"2019-03-25T11:43:26","modified_gmt":"2019-03-25T11:43:26","slug":"20-fordulo-felnott-i","status":"publish","type":"post","link":"https:\/\/kelensc.hu\/index.php\/20-fordulo-felnott-i\/","title":{"rendered":"20. Fordul\u00f3 (Feln\u0151tt I.)"},"content":{"rendered":"<h4><span style=\"color: #000000;\">Na v\u00e9gre!<\/span><\/h4>\n<p><span style=\"color: #000000;\">2019.03.23. szombat 11:00, III.ker.TVE p\u00e1lya, 100 n\u00e9z\u0151<\/span><\/p>\n<div class=\"text_exposed_show\">\n<p><span style=\"color: #000000;\">20.fordul\u00f3<\/span><\/p>\n<p><span style=\"color: #000000;\">Unione FC \u2013 Kelen SC 0:2 (0:2)<\/span><\/p>\n<p>&nbsp;<\/p>\n<p><span style=\"color: #000000;\"><span class=\"_5mfr\"><span class=\"_6qdm\">\u26bd\ufe0f<\/span><\/span>G.: Balogh B. (15\u2019), Ko\u00f3s B. (31\u2019)<\/span><\/p>\n<p><span style=\"color: #000000;\"><span class=\"_5mfr\"><span class=\"_6qdm\">?<\/span><\/span>S.: Szab\u00f3 T. (36\u2019), Kopl\u00e1nyi G. (70\u2019) ill., Alex V.D.A. (51\u2019), Krajnc B. (63\u2019), K\u00e1d\u00e1r M. (70\u2019), Balogh B. (80\u2019)<\/span><\/p>\n<p><span style=\"color: #000000;\"><span class=\"_5mfr\"><span class=\"_6qdm\">?<\/span><\/span>P.: Feh\u00e9r Cs. (66\u2019)<\/span><\/p>\n<p>&nbsp;<\/p>\n<p><span style=\"color: #000000;\"><span class=\"_5mfr\"><span class=\"_6qdm\">?<\/span><\/span>\u00d6ssze\u00e1ll\u00edt\u00e1s: Ha\u00e1la K. \u2013 Egyed B., Alex V.D.A., M\u00f3dly M. \u2013 Szab\u00f3 B., R\u0151thy M., Ko\u00f3s B., Krajnc B., K\u00e1d\u00e1r M. \u2013 Balogh B., Kiss G.<\/span><\/p>\n<p><span style=\"color: #000000;\">Cser\u00e9k: Major Cs., Bak\u00f3 K., Zsibor\u00e1s Z., Csabai T., Moldov\u00e1n L., Marosi K., Kun B.<\/span><\/p>\n<p>&nbsp;<\/p>\n<p><span style=\"color: #000000;\"><span class=\"_5mfr\"><span class=\"_6qdm\">?<\/span><\/span>Harmati Tam\u00e1s, vezet\u0151edz\u0151:<\/span><\/p>\n<p><em><span style=\"color: #000000;\">Nagyon v\u00e1rtuk m\u00e1r ezt a m\u00e9rk\u0151z\u00e9st \u00e9s ez l\u00e1tsz\u00f3dott is a fi\u00fakon eg\u00e9sz h\u00e9ten, az edz\u00e9seken. Ez a fajta elsz\u00e1nts\u00e1g, hozz\u00e1\u00e1ll\u00e1s hajtott benn\u00fcnket v\u00e9gig a 90 perc sor\u00e1n.<\/span><\/em><\/p>\n<p><em><span style=\"color: #000000;\">Az els\u0151 f\u00e9lid\u0151nk tal\u00e1n az idei legjobb volt, egyed\u00fcl a kihagyott nagy lehet\u0151s\u00e9gek miatt lehett\u00fcnk bossz\u00fasak. A k\u00e9t szerzett g\u00f3l mellett h\u00e9t komoly lehet\u0151s\u00e9get is siker\u00fclt kidolgozni, \u00edgy teljesen le tudtuk volna z\u00e1rni a m\u00e9rk\u0151z\u00e9st, ha jobb d\u00f6nt\u00e9seket \u00e9s megold\u00e1sokat v\u00e1lasztunk a hazaiak kapuja el\u0151tt, de nem \u00edgy t\u00f6rt\u00e9nt.<\/span><\/em><\/p>\n<p><em><span style=\"color: #000000;\">A m\u00e1sodik f\u00e9lid\u0151 elej\u00e9n az Unione FC az\u00e9rt megmutatta, hogy mi\u00e9rt is \u00e1llnak a vesztett pontok tekintet\u00e9ben az els\u0151 helyen, de ebben az id\u0151szakban is stabilan \u00e1lltunk, \u00edgy nem tudtak sz\u00e9p\u00edteni \u00e9s felz\u00e1rk\u00f3zni sem. A ki\u00e1ll\u00edt\u00e1s ut\u00e1n pedig nagyon j\u00f3l haszn\u00e1ltuk a ter\u00fcleteket, j\u00f3l birtokoltuk a labd\u00e1t \u00e9s t\u00f6bb vesz\u00e9lyes t\u00e1mad\u00e1sunk is volt, de az eredm\u00e9ny m\u00e1r nem v\u00e1ltozott.<\/span><\/em><\/p>\n<p><em><span style=\"color: #000000;\">Nagyon b\u00fcszke vagyok a csapatomra, v\u00e9gig nagyon koncentr\u00e1ltak \u00e9s szervezettek voltunk, meg\u00e9rdemelten siker\u00fclt v\u00e9gre legy\u0151zn\u00fcnk a \u201emumusunkat\u201d.<\/span><\/em><\/p>\n<p><em><span style=\"color: #000000;\">Gratul\u00e1lok az eg\u00e9sz Csapatnak!<\/span><\/em><\/p>\n<p><a href=\"http:\/\/kelensc.hu\/wp-content\/uploads\/2019\/03\/55600701_2086816548040288_2544568252281913344_n.jpg\"><img decoding=\"async\" loading=\"lazy\" class=\"alignnone size-full wp-image-12062\" src=\"http:\/\/kelensc.hu\/wp-content\/uploads\/2019\/03\/55600701_2086816548040288_2544568252281913344_n.jpg\" alt=\"\" width=\"719\" height=\"611\" srcset=\"https:\/\/kelensc.hu\/wp-content\/uploads\/2019\/03\/55600701_2086816548040288_2544568252281913344_n.jpg 719w, https:\/\/kelensc.hu\/wp-content\/uploads\/2019\/03\/55600701_2086816548040288_2544568252281913344_n-382x325.jpg 382w, https:\/\/kelensc.hu\/wp-content\/uploads\/2019\/03\/55600701_2086816548040288_2544568252281913344_n-641x545.jpg 641w, https:\/\/kelensc.hu\/wp-content\/uploads\/2019\/03\/55600701_2086816548040288_2544568252281913344_n-300x255.jpg 300w, https:\/\/kelensc.hu\/wp-content\/uploads\/2019\/03\/55600701_2086816548040288_2544568252281913344_n-100x85.jpg 100w, https:\/\/kelensc.hu\/wp-content\/uploads\/2019\/03\/55600701_2086816548040288_2544568252281913344_n-50x42.jpg 50w, https:\/\/kelensc.hu\/wp-content\/uploads\/2019\/03\/55600701_2086816548040288_2544568252281913344_n-25x21.jpg 25w\" sizes=\"(max-width: 719px) 100vw, 719px\" \/><\/a><\/p>\n<p><span style=\"color: #000000;\">Hajr\u00e1 Kelen!<span class=\"_5mfr\"><span class=\"_6qdm\">?<\/span><\/span><\/span><\/p>\n<\/div>\n","protected":false},"excerpt":{"rendered":"<p>Na v\u00e9gre! 2019.03.23. szombat 11:00, III.ker.TVE p\u00e1lya, 100 n\u00e9z\u0151 20.fordul\u00f3 Unione FC \u2013 Kelen SC 0:2 (0:2) &nbsp; \u26bd\ufe0fG.: Balogh B. (15\u2019), Ko\u00f3s B. (31\u2019) ?S.: Szab\u00f3 T. (36\u2019), Kopl\u00e1nyi G. (70\u2019) ill., Alex V.D.A. (51\u2019), Krajnc B. (63\u2019), K\u00e1d\u00e1r M. (70\u2019), Balogh B. (80\u2019) ?P.: Feh\u00e9r Cs. (66\u2019) &nbsp; ?\u00d6ssze\u00e1ll\u00edt\u00e1s: Ha\u00e1la K. \u2013 Egyed&#8230;<\/p>\n","protected":false},"author":13,"featured_media":12062,"comment_status":"open","ping_status":"open","sticky":false,"template":"","format":"standard","meta":{"inline_featured_image":false,"_exactmetrics_skip_tracking":false,"_exactmetrics_sitenote_active":false,"_exactmetrics_sitenote_note":"","_exactmetrics_sitenote_category":0,"footnotes":""},"categories":[11],"tags":[],"_links":{"self":[{"href":"https:\/\/kelensc.hu\/index.php\/wp-json\/wp\/v2\/posts\/12061"}],"collection":[{"href":"https:\/\/kelensc.hu\/index.php\/wp-json\/wp\/v2\/posts"}],"about":[{"href":"https:\/\/kelensc.hu\/index.php\/wp-json\/wp\/v2\/types\/post"}],"author":[{"embeddable":true,"href":"https:\/\/kelensc.hu\/index.php\/wp-json\/wp\/v2\/users\/13"}],"replies":[{"embeddable":true,"href":"https:\/\/kelensc.hu\/index.php\/wp-json\/wp\/v2\/comments?post=12061"}],"version-history":[{"count":2,"href":"https:\/\/kelensc.hu\/index.php\/wp-json\/wp\/v2\/posts\/12061\/revisions"}],"predecessor-version":[{"id":12064,"href":"https:\/\/kelensc.hu\/index.php\/wp-json\/wp\/v2\/posts\/12061\/revisions\/12064"}],"wp:featuredmedia":[{"embeddable":true,"href":"https:\/\/kelensc.hu\/index.php\/wp-json\/wp\/v2\/media\/12062"}],"wp:attachment":[{"href":"https:\/\/kelensc.hu\/index.php\/wp-json\/wp\/v2\/media?parent=12061"}],"wp:term":[{"taxonomy":"category","embeddable":true,"href":"https:\/\/kelensc.hu\/index.php\/wp-json\/wp\/v2\/categories?post=12061"},{"taxonomy":"post_tag","embeddable":true,"href":"https:\/\/kelensc.hu\/index.php\/wp-json\/wp\/v2\/tags?post=12061"}],"curies":[{"name":"wp","href":"https:\/\/api.w.org\/{rel}","templated":true}]}}