{"id":12037,"date":"2019-03-24T10:38:58","date_gmt":"2019-03-24T10:38:58","guid":{"rendered":"http:\/\/kelensc.hu\/?p=12037"},"modified":"2019-03-24T15:58:54","modified_gmt":"2019-03-24T15:58:54","slug":"a-futball-osszekot-mindenkit","status":"publish","type":"post","link":"https:\/\/kelensc.hu\/index.php\/a-futball-osszekot-mindenkit\/","title":{"rendered":"A Futball \u00f6sszek\u00f6t Mindenkit!"},"content":{"rendered":"<h4><span style=\"color: #000000;\">A Futball \u00f6sszek\u00f6t Mindenkit!<\/span><\/h4>\n<h6><span style=\"color: #000000;\">Gy\u00f6ny\u00f6r\u0171 sz\u00e9p tavaszi napon utazhatott Telkibe 8 j\u00e1t\u00e9kos a Kelen SC-t\u0151l. A j\u00e1t\u00e9kosok az \u00e9ves edz\u00e9sl\u00e1togatotts\u00e1g, \u00e9s edz\u00e9steljes\u00edtm\u00e9ny alapj\u00e1n ker\u00fcltek kiv\u00e1laszt\u00e1sra, \u00edgy ker\u00fclhettek k\u00f6zel a Magyar V\u00e1logatott j\u00e1t\u00e9kosaihoz, edz\u0151j\u00e9hez \u00e9s a st\u00e1btagokhoz, akik sz\u00edvesen fogadt\u00e1k \u0151ket m\u00e9g a p\u00e1ly\u00e1n is.\u00a0<\/span><\/h6>\n<p><a href=\"http:\/\/kelensc.hu\/wp-content\/uploads\/2019\/03\/20190323_113505.jpg\"><img decoding=\"async\" loading=\"lazy\" class=\"alignnone size-full wp-image-12044\" src=\"http:\/\/kelensc.hu\/wp-content\/uploads\/2019\/03\/20190323_113505.jpg\" alt=\"\" width=\"4128\" height=\"2006\" srcset=\"https:\/\/kelensc.hu\/wp-content\/uploads\/2019\/03\/20190323_113505.jpg 4128w, https:\/\/kelensc.hu\/wp-content\/uploads\/2019\/03\/20190323_113505-382x186.jpg 382w, https:\/\/kelensc.hu\/wp-content\/uploads\/2019\/03\/20190323_113505-641x311.jpg 641w, https:\/\/kelensc.hu\/wp-content\/uploads\/2019\/03\/20190323_113505-300x146.jpg 300w, https:\/\/kelensc.hu\/wp-content\/uploads\/2019\/03\/20190323_113505-768x373.jpg 768w, https:\/\/kelensc.hu\/wp-content\/uploads\/2019\/03\/20190323_113505-1024x498.jpg 1024w, https:\/\/kelensc.hu\/wp-content\/uploads\/2019\/03\/20190323_113505-100x49.jpg 100w, https:\/\/kelensc.hu\/wp-content\/uploads\/2019\/03\/20190323_113505-50x24.jpg 50w, https:\/\/kelensc.hu\/wp-content\/uploads\/2019\/03\/20190323_113505-25x12.jpg 25w\" sizes=\"(max-width: 4128px) 100vw, 4128px\" \/><\/a><\/p>\n<h6><span style=\"color: #000000;\">A Kelen SC kerete: Moln\u00e1r Martin (U7 Z\u00f6ld), Vank\u00f3 D\u00e1vid (U7 Z\u00f6ld), Kopl\u00e1nyi Attila (U8 Z\u00f6ld), Sulija Nimr\u00f3d (U8 Z\u00f6ld), Lakatos Barnab\u00e1s (U9 Z\u00f6ld), Nemes M\u00f3r (U9 Z\u00f6ld), Konkoly Mil\u00e1n (U10 Z\u00f6ld), Miller D\u00e1vid (U10 Z\u00f6ld)<\/span><\/h6>\n<p><span style=\"color: #000000;\">Csod\u00e1latos tavaszi napon t\u00f6lt\u00f6tt\u00fcnk k\u00f6zel 2 \u00f3r\u00e1t Telkiben, ahol a j\u00e1t\u00e9kosokra sz\u00e1mos meglepet\u00e9s v\u00e1rt. M\u00e9g mi sem tudtuk, hogyan is alakul a teljes program, csak annyit, hogy belen\u00e9zhet\u00fcnk az edz\u00e9sbe, amikor a Sajt\u00f3 is kint van, illetve amikor edz\u00e9s v\u00e9g\u00e9n \u00e9rkeznek be a j\u00e1t\u00e9kosok, akkor elcs\u00edphetj\u00fck \u0151ket egy-egy al\u00e1\u00edr\u00e1sra, s tal\u00e1n fot\u00f3ra is. M\u00e1r ez a lehet\u0151s\u00e9g is hatalmas \u00e9lm\u00e9ny volt sz\u00e1mukra, s mindenki izgatottan v\u00e1rta a tal\u00e1lkoz\u00f3t. A Globall Hotel aul\u00e1j\u00e1ban v\u00e1rakoztunk, ahol a j\u00e1t\u00e9kosaink hamar \u00f6ssze is bar\u00e1tkoztak egym\u00e1ssal, hiszen nem csak a Futball, de a Kelen is \u00f6sszek\u00f6ti \u0151ket. A nagy besz\u00e9lget\u00e9sek, focis k\u00e1rtya album n\u00e9zeget\u00e9s k\u00f6zben egyszer csak a l\u00e9pcs\u0151n \u00e9szrevett\u00fcnk n\u00e9h\u00e1ny j\u00e1t\u00e9kost a Magyar V\u00e1logatottb\u00f3l. Szalai \u00c1d\u00e1m k\u00f6zvetlens\u00e9ge nagyon b\u00e1tor\u00edt\u00f3 volt, odaj\u00f6tt a sr\u00e1cokhoz, lepacsizott mindenkivel az aul\u00e1ban, \u00e9s egy &#8222;tiszteletbeli&#8221; megh\u00edv\u00f3t k\u00fcld\u00f6tt a sr\u00e1coknak, hogy majd a p\u00e1ly\u00e1n tal\u00e1lkozunk, ugye, s focizni invit\u00e1lta \u0151ket. Ekkor m\u00e9g senki nem sejtette, hogy ez val\u00f3s\u00e1g is lesz.<\/span><br \/>\n<span style=\"color: #000000;\">&#8211; Itt az id\u0151! &#8211; gondoltuk, s fut\u00f3l\u00e9p\u00e9sben elindultunk a lel\u00e1t\u00f3ra, hogy az aj\u00e1nd\u00e9kba kapott 15 percet megtekints\u00fck az edz\u00e9s\u00fckb\u0151l. E k\u00f6zben l\u00e1ttunk nagyon sok fot\u00f3st, kamer\u00e1st, akik a m\u00e9dia alkalmazottai voltak, hiszen ut\u00e1na sajt\u00f3t\u00e1j\u00e9koztat\u00f3 is k\u00f6vetkezett. Folytatva az edz\u00e9s megtekint\u00e9s\u00e9t, a n\u00e1lunk is sokat j\u00e1tszott &#8222;cica&#8221; j\u00e1t\u00e9kkal meleg\u00edtettek be a j\u00e1t\u00e9kosok, majd amikor m\u00e1r a 15. perchez \u00e9rkezt\u00fcnk, egyszer csak azt halljuk, hogy a sr\u00e1cokat h\u00edvj\u00e1k be a p\u00e1ly\u00e1ra. Azt hiszem innent\u0151l kezdve volt igaz\u00e1n nagy \u00e9lm\u00e9ny a sr\u00e1coknak, hiszen el\u00e9rkezett a Futball ideje. Besz\u00e1llhattak a cic\u00e1s j\u00e1t\u00e9kba, majd l\u0151hettek Gul\u00e1csinak is g\u00f3lt. Nagyj\u00e1b\u00f3l 20 percet t\u00f6lt\u00f6ttek egy\u00fctt a kicsik a &#8222;Nagyokkal&#8221;, ahogy az U7-esek megfogalmazt\u00e1k. \ud83d\ude42<\/span><\/p>\n<p><a href=\"http:\/\/kelensc.hu\/wp-content\/uploads\/2019\/03\/20190323_114558.jpg\"><img decoding=\"async\" loading=\"lazy\" class=\"alignnone size-full wp-image-12039\" src=\"http:\/\/kelensc.hu\/wp-content\/uploads\/2019\/03\/20190323_114558.jpg\" alt=\"\" width=\"4128\" height=\"2006\" srcset=\"https:\/\/kelensc.hu\/wp-content\/uploads\/2019\/03\/20190323_114558.jpg 4128w, https:\/\/kelensc.hu\/wp-content\/uploads\/2019\/03\/20190323_114558-382x186.jpg 382w, https:\/\/kelensc.hu\/wp-content\/uploads\/2019\/03\/20190323_114558-641x311.jpg 641w, https:\/\/kelensc.hu\/wp-content\/uploads\/2019\/03\/20190323_114558-300x146.jpg 300w, https:\/\/kelensc.hu\/wp-content\/uploads\/2019\/03\/20190323_114558-768x373.jpg 768w, https:\/\/kelensc.hu\/wp-content\/uploads\/2019\/03\/20190323_114558-1024x498.jpg 1024w, https:\/\/kelensc.hu\/wp-content\/uploads\/2019\/03\/20190323_114558-100x49.jpg 100w, https:\/\/kelensc.hu\/wp-content\/uploads\/2019\/03\/20190323_114558-50x24.jpg 50w, https:\/\/kelensc.hu\/wp-content\/uploads\/2019\/03\/20190323_114558-25x12.jpg 25w\" sizes=\"(max-width: 4128px) 100vw, 4128px\" \/><\/a><\/p>\n<p><span style=\"color: #000000;\">Az edz\u00e9s ut\u00e1n az aul\u00e1ban v\u00e1rtuk a j\u00e1t\u00e9kosokat, h\u00e1tha elcs\u00edpj\u00fck \u0151ket egy fot\u00f3ra. Marco Rossi \u00e9rkezett \u00e9ppen, a sr\u00e1cok b\u00e1tran mentek oda hozz\u00e1, hogy \u00e1tadj\u00e1k a Kelen SC aj\u00e1nd\u00e9k\u00e1t, egy z\u00e1szl\u00f3t, majd sz\u00f3ba elegyedtek egym\u00e1ssal tolm\u00e1cs seg\u00edts\u00e9g\u00e9vel. Marco Rossi l\u00e1that\u00f3an felvidult a gyerekek l\u00e1tt\u00e1n, aminek nagyon \u00f6r\u00fclt\u00fcnk mi is.\u00a0<\/span><br \/>\n<span style=\"color: #000000;\">A folyos\u00f3n siker\u00fclt sok j\u00e1t\u00e9kossal k\u00e9sz\u00edteni k\u00f6z\u00f6s k\u00e9pet, autogrammot k\u00e9rni, \u00e9s kicsit besz\u00e9lgetni is, majd a sr\u00e1coknak a program v\u00e9g\u00e9hez k\u00f6zeledve Czuppon P\u00e9ter \u00e1tny\u00fajtott egy kis aj\u00e1nd\u00e9kcsomagot. Nagyon k\u00f6sz\u00f6nj\u00fck Neki a lehet\u0151s\u00e9get, a j\u00e1t\u00e9kosainknak ez egy Nagy Nap volt az \u00e9let\u00fckben, s rem\u00e9lj\u00fck, hogy sok kis focista pal\u00e1nt\u00e1nak megmutathattuk, hogy \u00e9rdemes edz\u00e9seken itt lenni, hiszen nem csak fejl\u0151dni lehet, hanem olyan \u00e9lm\u00e9nyekben is r\u00e9szes\u00fclni, mint ez a mai.\u00a0<\/span><\/p>\n<p>A Nemzeti Sport 2019.03.24-ei sz\u00e1m\u00e1ban megjelen\u0151 cikk:<\/p>\n<p><a href=\"http:\/\/kelensc.hu\/wp-content\/uploads\/2019\/03\/20190324_104032.jpg\"><img decoding=\"async\" loading=\"lazy\" class=\"alignnone size-full wp-image-12043\" src=\"http:\/\/kelensc.hu\/wp-content\/uploads\/2019\/03\/20190324_104032.jpg\" alt=\"\" width=\"3377\" height=\"2006\" srcset=\"https:\/\/kelensc.hu\/wp-content\/uploads\/2019\/03\/20190324_104032.jpg 3377w, https:\/\/kelensc.hu\/wp-content\/uploads\/2019\/03\/20190324_104032-382x227.jpg 382w, https:\/\/kelensc.hu\/wp-content\/uploads\/2019\/03\/20190324_104032-641x381.jpg 641w, https:\/\/kelensc.hu\/wp-content\/uploads\/2019\/03\/20190324_104032-300x178.jpg 300w, https:\/\/kelensc.hu\/wp-content\/uploads\/2019\/03\/20190324_104032-768x456.jpg 768w, https:\/\/kelensc.hu\/wp-content\/uploads\/2019\/03\/20190324_104032-1024x608.jpg 1024w, https:\/\/kelensc.hu\/wp-content\/uploads\/2019\/03\/20190324_104032-100x59.jpg 100w, https:\/\/kelensc.hu\/wp-content\/uploads\/2019\/03\/20190324_104032-50x30.jpg 50w, https:\/\/kelensc.hu\/wp-content\/uploads\/2019\/03\/20190324_104032-25x15.jpg 25w\" sizes=\"(max-width: 3377px) 100vw, 3377px\" \/><\/a><\/p>\n<p>&nbsp;<\/p>\n<p>Ezzel a kis vide\u00f3val k\u00e9sz\u00fclt\u00fcnk az ott elt\u00f6lt\u00f6tt id\u0151szakr\u00f3l:<\/p>\n<div class=\"bt-video-container\"><iframe loading=\"lazy\" title=\"A Futball \u00f6sszek\u00f6t Mindenkit! - Magyar V\u00e1logatott - Kelen SC - Telki\" width=\"1200\" height=\"675\" src=\"https:\/\/www.youtube.com\/embed\/tLWJFr2UkL4?feature=oembed\" frameborder=\"0\" allow=\"accelerometer; autoplay; encrypted-media; gyroscope; picture-in-picture\" allowfullscreen><\/iframe><\/div>\n<p>&nbsp;<\/p>\n<p>Tov\u00e1bbi megjelen\u0151 cikkek (forr\u00e1s: nemzetisport.hu)<\/p>\n<p><a href=\"http:\/\/www.nemzetisport.hu\/galeria\/valogatott-edzes-telki-marcius-23--1461\">http:\/\/www.nemzetisport.hu\/galeria\/valogatott-edzes-telki-marcius-23&#8211;1461<\/a><\/p>\n<p><a href=\"https:\/\/valogatott.mlsz.hu\/ferfi-a-valogatott\/hir\/csapat\/willi-orban-csak-egyutt-lehetunk-sikeresek\">https:\/\/valogatott.mlsz.hu\/ferfi-a-valogatott\/hir\/csapat\/willi-orban-csak-egyutt-lehetunk-sikeresek<\/a><\/p>\n<p>Tov\u00e1bbi teljes k\u00e9pgal\u00e9ria itt \u00e9rhet\u0151 el:<\/p>\n<p><a href=\"https:\/\/drive.google.com\/folderview?id=1RgUGV_gUnsRT6R5GtFGWFBFmJrA5VBjD\">https:\/\/drive.google.com\/folderview?id=1RgUGV_gUnsRT6R5GtFGWFBFmJrA5VBjD<\/a><\/p>\n<p>&nbsp;<\/p>\n<p><strong><span style=\"color: #000000;\">HAJR\u00c1 MAGYARORSZ\u00c1G!<\/span><\/strong><\/p>\n<p style=\"text-align: right;\">(G\u00f6r\u00f6g Em\u00edlia At\u00e9n\u00e9)<\/p>\n","protected":false},"excerpt":{"rendered":"<p>A Futball \u00f6sszek\u00f6t Mindenkit! Gy\u00f6ny\u00f6r\u0171 sz\u00e9p tavaszi napon utazhatott Telkibe 8 j\u00e1t\u00e9kos a Kelen SC-t\u0151l. A j\u00e1t\u00e9kosok az \u00e9ves edz\u00e9sl\u00e1togatotts\u00e1g, \u00e9s edz\u00e9steljes\u00edtm\u00e9ny alapj\u00e1n ker\u00fcltek kiv\u00e1laszt\u00e1sra, \u00edgy ker\u00fclhettek k\u00f6zel a Magyar V\u00e1logatott j\u00e1t\u00e9kosaihoz, edz\u0151j\u00e9hez \u00e9s a st\u00e1btagokhoz, akik sz\u00edvesen fogadt\u00e1k \u0151ket m\u00e9g a p\u00e1ly\u00e1n is.\u00a0 A Kelen SC kerete: Moln\u00e1r Martin (U7 Z\u00f6ld), Vank\u00f3 D\u00e1vid (U7&#8230;<\/p>\n","protected":false},"author":13,"featured_media":12044,"comment_status":"open","ping_status":"open","sticky":false,"template":"","format":"standard","meta":{"inline_featured_image":false,"_exactmetrics_skip_tracking":false,"_exactmetrics_sitenote_active":false,"_exactmetrics_sitenote_note":"","_exactmetrics_sitenote_category":0,"footnotes":""},"categories":[1],"tags":[],"_links":{"self":[{"href":"https:\/\/kelensc.hu\/index.php\/wp-json\/wp\/v2\/posts\/12037"}],"collection":[{"href":"https:\/\/kelensc.hu\/index.php\/wp-json\/wp\/v2\/posts"}],"about":[{"href":"https:\/\/kelensc.hu\/index.php\/wp-json\/wp\/v2\/types\/post"}],"author":[{"embeddable":true,"href":"https:\/\/kelensc.hu\/index.php\/wp-json\/wp\/v2\/users\/13"}],"replies":[{"embeddable":true,"href":"https:\/\/kelensc.hu\/index.php\/wp-json\/wp\/v2\/comments?post=12037"}],"version-history":[{"count":9,"href":"https:\/\/kelensc.hu\/index.php\/wp-json\/wp\/v2\/posts\/12037\/revisions"}],"predecessor-version":[{"id":12053,"href":"https:\/\/kelensc.hu\/index.php\/wp-json\/wp\/v2\/posts\/12037\/revisions\/12053"}],"wp:featuredmedia":[{"embeddable":true,"href":"https:\/\/kelensc.hu\/index.php\/wp-json\/wp\/v2\/media\/12044"}],"wp:attachment":[{"href":"https:\/\/kelensc.hu\/index.php\/wp-json\/wp\/v2\/media?parent=12037"}],"wp:term":[{"taxonomy":"category","embeddable":true,"href":"https:\/\/kelensc.hu\/index.php\/wp-json\/wp\/v2\/categories?post=12037"},{"taxonomy":"post_tag","embeddable":true,"href":"https:\/\/kelensc.hu\/index.php\/wp-json\/wp\/v2\/tags?post=12037"}],"curies":[{"name":"wp","href":"https:\/\/api.w.org\/{rel}","templated":true}]}}